{"id":265875,"date":"2025-07-22T15:26:18","date_gmt":"2025-07-22T15:26:18","guid":{"rendered":"https:\/\/www.europesays.com\/fr\/265875\/"},"modified":"2025-07-22T15:26:18","modified_gmt":"2025-07-22T15:26:18","slug":"adultere-au-concert-de-coldplay-lanimatrice-faustine-bollaert-melee-a-laffaire","status":"publish","type":"post","link":"https:\/\/www.europesays.com\/fr\/265875\/","title":{"rendered":"Adult\u00e8re au concert de Coldplay\u00a0: l\u2019animatrice Faustine Bollaert m\u00eal\u00e9e \u00e0 l\u2019affaire"},"content":{"rendered":"<p>      R\u00e9sum\u00e9<\/p>\n<p>Un PDG et sa DRH ont \u00e9t\u00e9 pris en flagrant d\u00e9lit d&rsquo;adult\u00e8re lors d&rsquo;un concert de Coldplay le 19 juillet. Depuis, sur les r\u00e9seaux sociaux, les internautes s&rsquo;amusent beaucoup.<\/p>\n<p>        Sommaire<\/p>\n<p>Le groupe Coldplay poursuit <strong>sa tourn\u00e9e mondiale<\/strong> qui affiche \u00ab\u00a0complet\u00a0\u00bb. Avant de s&rsquo;installer \u00e0 Londres pour plusieurs dates, c&rsquo;est aux \u00c9tats-Unis que <a href=\"https:\/\/www.public.fr\/coldplay-apres-ladultere-revele-en-plein-concert-chris-martin-prend-une-decision-radicale\" target=\"_blank\" rel=\"noopener\">Chris Martin et ses acolytes<\/a> font actuellement le show. Ainsi, ce 22\u00a0juillet, les Britanniques sont attendus \u00e0 <strong>Nashville<\/strong> avant deux concerts \u00e0 Miami en Floride. Nul doute que la bande <strong>ne risque pas d&rsquo;oublier <\/strong>son passage dans le pays de l&rsquo;oncle Sam. Et pour cause\u2026 Depuis plusieurs jours, tout le monde ne parle que du <a href=\"https:\/\/www.public.fr\/coldplay-apres-la-revelation-de-son-adultere-en-plein-concert-le-pdg-grille-publie-un-communique-lunaire\" target=\"_blank\" rel=\"noopener\">spectacle de Coldplay <strong>\u00e0 Madison<\/strong><\/a><strong>, dans le Wisconsin<\/strong>. C&rsquo;\u00e9tait ce samedi 19\u00a0juillet.<\/p>\n<p>On ne le sait, <strong>les Am\u00e9ricains sont f\u00e9rus de \u00ab\u00a0Kiss Cam\u00a0\u00bb<\/strong>. Le principe\u00a0? La cam\u00e9ra balaye le public et s&rsquo;arr\u00eate sur deux personnes qui semblent en couple. Une fois vis\u00e9s, <strong>les deux tourtereaux doivent alors s&#8217;embrasser<\/strong> aux yeux de tous. Malheureusement, tout ne s&rsquo;est pas pass\u00e9 comme pr\u00e9vu ce soir-l\u00e0 car, bien qu&rsquo;enlac\u00e9s, <a href=\"https:\/\/www.public.fr\/concert-de-coldplay-un-celebre-chef-dentreprise-grille-en-train-de-tromper-sa-femme-avec-une-collegue-la-video-fait-le-buzz\" target=\"_blank\" rel=\"noopener\">Andy Byron et Kristin Cabot<\/a> ne sont pas cens\u00e9s \u00eatre ensemble. Lui est PDG de la soci\u00e9t\u00e9 Astronomer et elle la DRH du groupe et tous les deux sont<strong> d\u00e9j\u00e0 mari\u00e9s.<\/strong><\/p>\n<p>Malheureusement, au lieu de faire comme si de rien n&rsquo;\u00e9tait, <strong>Monsieur s&rsquo;est accroupi<\/strong> au sol et <strong>Madame s&rsquo;est retourn\u00e9e<\/strong> avant de prendre la poudre d&rsquo;escampette. Sur sc\u00e8ne, <a href=\"https:\/\/www.public.fr\/coldplay-chris-martin-tombe-dans-une-trappe-en-plein-concert-la-chute-spectaculaire\" target=\"_blank\" rel=\"noopener\">le leader du groupe<\/a> a l\u00e2ch\u00e9\u00a0: \u00ab\u00a0Waouh, regardez-moi ces deux-l\u00e0\u00a0! Soit ils ont une liaison, soit ils sont juste tr\u00e8s timides\u00a0\u00bb. Face \u00e0 l\u2019ampleur de la pol\u00e9mique et \u00e0 ce <strong>flagrant d\u00e9lit d&rsquo;adult\u00e8re<\/strong>, la chef d&rsquo;entreprise a d\u00e9cid\u00e9 de d\u00e9missionner.<\/p>\n<blockquote class=\"twitter-tweet\">\n<p>Coldplay accidentally exposed an alleged affair between Astronomer CEO Andy Byron and his colleague Kristin Cabot at one of their recent concerts. <a href=\"https:\/\/t.co\/hsJHV2u5UM\">pic.twitter.com\/hsJHV2u5UM<\/a><\/p>\n<p>\u2014 Pop Base (@PopBase) <a href=\"https:\/\/twitter.com\/PopBase\/status\/1945847414801264788?ref_src=twsrc%5Etfw\" target=\"_blank\" rel=\"noopener\">July 17, 2025<\/a><\/p><\/blockquote>\n<p>Adult\u00e8re au concert de Coldplay\u00a0: Faustine Bollaert amus\u00e9e<\/p>\n<p>Depuis cette \u00ab\u00a0affaire\u00a0\u00bb, on ne compte plus <strong>le nombre d&rsquo;images qui ont \u00e9t\u00e9 d\u00e9tourn\u00e9es<\/strong> par des internautes qui ne manquent pas d&rsquo;imagination. Idem en France o\u00f9 un petit plaisantin a d\u00e9cid\u00e9 d&rsquo;associer le couple pris en flagrant d\u00e9lit d&rsquo;adult\u00e8re \u00e0\u2026 Faustine Bollaert. En effet, comme <a href=\"https:\/\/www.google.com\/url?sa=t&amp;source=web&amp;rct=j&amp;opi=89978449&amp;url=https:\/\/vsd.fr\/84650-faustine-bollaert-et-maxime-chattam-viennent-ils-de-dementir-leur-rupture-au-beau-milieu-de-lanniversaire-de-leur-fille\/&amp;ved=2ahUKEwiilO-jrtCOAxWKcKQEHfeDI88QFnoECBUQAQ&amp;usg=AOvVaw0X-BxywDZ_9je-jZ4QhGue\" target=\"_blank\" rel=\"noopener\">la maman d&rsquo;Abbie et Peter <\/a>pr\u00e9sente sur France 2 l&rsquo;\u00e9mission \u00ab\u00a0\u00c7a commence aujourd&rsquo;hui\u00a0\u00bb depuis 2017, ce dernier a eu l&rsquo;id\u00e9e d&rsquo;<strong>imaginer une \u00e9mission qui raconterait leur histoire.<\/strong><\/p>\n<p>Sur Instagram, <a href=\"https:\/\/www.google.com\/url?sa=t&amp;source=web&amp;rct=j&amp;opi=89978449&amp;url=https:\/\/vsd.fr\/64640-faustine-bollaert-moins-sympathique-en-vrai-elle-se-confie\/&amp;ved=2ahUKEwiilO-jrtCOAxWKcKQEHfeDI88QFnoECBwQAQ&amp;usg=AOvVaw0n-3-vmpzdwrKruPP-9DBm\" target=\"_blank\" rel=\"noopener\">l&rsquo;animatrice de 46 ans<\/a> a alors <strong>republi\u00e9 le faux appel \u00e0 t\u00e9moins<\/strong> sur lequel on peut lire\u00a0: \u00ab\u00a0Ils s&rsquo;aimaient en open space\u2026 Un concert de Coldplay a fait basculer leur vie\u00a0\u00bb. En l\u00e9gende, <a href=\"https:\/\/www.google.com\/url?sa=t&amp;source=web&amp;rct=j&amp;opi=89978449&amp;url=https:\/\/vsd.fr\/77658-fais-attention-a-ce-que-tu-vas-dire-faustine-bollaert-prise-au-depourvue-par-une-invitee-sur-france-2\/&amp;ved=2ahUKEwiilO-jrtCOAxWKcKQEHfeDI88QFnoECCwQAQ&amp;usg=AOvVaw2f2xUx7jZdqSIa45srBZFz\" target=\"_blank\" rel=\"noopener\">la star du petit \u00e9cran<\/a> a alors comment\u00e9\u00a0: \u00ab\u00a0<strong>M\u00eame si cette histoire n&rsquo;est pas que dr\u00f4le, j&rsquo;ai vu passer \u00e7a\u2026 J&rsquo;avoue que j&rsquo;ai ri<\/strong>\u00ab\u00a0, a-t-elle l\u00e2ch\u00e9. <\/p>\n<p><img loading=\"lazy\" decoding=\"async\" width=\"434\" height=\"766\" src=\"data:image\/svg+xml,%3Csvg%20xmlns=\" http:=\"\" alt=\"Adult\u00e8re au concert de Coldplay : l\u2019animatrice Faustine Bollaert m\u00eal\u00e9e \u00e0 l\u2019affaire\" data-lazy- data-lazy- data-lazy-src=\"https:\/\/www.europesays.com\/fr\/wp-content\/uploads\/2025\/07\/Capture-decran-2025-07-22-123001.png\"\/><\/p>\n<p>Capture Instagram Faustine Bollaert<\/p>\n<p>      Mentionn\u00e9s dans cet article<\/p>\n<p>\u00c0 lire aussi<\/p>\n<p><script async src=\"https:\/\/platform.twitter.com\/widgets.js\" charset=\"utf-8\"><\/script><\/p>\n","protected":false},"excerpt":{"rendered":"R\u00e9sum\u00e9 Un PDG et sa DRH ont \u00e9t\u00e9 pris en flagrant d\u00e9lit d&rsquo;adult\u00e8re lors d&rsquo;un concert de Coldplay&hellip;\n","protected":false},"author":2,"featured_media":265876,"comment_status":"","ping_status":"","sticky":false,"template":"","format":"standard","meta":{"footnotes":""},"categories":[8],"tags":[24279,6439,1697,58,59,6308,1011,27,2400,594,40541,4441],"class_list":{"0":"post-265875","1":"post","2":"type-post","3":"status-publish","4":"format-standard","5":"has-post-thumbnail","7":"category-divertissement","8":"tag-ca-commence-aujourdhui","9":"tag-coldplay","10":"tag-concert","11":"tag-divertissement","12":"tag-entertainment","13":"tag-faustine-bollaert","14":"tag-fr","15":"tag-france","16":"tag-france-televisions","17":"tag-france-2","18":"tag-kiss-cam","19":"tag-tournee"},"share_on_mastodon":{"url":"https:\/\/pubeurope.com\/@fr\/114897589678297754","error":""},"_links":{"self":[{"href":"https:\/\/www.europesays.com\/fr\/wp-json\/wp\/v2\/posts\/265875","targetHints":{"allow":["GET"]}}],"collection":[{"href":"https:\/\/www.europesays.com\/fr\/wp-json\/wp\/v2\/posts"}],"about":[{"href":"https:\/\/www.europesays.com\/fr\/wp-json\/wp\/v2\/types\/post"}],"author":[{"embeddable":true,"href":"https:\/\/www.europesays.com\/fr\/wp-json\/wp\/v2\/users\/2"}],"replies":[{"embeddable":true,"href":"https:\/\/www.europesays.com\/fr\/wp-json\/wp\/v2\/comments?post=265875"}],"version-history":[{"count":0,"href":"https:\/\/www.europesays.com\/fr\/wp-json\/wp\/v2\/posts\/265875\/revisions"}],"wp:featuredmedia":[{"embeddable":true,"href":"https:\/\/www.europesays.com\/fr\/wp-json\/wp\/v2\/media\/265876"}],"wp:attachment":[{"href":"https:\/\/www.europesays.com\/fr\/wp-json\/wp\/v2\/media?parent=265875"}],"wp:term":[{"taxonomy":"category","embeddable":true,"href":"https:\/\/www.europesays.com\/fr\/wp-json\/wp\/v2\/categories?post=265875"},{"taxonomy":"post_tag","embeddable":true,"href":"https:\/\/www.europesays.com\/fr\/wp-json\/wp\/v2\/tags?post=265875"}],"curies":[{"name":"wp","href":"https:\/\/api.w.org\/{rel}","templated":true}]}}