{"id":26588,"date":"2025-04-15T13:14:09","date_gmt":"2025-04-15T13:14:09","guid":{"rendered":"https:\/\/www.europesays.com\/fr\/26588\/"},"modified":"2025-04-15T13:14:09","modified_gmt":"2025-04-15T13:14:09","slug":"une-fuite-dazote-dans-une-cuve-de-cryotherapie-fait-un-mort-et-une-blessee-grave","status":"publish","type":"post","link":"https:\/\/www.europesays.com\/fr\/26588\/","title":{"rendered":"Une fuite d\u2019azote dans une cuve de cryoth\u00e9rapie fait un mort et une bless\u00e9e grave"},"content":{"rendered":"<p>La s\u00e9ance de sport a vir\u00e9 au drame. Ce lundi soir, une fuite d\u2019azote dans un bac de cryoth\u00e9rapie d\u2019une salle de sport parisienne a caus\u00e9 la mort d\u2019une femme et gri\u00e8vement bless\u00e9 une autre, a appris 20 Minutes de sources concordantes. Les deux victimes, \u00e2g\u00e9es de 29 et 34 ans, \u00e9taient en arr\u00eat cardio-respiratoire lorsque les secours sont intervenus, peu avant 18h30, pr\u00e9cise une source polici\u00e8re.<\/p>\n","protected":false},"excerpt":{"rendered":"La s\u00e9ance de sport a vir\u00e9 au drame. Ce lundi soir, une fuite d\u2019azote dans un bac de&hellip;\n","protected":false},"author":2,"featured_media":26589,"comment_status":"","ping_status":"","sticky":false,"template":"","format":"standard","meta":{"footnotes":""},"categories":[1888],"tags":[1111,1928,11,1927,9432,1777,674,1011,27,5023,12,1926,626,1925,25,9431],"class_list":{"0":"post-26588","1":"post","2":"type-post","3":"status-publish","4":"format-standard","5":"has-post-thumbnail","7":"category-paris","8":"tag-actu","9":"tag-actu-paris","10":"tag-actualites","11":"tag-actualites-paris","12":"tag-cryotherapie","13":"tag-eu","14":"tag-europe","15":"tag-fr","16":"tag-france","17":"tag-lundi-soir","18":"tag-news","19":"tag-news-paris","20":"tag-paris","21":"tag-paris-news","22":"tag-republique-francaise","23":"tag-seance-de-sport"},"share_on_mastodon":{"url":"https:\/\/pubeurope.com\/@fr\/114342164389951399","error":""},"_links":{"self":[{"href":"https:\/\/www.europesays.com\/fr\/wp-json\/wp\/v2\/posts\/26588","targetHints":{"allow":["GET"]}}],"collection":[{"href":"https:\/\/www.europesays.com\/fr\/wp-json\/wp\/v2\/posts"}],"about":[{"href":"https:\/\/www.europesays.com\/fr\/wp-json\/wp\/v2\/types\/post"}],"author":[{"embeddable":true,"href":"https:\/\/www.europesays.com\/fr\/wp-json\/wp\/v2\/users\/2"}],"replies":[{"embeddable":true,"href":"https:\/\/www.europesays.com\/fr\/wp-json\/wp\/v2\/comments?post=26588"}],"version-history":[{"count":0,"href":"https:\/\/www.europesays.com\/fr\/wp-json\/wp\/v2\/posts\/26588\/revisions"}],"wp:featuredmedia":[{"embeddable":true,"href":"https:\/\/www.europesays.com\/fr\/wp-json\/wp\/v2\/media\/26589"}],"wp:attachment":[{"href":"https:\/\/www.europesays.com\/fr\/wp-json\/wp\/v2\/media?parent=26588"}],"wp:term":[{"taxonomy":"category","embeddable":true,"href":"https:\/\/www.europesays.com\/fr\/wp-json\/wp\/v2\/categories?post=26588"},{"taxonomy":"post_tag","embeddable":true,"href":"https:\/\/www.europesays.com\/fr\/wp-json\/wp\/v2\/tags?post=26588"}],"curies":[{"name":"wp","href":"https:\/\/api.w.org\/{rel}","templated":true}]}}