{"id":265887,"date":"2025-07-22T15:32:10","date_gmt":"2025-07-22T15:32:10","guid":{"rendered":"https:\/\/www.europesays.com\/fr\/265887\/"},"modified":"2025-07-22T15:32:10","modified_gmt":"2025-07-22T15:32:10","slug":"firminy-un-adolescent-gravement-blesse-lors-dun-rodeo-en-trottinette","status":"publish","type":"post","link":"https:\/\/www.europesays.com\/fr\/265887\/","title":{"rendered":"Firminy. Un adolescent gravement bless\u00e9 lors d\u2019un rod\u00e9o en trottinette"},"content":{"rendered":"<p>Un adolescent a \u00e9t\u00e9 gravement bless\u00e9 samedi soir lors d\u2019un rod\u00e9o en trottinette \u00e9lectrique dans la rue Jean-Jaur\u00e8s. Selon nos informations, la victime a perdu le contr\u00f4le de son engin \u00e0 hauteur de l\u2019intersection avec l\u2019avenue de la Gare et est lourdement tomb\u00e9e sur la t\u00eate. Le pilote ne portait pas de casque. Secouru par les sapeurs-pompiers et le SAMU, souffrant d\u2019un s\u00e9v\u00e8re traumatisme cr\u00e2nien, il a \u00e9t\u00e9 \u00e9vacu\u00e9 dans un \u00e9tat jug\u00e9 s\u00e9rieux \u00e0 l\u2019h\u00f4pital Nord. La police municipale s\u2019est rendue sur place avant l\u2019arriv\u00e9e de la police nationale. Une enqu\u00eate a \u00e9t\u00e9 ouverte pour d\u00e9terminer les circonstances exactes de l\u2019accident. La famille de la victime \u00e9tait sur place.<\/p>\n<p>Les autorit\u00e9s locales demandent la plus grande vigilance de la part des conducteurs de trottinettes, notamment en zone urbaine. La vitesse maximum autoris\u00e9e est de 25\u00a0km\/h et il est obligatoire de porter des \u00e9quipements r\u00e9fl\u00e9chissants la nuit et que l\u2019engin soit dot\u00e9 d\u2019un syst\u00e8me de freinage, d\u2019un avertisseur sonore, de feux de position (avant et arri\u00e8re) et de dispositifs r\u00e9fl\u00e9chissants arri\u00e8re et lat\u00e9raux.<\/p>\n<p>  Une octog\u00e9naire pi\u00e9tonne d\u00e9c\u00e9d\u00e9e avoir \u00e9t\u00e9 percut\u00e9e l\u2019an dernier<\/p>\n<p>Cet accident rappelle un autre drame dans la cit\u00e9 Appelouse. Fin septembre, une dame de 82 ans est d\u00e9c\u00e9d\u00e9e apr\u00e8s avoir \u00e9t\u00e9 percut\u00e9e violemment par une trottinette alors qu\u2019elle traversait la Grand\u2019rue en provenance de la rue Verdi\u00e9\ufeff. Le pilote de l\u2019engin avait pris la fuite avant de se rendre au commissariat. Ce mineur \u00e2g\u00e9 de 15 ans, domicili\u00e9 \u00e0 Firminy, avait \u00e9t\u00e9 plac\u00e9 en garde \u00e0 vue pour <a href=\"https:\/\/www.leprogres.fr\/faits-divers-justice\/2024\/09\/30\/octogenaire-tuee-dans-une-collision-le-conducteur-de-la-trottinette-s-est-rendu\" target=\"_blank\" rel=\"nofollow noopener\">homicide involontaire et d\u00e9lit de fuite puis d\u00e9f\u00e9r\u00e9<\/a>.<\/p>\n<p>Ce week-end, dans les C\u00f4tes-d\u2019Armor, un quinquag\u00e9naire qui circulait \u00e0 trottinette a \u00e9t\u00e9 mortellement fauch\u00e9 par une voiture dans la nuit de samedi \u00e0 dimanche.<\/p>\n<p class=\"note\">\u00c0 lire aussi\u00a0: https:\/\/c.leprogres.fr\/faits-divers-justice\/2025\/07\/18\/rodeo-urbain-ou-simple-accident-il-avait-renverse-un-enfant-de-11-ans-en-trottinette<\/p>\n","protected":false},"excerpt":{"rendered":"Un adolescent a \u00e9t\u00e9 gravement bless\u00e9 samedi soir lors d\u2019un rod\u00e9o en trottinette \u00e9lectrique dans la rue Jean-Jaur\u00e8s.&hellip;\n","protected":false},"author":2,"featured_media":265888,"comment_status":"","ping_status":"","sticky":false,"template":"","format":"standard","meta":{"footnotes":""},"categories":[9653],"tags":[119,1111,11,2430,7539,1777,674,274,10282,10283,1011,27,3367,12,25,4001],"class_list":{"0":"post-265887","1":"post","2":"type-post","3":"status-publish","4":"format-standard","5":"has-post-thumbnail","7":"category-saint-etienne","8":"tag-accident","9":"tag-actu","10":"tag-actualites","11":"tag-auvergne-rhone-alpes","12":"tag-edition-loire-sud","13":"tag-eu","14":"tag-europe","15":"tag-faits-divers-justice","16":"tag-firminy","17":"tag-firminy-ville","18":"tag-fr","19":"tag-france","20":"tag-loire","21":"tag-news","22":"tag-republique-francaise","23":"tag-saint-etienne"},"share_on_mastodon":{"url":"https:\/\/pubeurope.com\/@fr\/114897613246801103","error":""},"_links":{"self":[{"href":"https:\/\/www.europesays.com\/fr\/wp-json\/wp\/v2\/posts\/265887","targetHints":{"allow":["GET"]}}],"collection":[{"href":"https:\/\/www.europesays.com\/fr\/wp-json\/wp\/v2\/posts"}],"about":[{"href":"https:\/\/www.europesays.com\/fr\/wp-json\/wp\/v2\/types\/post"}],"author":[{"embeddable":true,"href":"https:\/\/www.europesays.com\/fr\/wp-json\/wp\/v2\/users\/2"}],"replies":[{"embeddable":true,"href":"https:\/\/www.europesays.com\/fr\/wp-json\/wp\/v2\/comments?post=265887"}],"version-history":[{"count":0,"href":"https:\/\/www.europesays.com\/fr\/wp-json\/wp\/v2\/posts\/265887\/revisions"}],"wp:featuredmedia":[{"embeddable":true,"href":"https:\/\/www.europesays.com\/fr\/wp-json\/wp\/v2\/media\/265888"}],"wp:attachment":[{"href":"https:\/\/www.europesays.com\/fr\/wp-json\/wp\/v2\/media?parent=265887"}],"wp:term":[{"taxonomy":"category","embeddable":true,"href":"https:\/\/www.europesays.com\/fr\/wp-json\/wp\/v2\/categories?post=265887"},{"taxonomy":"post_tag","embeddable":true,"href":"https:\/\/www.europesays.com\/fr\/wp-json\/wp\/v2\/tags?post=265887"}],"curies":[{"name":"wp","href":"https:\/\/api.w.org\/{rel}","templated":true}]}}