{"id":265889,"date":"2025-07-22T15:33:18","date_gmt":"2025-07-22T15:33:18","guid":{"rendered":"https:\/\/www.europesays.com\/fr\/265889\/"},"modified":"2025-07-22T15:33:18","modified_gmt":"2025-07-22T15:33:18","slug":"la-biennale-terminee-des-materiaux-sont-donnes","status":"publish","type":"post","link":"https:\/\/www.europesays.com\/fr\/265889\/","title":{"rendered":"la biennale termin\u00e9e, des mat\u00e9riaux sont donn\u00e9s"},"content":{"rendered":"<p><img decoding=\"async\" class=\"\" style=\"width:100%\" src=\"https:\/\/www.europesays.com\/fr\/wp-content\/uploads\/2025\/07\/tram_blanc1747833754893.png\" alt=\"tramway biennale saint-\u00e9tienne \"\/><\/p>\n<p>Cette rame a \u00e9t\u00e9 pens\u00e9e par Paul Hinnrichs<\/p>\n<p>Cr\u00e9dit : Activ Radio<\/p>\n<p>Alors que la 13e \u00e9dition de <a href=\"https:\/\/www.activradio.com\/biennale-internationale-de-design-de-saint-etienne-plus-de-70-000-visiteurs-en-6-semaines\" rel=\"noopener nofollow\" target=\"_blank\">la Biennale internationale du design de Saint-Etienne<\/a> est termin\u00e9e depuis le 6 juillet dernier, un don de mat\u00e9riaux est organis\u00e9. L&rsquo;op\u00e9ration est organis\u00e9e mardi prochain, le 29 juillet, \u00e0 partie de 8h30, aux Halles Barrouin.<\/p>\n<p>Ce sera sous la forme du \u00ab\u00a0premier arriv\u00e9, premier servi\u00a0\u00bb et plusieurs mat\u00e9riaux pourront \u00eatre r\u00e9cup\u00e9r\u00e9s, indique la Biennale sur sa page Facebook : Caissons en m\u00e9dium brut, chutes de m\u00e9dium peint 1 face (longueur et largeur diverses) et panneaux de m\u00e9dium peints 1 face, pots de peinture (entam\u00e9s, divers coloris), peinture acrylique, rails et tubes fluorescents, textiles divers (absence de PV-feu, mais textile class\u00e9 M1), 1 girafe (\u00e0 r\u00e9parer), panneaux et planches de m\u00e9dium, modules \/ caissons en m\u00e9dium peints, panneaux d\u2019agglom\u00e9r\u00e9 (1 face avec double couche vitrificateur), portes et portes doubles, (avec ou sans hublot, avec ou sans barres antipaniques, avec ou sans encadrement, dimensions et \u00e9tat variables), briques (environs 380 unit\u00e9s) et une douzaine de panneaux de m\u00e9dium.<\/p>\n<p>Il sera possible d&rsquo;acc\u00e9der au site en voiture et un charriot \u00e9l\u00e9vateur sera accessible sur place. <a href=\"https:\/\/drive.google.com\/file\/d\/1Y_xsE4zU8yLI8qFTDRjfnu5WXT-LG0v5\/view?fbclid=IwY2xjawLsSAdleHRuA2FlbQIxMABicmlkETBYUHhyODVVM0RJOHJBdDhuAR5j9gLTBlb_F7NOj0KgH76vy1Q_QeZEwuN_8S0EmDEqZzGlHoDQiTSXndvsVw_aem_Ote7QCVkwFXZ5p3Oolpybg\" rel=\"noopener nofollow\" target=\"_blank\">Mais il existe une liste des b\u00e9n\u00e9ficaires<\/a> (et \u00e7a ne concerne pas tout le monde).<\/p>\n","protected":false},"excerpt":{"rendered":"Cette rame a \u00e9t\u00e9 pens\u00e9e par Paul Hinnrichs Cr\u00e9dit : Activ Radio Alors que la 13e \u00e9dition de&hellip;\n","protected":false},"author":2,"featured_media":265890,"comment_status":"","ping_status":"","sticky":false,"template":"","format":"standard","meta":{"footnotes":""},"categories":[9653],"tags":[1111,11,2430,24436,1386,15714,1777,674,1011,27,326,40544,12,25,4001],"class_list":{"0":"post-265889","1":"post","2":"type-post","3":"status-publish","4":"format-standard","5":"has-post-thumbnail","7":"category-saint-etienne","8":"tag-actu","9":"tag-actualites","10":"tag-auvergne-rhone-alpes","11":"tag-biennale","12":"tag-design","13":"tag-dons","14":"tag-eu","15":"tag-europe","16":"tag-fr","17":"tag-france","18":"tag-gratuit","19":"tag-materiaux","20":"tag-news","21":"tag-republique-francaise","22":"tag-saint-etienne"},"share_on_mastodon":{"url":"https:\/\/pubeurope.com\/@fr\/114897617206342836","error":""},"_links":{"self":[{"href":"https:\/\/www.europesays.com\/fr\/wp-json\/wp\/v2\/posts\/265889","targetHints":{"allow":["GET"]}}],"collection":[{"href":"https:\/\/www.europesays.com\/fr\/wp-json\/wp\/v2\/posts"}],"about":[{"href":"https:\/\/www.europesays.com\/fr\/wp-json\/wp\/v2\/types\/post"}],"author":[{"embeddable":true,"href":"https:\/\/www.europesays.com\/fr\/wp-json\/wp\/v2\/users\/2"}],"replies":[{"embeddable":true,"href":"https:\/\/www.europesays.com\/fr\/wp-json\/wp\/v2\/comments?post=265889"}],"version-history":[{"count":0,"href":"https:\/\/www.europesays.com\/fr\/wp-json\/wp\/v2\/posts\/265889\/revisions"}],"wp:featuredmedia":[{"embeddable":true,"href":"https:\/\/www.europesays.com\/fr\/wp-json\/wp\/v2\/media\/265890"}],"wp:attachment":[{"href":"https:\/\/www.europesays.com\/fr\/wp-json\/wp\/v2\/media?parent=265889"}],"wp:term":[{"taxonomy":"category","embeddable":true,"href":"https:\/\/www.europesays.com\/fr\/wp-json\/wp\/v2\/categories?post=265889"},{"taxonomy":"post_tag","embeddable":true,"href":"https:\/\/www.europesays.com\/fr\/wp-json\/wp\/v2\/tags?post=265889"}],"curies":[{"name":"wp","href":"https:\/\/api.w.org\/{rel}","templated":true}]}}