{"id":265893,"date":"2025-07-22T15:35:18","date_gmt":"2025-07-22T15:35:18","guid":{"rendered":"https:\/\/www.europesays.com\/fr\/265893\/"},"modified":"2025-07-22T15:35:18","modified_gmt":"2025-07-22T15:35:18","slug":"le-paradis-des-loisirs-entre-nancy-et-toul","status":"publish","type":"post","link":"https:\/\/www.europesays.com\/fr\/265893\/","title":{"rendered":"le paradis des loisirs entre Nancy et Toul"},"content":{"rendered":"<p>Au\u00a0c\u0153ur de la for\u00eat de Haye, la For\u00eat de Goupil propose un concentr\u00e9 d&rsquo;activit\u00e9s pour tous les \u00e2ges. Structures gonflables, trampolines, karting, terrain de foot, mini-golf ou laser game, tout est pens\u00e9 pour s&rsquo;amuser en famille ou entre amis. Avec ses \u00e9quipements adapt\u00e9s aux plus petits comme aux plus t\u00e9m\u00e9raires, ce parc multi-loisirs allie sensations, nature et s\u00e9curit\u00e9 pour des journ\u00e9es inoubliables.\u00a0<\/p>\n","protected":false},"excerpt":{"rendered":"Au\u00a0c\u0153ur de la for\u00eat de Haye, la For\u00eat de Goupil propose un concentr\u00e9 d&rsquo;activit\u00e9s pour tous les \u00e2ges.&hellip;\n","protected":false},"author":2,"featured_media":265894,"comment_status":"","ping_status":"","sticky":false,"template":"","format":"standard","meta":{"footnotes":""},"categories":[9635],"tags":[1111,11,1687,1704,1705,1777,674,1011,27,2798,775,1702,12,25],"class_list":{"0":"post-265893","1":"post","2":"type-post","3":"status-publish","4":"format-standard","5":"has-post-thumbnail","7":"category-nancy","8":"tag-actu","9":"tag-actualites","10":"tag-culture-loisirs","11":"tag-edition-nancy-et-agglomeration","12":"tag-edition-toul","13":"tag-eu","14":"tag-europe","15":"tag-fr","16":"tag-france","17":"tag-galerie-photo","18":"tag-grand-est","19":"tag-nancy","20":"tag-news","21":"tag-republique-francaise"},"share_on_mastodon":{"url":"https:\/\/pubeurope.com\/@fr\/114897625011233898","error":""},"_links":{"self":[{"href":"https:\/\/www.europesays.com\/fr\/wp-json\/wp\/v2\/posts\/265893","targetHints":{"allow":["GET"]}}],"collection":[{"href":"https:\/\/www.europesays.com\/fr\/wp-json\/wp\/v2\/posts"}],"about":[{"href":"https:\/\/www.europesays.com\/fr\/wp-json\/wp\/v2\/types\/post"}],"author":[{"embeddable":true,"href":"https:\/\/www.europesays.com\/fr\/wp-json\/wp\/v2\/users\/2"}],"replies":[{"embeddable":true,"href":"https:\/\/www.europesays.com\/fr\/wp-json\/wp\/v2\/comments?post=265893"}],"version-history":[{"count":0,"href":"https:\/\/www.europesays.com\/fr\/wp-json\/wp\/v2\/posts\/265893\/revisions"}],"wp:featuredmedia":[{"embeddable":true,"href":"https:\/\/www.europesays.com\/fr\/wp-json\/wp\/v2\/media\/265894"}],"wp:attachment":[{"href":"https:\/\/www.europesays.com\/fr\/wp-json\/wp\/v2\/media?parent=265893"}],"wp:term":[{"taxonomy":"category","embeddable":true,"href":"https:\/\/www.europesays.com\/fr\/wp-json\/wp\/v2\/categories?post=265893"},{"taxonomy":"post_tag","embeddable":true,"href":"https:\/\/www.europesays.com\/fr\/wp-json\/wp\/v2\/tags?post=265893"}],"curies":[{"name":"wp","href":"https:\/\/api.w.org\/{rel}","templated":true}]}}