{"id":265903,"date":"2025-07-22T15:40:16","date_gmt":"2025-07-22T15:40:16","guid":{"rendered":"https:\/\/www.europesays.com\/fr\/265903\/"},"modified":"2025-07-22T15:40:16","modified_gmt":"2025-07-22T15:40:16","slug":"un-serpent-de-pres-dun-metre-de-long-se-promene-a-proximite-dun-parc-de-loisirs-a-maromme","status":"publish","type":"post","link":"https:\/\/www.europesays.com\/fr\/265903\/","title":{"rendered":"Un serpent de pr\u00e8s d&rsquo;un m\u00e8tre de long se prom\u00e8ne \u00e0 proximit\u00e9 d&rsquo;un parc de loisirs \u00e0 Maromme"},"content":{"rendered":"<p>            Par<br \/>\n        <strong><br \/>\n            <a href=\"https:\/\/actu.fr\/auteur\/thomas-rideau\" title=\"Consulter tous les articles de Thomas Rideau\" rel=\"nofollow noopener\" target=\"_blank\">Thomas Rideau<\/a><br \/>\n        <\/strong><\/p>\n<p>        Publi\u00e9 le<\/p>\n<p>            22 juil. 2025 \u00e0 15h56        <\/p>\n<p>Si vous n\u2019\u00eates pas un fan de reptile, vous auriez pu faire une crise cardiaque. Un <strong>serpent de bonne taille<\/strong> se promenait en effet en libert\u00e9, en plein c\u0153ur de <a href=\"https:\/\/actu.fr\/normandie\/maromme_76410\" rel=\"nofollow noopener\" target=\"_blank\">Maromme (Seine-Maritime)<\/a> dans la soir\u00e9e du lundi 21\u00a0juillet 2025 avant d\u2019\u00eatre attrap\u00e9 par la police municipale. Une information insolite rep\u00e9r\u00e9e par nos confr\u00e8res de <a href=\"https:\/\/www.francebleu.fr\/vie-quotidienne\/animaux\/a-maromme-la-police-municipale-capture-un-serpent-inoffensif-pres-d-une-aire-de-jeux-8688936\" rel=\"nofollow noopener\" target=\"_blank\">France Bleu<\/a> et confirm\u00e9e par la police municipale \u00e0\u00a076actu.<\/p>\n<p>\u00ab Un serpent, c\u2019est une premi\u00e8re\u2009!\u2009\u00bb<\/p>\n<p class=\" wall-content\">\u00ab\u2009Elle est toute gentille et inoffensive\u2009!\u2009\u00bb, assure Ludivine, la polici\u00e8re municipale \u00e0 Maromme qui a captur\u00e9 l\u2019animal. L\u2019animal en question\u2009: <strong>un serpent des bl\u00e9s<\/strong>, d\u2019une longueur d\u2019environ 80 centim\u00e8tres et inoffensif. \u00ab\u2009Elle se promenait du c\u00f4t\u00e9 du parc de loisirs de Signa o\u00f9 il y avait des familles.\u2009\u00bb<\/p>\n<p class=\" wall-content\">Mais le reptile n\u2019a pas provoqu\u00e9 de frayeur, \u00ab\u2009plut\u00f4t de la curiosit\u00e9 de la part des gens pr\u00e9sents\u2009!\u2009\u00bb Ce serpent est domestiqu\u00e9 d\u2019apr\u00e8s la police qui a lanc\u00e9 un appel pour retrouver son ma\u00eetre. \u00ab\u2009L\u00e0, <strong>on lui a donn\u00e9 \u00e0 boire<\/strong> et on va lui donner \u00e0 manger cet apr\u00e8s-midi.\u2009\u00bb Au menu\u2009? Des souris congel\u00e9es.<\/p>\n<p>O\u00f9 est le propri\u00e9taire ?<\/p>\n<p class=\" wall-content\">D\u00e8s ce soir, une famille d\u2019accueil (un agent des services technique \u00ab\u2009fan\u2009\u00bb des reptiles) va r\u00e9cup\u00e9rer la bestiole en attendant que <strong>le ma\u00eetre se manifeste<\/strong>. \u00ab\u2009C\u2019est vrai qu\u2019on r\u00e9cup\u00e8re souvent des chiens, des chats, ou m\u00eame des faisans ou des sangliers, mais un serpent, c\u2019est une premi\u00e8re\u2009!\u2009\u00bb<\/p>\n<p class=\" wall-content\">\u00c0 noter que le serpent des bl\u00e9s est une esp\u00e8ce assez r\u00e9pandue chez les amateurs de reptile. Et qu\u2019il s\u2019agit d\u2019un grand habitu\u00e9 aux fugues\u2026<\/p>\n<p>Suivez l\u2019actualit\u00e9 de Rouen <a href=\"https:\/\/www.whatsapp.com\/channel\/0029VaKfnf99hXF2ddApFB1D\" rel=\"nofollow noopener\" target=\"_blank\">sur notre cha\u00eene WhatsApp<\/a> et <a href=\"https:\/\/www.tiktok.com\/@76actu.fr?lang=fr\" rel=\"nofollow noopener\" target=\"_blank\">sur notre compte TikTok<\/a><\/p>\n<p class=\" wall-content\">Suivez toute l\u2019actualit\u00e9 de vos villes et m\u00e9dias favoris en vous inscrivant \u00e0 <a href=\"https:\/\/moncompte.actu.fr\" title=\"D\u00e9couvez Mon Actu\" rel=\"nofollow noopener\" data-trk=\"{&quot;cta&quot;:{&quot;action&quot;:&quot;https:\\\/\\\/moncompte.actu.fr&quot;,&quot;category&quot;:&quot;mon compte&quot;,&quot;from&quot;:&quot;article footer&quot;,&quot;name&quot;:&quot;Mon actu&quot;,&quot;type&quot;:&quot;cta&quot;}}\" target=\"_blank\">Mon Actu<\/a>.<\/p>\n<p>                    <script async src=\"\/\/www.tiktok.com\/embed.js\"><\/script><\/p>\n","protected":false},"excerpt":{"rendered":"Par Thomas Rideau Publi\u00e9 le 22 juil. 2025 \u00e0 15h56 Si vous n\u2019\u00eates pas un fan de reptile,&hellip;\n","protected":false},"author":2,"featured_media":265904,"comment_status":"","ping_status":"","sticky":false,"template":"","format":"standard","meta":{"footnotes":""},"categories":[9587],"tags":[1111,11,1867,1777,674,1011,27,1757,12,5161,1072,25,9590],"class_list":{"0":"post-265903","1":"post","2":"type-post","3":"status-publish","4":"format-standard","5":"has-post-thumbnail","7":"category-rouen","8":"tag-actu","9":"tag-actualites","10":"tag-animaux","11":"tag-eu","12":"tag-europe","13":"tag-fr","14":"tag-france","15":"tag-insolite","16":"tag-news","17":"tag-normandie","18":"tag-police","19":"tag-republique-francaise","20":"tag-rouen"},"share_on_mastodon":{"url":"https:\/\/pubeurope.com\/@fr\/114897644637296969","error":""},"_links":{"self":[{"href":"https:\/\/www.europesays.com\/fr\/wp-json\/wp\/v2\/posts\/265903","targetHints":{"allow":["GET"]}}],"collection":[{"href":"https:\/\/www.europesays.com\/fr\/wp-json\/wp\/v2\/posts"}],"about":[{"href":"https:\/\/www.europesays.com\/fr\/wp-json\/wp\/v2\/types\/post"}],"author":[{"embeddable":true,"href":"https:\/\/www.europesays.com\/fr\/wp-json\/wp\/v2\/users\/2"}],"replies":[{"embeddable":true,"href":"https:\/\/www.europesays.com\/fr\/wp-json\/wp\/v2\/comments?post=265903"}],"version-history":[{"count":0,"href":"https:\/\/www.europesays.com\/fr\/wp-json\/wp\/v2\/posts\/265903\/revisions"}],"wp:featuredmedia":[{"embeddable":true,"href":"https:\/\/www.europesays.com\/fr\/wp-json\/wp\/v2\/media\/265904"}],"wp:attachment":[{"href":"https:\/\/www.europesays.com\/fr\/wp-json\/wp\/v2\/media?parent=265903"}],"wp:term":[{"taxonomy":"category","embeddable":true,"href":"https:\/\/www.europesays.com\/fr\/wp-json\/wp\/v2\/categories?post=265903"},{"taxonomy":"post_tag","embeddable":true,"href":"https:\/\/www.europesays.com\/fr\/wp-json\/wp\/v2\/tags?post=265903"}],"curies":[{"name":"wp","href":"https:\/\/api.w.org\/{rel}","templated":true}]}}