{"id":265911,"date":"2025-07-22T15:44:13","date_gmt":"2025-07-22T15:44:13","guid":{"rendered":"https:\/\/www.europesays.com\/fr\/265911\/"},"modified":"2025-07-22T15:44:13","modified_gmt":"2025-07-22T15:44:13","slug":"sa-fille-a-perdu-sa-maman-dun-cancer-le-n2-dun-trafic-de-stupefiants-a-rennes-demande-a-etre-libere","status":"publish","type":"post","link":"https:\/\/www.europesays.com\/fr\/265911\/","title":{"rendered":"Sa fille a perdu sa maman d&rsquo;un cancer, le \u00ab\u00a0n\u00b02 d&rsquo;un trafic de stup\u00e9fiants\u00a0\u00bb \u00e0 Rennes demande \u00e0 \u00eatre lib\u00e9r\u00e9"},"content":{"rendered":"<p>            Par<br \/>\n        <strong><br \/>\n            <a href=\"https:\/\/actu.fr\/auteur\/redaction-rennes\" title=\"Consulter tous les articles de R\u00e9daction Rennes\" rel=\"nofollow noopener\" target=\"_blank\">R\u00e9daction Rennes<\/a><br \/>\n        <\/strong><\/p>\n<p>        Publi\u00e9 le<\/p>\n<p>            22 juil. 2025 \u00e0 17h20        <\/p>\n<p>Au mois de juin\u00a02025, Fr\u00e9d\u00e9ric Teillet, procureur de Rennes r\u00e9v\u00e9lait qu\u2019une <a href=\"https:\/\/actu.fr\/bretagne\/rennes_35238\/cocaine-armes-a-feu-vehicules-gros-coup-de-filet-a-rennes-15-personnes-interpellees_62814994.html\" rel=\"nofollow noopener\" target=\"_blank\">op\u00e9ration d\u2019envergure avait permis de r\u00e9aliser un gros coup de filet dans le narcotrafic rennais<\/a>. En effet, <strong>15 interpellations<\/strong> avaient eu lieu. Parmi elles, <strong>huit<\/strong> personnes ont \u00e9t\u00e9 plac\u00e9es en <strong>d\u00e9tention provisoire<\/strong>, dont un <strong>moniteur d\u2019auto-\u00e9cole de 31\u00a0ans<\/strong> qui sollicitait, jeudi 10\u00a0juillet, sa remise en libert\u00e9 pour s\u2019occuper de sa <strong>toute jeune fille<\/strong>, qui a perdu sa maman d\u2019un cancer, en avril, apr\u00e8s de longs mois de lutte.<\/p>\n<p>\u00ab\u2009Jamais \u00e9t\u00e9 condamn\u00e9\u2009\u00bb<\/p>\n<p class=\" wall-content\">Ce p\u00e8re de famille veuf, qui n\u2019a \u00ab\u2009jamais \u00e9t\u00e9 condamn\u00e9\u2009\u00bb, \u00ab\u2009ins\u00e9r\u00e9 socio-professionnellement\u2009\u00bb, est <strong>soup\u00e7onn\u00e9 d\u2019avoir \u00e9t\u00e9 \u00ab\u2009le num\u00e9ro\u00a02\u2009\u00bb<\/strong> de ce trafic de drogue entre \u00ab\u2009janvier\u00a02024 et juin\u00a02025\u2009\u00bb <strong>\u2013 ce qu\u2019il \u00ab\u2009conteste\u2009\u00bb<\/strong>.<\/p>\n<p class=\" wall-content\">Son avocat, Me Fabian Lahaie, \u00e9tait donc venu solliciter sa remise en libert\u00e9 en <strong>\u00ab\u2009urgence\u2009\u00bb<\/strong>, au regard du<strong> \u00ab\u2009drame humain\u2009\u00bb<\/strong> qu\u2019il a v\u00e9cu et qui doit \u00ab\u2009occuper une place\u2009\u00bb dans le traitement de sa situation.<\/p>\n<p>\u00ab\u2009Affair\u00e9s \u00e0 d\u2019autres occupations\u2009\u00bb que celle de veiller \u00e0 l\u2019\u00e9ducation de son enfant<\/p>\n<p class=\" wall-content\">Depuis le 17 juin 2025, son enfant, \u00e2g\u00e9e de 21 mois, est prise en charge par les parents de son client, mais elle a \u00ab\u2009vraiment besoin de son p\u00e8re\u2009\u00bb, avait insist\u00e9 le trentenaire.<\/p>\n<blockquote class=\"ac-article-quote wall-content\">\n<p>Je le dis de\u00a0mani\u00e8re\u00a0sans\u00a0doute un peu brutale, mais, m\u00eame si on peut imaginer qu&rsquo;il a fait une pause, il a \u00e9t\u00e9 impliqu\u00e9 dans le trafic de stup\u00e9fiants alors que cette situation\u00a0familiale\u00a0\u00e9tait en devenir et n\u00e9cessitait sa pr\u00e9sence au foyer.<\/p>\n<p>    <strong>Avocat g\u00e9n\u00e9ral, repr\u00e9sentant de la soci\u00e9t\u00e9 civile, garant de l&rsquo;application de la loi<\/strong><br \/>\n        Favorable \u00e0 son maintien en d\u00e9tention    <\/p><\/blockquote>\n<p class=\" wall-content\">Or Younes a \u00e9t\u00e9 <strong>\u00ab\u2009vu sur des surveillances\u2009\u00bb affair\u00e9 \u00e0 \u00ab\u2009d\u2019autres pr\u00e9occupations\u2009\u00bb<\/strong> que celle de veiller \u00e0 l\u2019\u00e9ducation de son enfant, a soulign\u00e9 le repr\u00e9sentant du parquet g\u00e9n\u00e9ral.<\/p>\n<p>Une possible \u00ab\u2009concertation\u2009\u00bb avec d\u2019autres protagonistes<\/p>\n<p class=\" wall-content\">\u00ab\u2009Vous avez<strong> suffisamment d\u2019\u00e9l\u00e9ments pour consid\u00e9rer que son r\u00f4le est important<\/strong> dans ce dossier\u2009\u00bb, avait-il dit aux juges. L\u2019avocat g\u00e9n\u00e9ral avait enfin dit<strong> redouter une \u00ab\u2009concertation\u2009\u00bb<\/strong> avec d\u2019autres protagonistes de ce dossier.<\/p>\n<p class=\" wall-content\">La <strong>chambre de l\u2019instruction <\/strong>de la cour d\u2019appel de Rennes s\u2019est <strong>rang\u00e9e \u00e0 son avis<\/strong> ce vendredi 11\u00a0juillet 2025. Le p\u00e8re de famille <strong>reste en d\u00e9tention<\/strong>.<\/p>\n<p class=\" wall-content\"><strong>CB (PressPepper)<\/strong><\/p>\n<p class=\" wall-content\">Suivez toute l\u2019actualit\u00e9 de vos villes et m\u00e9dias favoris en vous inscrivant \u00e0 <a href=\"https:\/\/moncompte.actu.fr\" title=\"D\u00e9couvez Mon Actu\" rel=\"nofollow noopener\" data-trk=\"{&quot;cta&quot;:{&quot;action&quot;:&quot;https:\\\/\\\/moncompte.actu.fr&quot;,&quot;category&quot;:&quot;mon compte&quot;,&quot;from&quot;:&quot;article footer&quot;,&quot;name&quot;:&quot;Mon actu&quot;,&quot;type&quot;:&quot;cta&quot;}}\" target=\"_blank\">Mon Actu<\/a>.<\/p>\n","protected":false},"excerpt":{"rendered":"Par R\u00e9daction Rennes Publi\u00e9 le 22 juil. 2025 \u00e0 17h20 Au mois de juin\u00a02025, Fr\u00e9d\u00e9ric Teillet, procureur de&hellip;\n","protected":false},"author":2,"featured_media":265912,"comment_status":"","ping_status":"","sticky":false,"template":"","format":"standard","meta":{"footnotes":""},"categories":[2821],"tags":[1111,11,829,101,1052,1777,674,118,1011,27,303,12,584,25],"class_list":{"0":"post-265911","1":"post","2":"type-post","3":"status-publish","4":"format-standard","5":"has-post-thumbnail","7":"category-rennes","8":"tag-actu","9":"tag-actualites","10":"tag-bretagne","11":"tag-cancer","12":"tag-drogue","13":"tag-eu","14":"tag-europe","15":"tag-faits-divers","16":"tag-fr","17":"tag-france","18":"tag-justice","19":"tag-news","20":"tag-rennes","21":"tag-republique-francaise"},"share_on_mastodon":{"url":"https:\/\/pubeurope.com\/@fr\/114897660432292257","error":""},"_links":{"self":[{"href":"https:\/\/www.europesays.com\/fr\/wp-json\/wp\/v2\/posts\/265911","targetHints":{"allow":["GET"]}}],"collection":[{"href":"https:\/\/www.europesays.com\/fr\/wp-json\/wp\/v2\/posts"}],"about":[{"href":"https:\/\/www.europesays.com\/fr\/wp-json\/wp\/v2\/types\/post"}],"author":[{"embeddable":true,"href":"https:\/\/www.europesays.com\/fr\/wp-json\/wp\/v2\/users\/2"}],"replies":[{"embeddable":true,"href":"https:\/\/www.europesays.com\/fr\/wp-json\/wp\/v2\/comments?post=265911"}],"version-history":[{"count":0,"href":"https:\/\/www.europesays.com\/fr\/wp-json\/wp\/v2\/posts\/265911\/revisions"}],"wp:featuredmedia":[{"embeddable":true,"href":"https:\/\/www.europesays.com\/fr\/wp-json\/wp\/v2\/media\/265912"}],"wp:attachment":[{"href":"https:\/\/www.europesays.com\/fr\/wp-json\/wp\/v2\/media?parent=265911"}],"wp:term":[{"taxonomy":"category","embeddable":true,"href":"https:\/\/www.europesays.com\/fr\/wp-json\/wp\/v2\/categories?post=265911"},{"taxonomy":"post_tag","embeddable":true,"href":"https:\/\/www.europesays.com\/fr\/wp-json\/wp\/v2\/tags?post=265911"}],"curies":[{"name":"wp","href":"https:\/\/api.w.org\/{rel}","templated":true}]}}