{"id":265915,"date":"2025-07-22T15:46:15","date_gmt":"2025-07-22T15:46:15","guid":{"rendered":"https:\/\/www.europesays.com\/fr\/265915\/"},"modified":"2025-07-22T15:46:15","modified_gmt":"2025-07-22T15:46:15","slug":"ce-nouveau-restaurant-propose-un-concept-de-sandwich-original","status":"publish","type":"post","link":"https:\/\/www.europesays.com\/fr\/265915\/","title":{"rendered":"ce nouveau restaurant propose un concept de sandwich original"},"content":{"rendered":"<p>            Par<br \/>\n        <strong><br \/>\n            <a href=\"https:\/\/actu.fr\/auteur\/olivia-kouassi\" title=\"Consulter tous les articles de Olivia Kouassi\" target=\"_blank\" rel=\"noopener\">Olivia Kouassi<\/a><br \/>\n        <\/strong><\/p>\n<p>        Publi\u00e9 le<\/p>\n<p>            22 juil. 2025 \u00e0 16h56        <\/p>\n<p>Un <strong>concept original<\/strong> dans un lieu qui l\u2019est tout autant. Au c\u0153ur de l\u2019hypercentre de <strong>Strasbourg<\/strong> (<a href=\"https:\/\/actu.fr\/strasbourg\/\" target=\"_blank\" rel=\"noopener\">Bas-Rhin<\/a>), rue des Pucelles, vient d\u2019ouvrir un nouveau concept de<strong> poulet frit<\/strong> entour\u00e9 d\u2019un <strong>msemen fait maison,<\/strong> cette sp\u00e9cialit\u00e9 culinaire du Maghreb, sorte de cr\u00eape feuillet\u00e9e.<\/p>\n<p class=\" wall-content\">Nomm\u00e9 <strong>PSM<\/strong> (pour poulet sa m\u00e8re) et fond\u00e9 par deux amis d\u2019enfance, le restaurant propose de d\u00e9guster ses sp\u00e9cialit\u00e9s \u00e0<strong> l\u2019Entre Lieu,<\/strong> un local partag\u00e9 avec un caf\u00e9.<\/p>\n<p>Un lieu partag\u00e9 unique<\/p>\n<p class=\" wall-content\">Depuis le 1er\u00a0juillet, les anciens g\u00e9rants du restaurant cor\u00e9en Dolsot de la rue des Pucelles ont reconverti leur commerce en <strong>caf\u00e9<\/strong>. Simon Roussel et Nicolas Jacquin, les deux amis fondateurs de PSM louent eux la cuisine du caf\u00e9 et profitent de l\u2019espace pour proposer un <strong>service \u00e0 table.<\/strong> Deux unit\u00e9s dans un m\u00eame lieu cohabitent ainsi.<\/p>\n<p class=\" wall-content\">\u00ab\u2009On \u00e9tait parti initialement sur une id\u00e9e de dark kitchen, mais cet arrangement est un coup du hasard\u2009\u00bb, explique Simon Roussel. \u00ab\u2009Il y a un c\u00f4t\u00e9<strong> deux salles, deux ambiances<\/strong>, d\u2019o\u00f9 le nom l\u2019entre lieu\u2009\u00bb, ajoute-t-il.<\/p>\n<p>Un concept original \u00e0 Strasbourg<\/p>\n<p class=\" wall-content\">Les deux amis, \u00ab<strong>\u2009fans de bouffe\u2009\u00bb<\/strong> depuis leur enfance, ont eu l\u2019id\u00e9e du concept lors d\u2019un voyage au Maroc. Aucun d\u2019eux n\u2019est issu du monde de la restauration, mais ils ont tenu \u00e0 faire eux-m\u00eames les msemens, ces galettes marocaines qui serviront \u00e0 entourer leur poulet \u00ab\u2009pan\u00e9 avec respect\u2009\u00bb et agr\u00e9ment\u00e9 d\u2019\u00e9pices issues du Maghreb comme le ras el-hanout. \u00ab\u2009\u00c0 Strasbourg, c\u2019est un <strong>concept unique<\/strong>\u2009\u00bb, assure Simon Roussel.<\/p>\n<p class=\" wall-content\"><strong>Trois types de msemens<\/strong> sont donc propos\u00e9s sur place ou \u00e0 emporter. <strong>Le classique PSM<\/strong> \u00e0 <strong>7,90\u00a0euros<\/strong> propose du poulet frit, du coleslaw et une sauce blanche maison, le<strong> Signature PSM \u00e0 8,90\u00a0euros<\/strong> est compos\u00e9 de poulet frit, de tomates et concombres et d\u2019une sauce aux l\u00e9gumes maison appel\u00e9e Mechouia, enfin le<strong> Red Spicy \u00e0 8,90\u00a0euros<\/strong> contient du poulet frit, salade, tomate et oignons rouges accompagn\u00e9s d\u2019une sauce harissa maison.<\/p>\n<p class=\" wall-content\">Rajoutez 3\u00a0euros pour obtenir un menu avec frites et boisson. Un menu \u00e9tudiant \u00e0 9,90\u00a0euros est \u00e9galement propos\u00e9. Les viandes sont halal. Un menu v\u00e9g\u00e9tarien est en cours de r\u00e9flexion.<\/p>\n<p>PSM \u00e0 l\u2019Entre Lieu, 5 rue des Pucelles. Ouvert du mardi au samedi de 8\u2009h \u00e0 16\u2009h et de 18\u2009h\u200930 \u00e0 22\u2009h\u200930.<\/p>\n<p class=\" wall-content\">Suivez toute l\u2019actualit\u00e9 de vos villes et m\u00e9dias favoris en vous inscrivant \u00e0 <a href=\"https:\/\/moncompte.actu.fr\" title=\"D\u00e9couvez Mon Actu\" rel=\"nofollow noopener\" data-trk=\"{&quot;cta&quot;:{&quot;action&quot;:&quot;https:\\\/\\\/moncompte.actu.fr&quot;,&quot;category&quot;:&quot;mon compte&quot;,&quot;from&quot;:&quot;article footer&quot;,&quot;name&quot;:&quot;Mon actu&quot;,&quot;type&quot;:&quot;cta&quot;}}\" target=\"_blank\">Mon Actu<\/a>.<\/p>\n<ul class=\"ac-article-tag wall-content\">\n<li><a href=\"https:\/\/actu.fr\/tag\/nouveaux-commerces\" data-trk=\"{&quot;cta&quot;:{&quot;action&quot;:&quot;Nouveaux commerces&quot;,&quot;category&quot;:&quot;tag&quot;,&quot;from&quot;:&quot;article footer&quot;,&quot;name&quot;:&quot;Nouveaux commerces&quot;,&quot;type&quot;:&quot;cta&quot;}}\" target=\"_blank\" rel=\"noopener\">#Nouveaux commerces<\/a><\/li>\n<li><a href=\"https:\/\/actu.fr\/tag\/restaurant\" data-trk=\"{&quot;cta&quot;:{&quot;action&quot;:&quot;Restaurant&quot;,&quot;category&quot;:&quot;tag&quot;,&quot;from&quot;:&quot;article footer&quot;,&quot;name&quot;:&quot;Restaurant&quot;,&quot;type&quot;:&quot;cta&quot;}}\" target=\"_blank\" rel=\"noopener\">#Restaurant<\/a><\/li>\n<\/ul>\n","protected":false},"excerpt":{"rendered":"Par Olivia Kouassi Publi\u00e9 le 22 juil. 2025 \u00e0 16h56 Un concept original dans un lieu qui l\u2019est&hellip;\n","protected":false},"author":2,"featured_media":265916,"comment_status":"","ping_status":"","sticky":false,"template":"","format":"standard","meta":{"footnotes":""},"categories":[2820],"tags":[1111,11,1777,674,1011,27,775,12,3147,25,1340,104,640],"class_list":{"0":"post-265915","1":"post","2":"type-post","3":"status-publish","4":"format-standard","5":"has-post-thumbnail","7":"category-strasbourg","8":"tag-actu","9":"tag-actualites","10":"tag-eu","11":"tag-europe","12":"tag-fr","13":"tag-france","14":"tag-grand-est","15":"tag-news","16":"tag-nouveaux-commerces","17":"tag-republique-francaise","18":"tag-restaurant","19":"tag-societe","20":"tag-strasbourg"},"share_on_mastodon":{"url":"https:\/\/pubeurope.com\/@fr\/114897668260362406","error":""},"_links":{"self":[{"href":"https:\/\/www.europesays.com\/fr\/wp-json\/wp\/v2\/posts\/265915","targetHints":{"allow":["GET"]}}],"collection":[{"href":"https:\/\/www.europesays.com\/fr\/wp-json\/wp\/v2\/posts"}],"about":[{"href":"https:\/\/www.europesays.com\/fr\/wp-json\/wp\/v2\/types\/post"}],"author":[{"embeddable":true,"href":"https:\/\/www.europesays.com\/fr\/wp-json\/wp\/v2\/users\/2"}],"replies":[{"embeddable":true,"href":"https:\/\/www.europesays.com\/fr\/wp-json\/wp\/v2\/comments?post=265915"}],"version-history":[{"count":0,"href":"https:\/\/www.europesays.com\/fr\/wp-json\/wp\/v2\/posts\/265915\/revisions"}],"wp:featuredmedia":[{"embeddable":true,"href":"https:\/\/www.europesays.com\/fr\/wp-json\/wp\/v2\/media\/265916"}],"wp:attachment":[{"href":"https:\/\/www.europesays.com\/fr\/wp-json\/wp\/v2\/media?parent=265915"}],"wp:term":[{"taxonomy":"category","embeddable":true,"href":"https:\/\/www.europesays.com\/fr\/wp-json\/wp\/v2\/categories?post=265915"},{"taxonomy":"post_tag","embeddable":true,"href":"https:\/\/www.europesays.com\/fr\/wp-json\/wp\/v2\/tags?post=265915"}],"curies":[{"name":"wp","href":"https:\/\/api.w.org\/{rel}","templated":true}]}}