{"id":265923,"date":"2025-07-22T15:50:22","date_gmt":"2025-07-22T15:50:22","guid":{"rendered":"https:\/\/www.europesays.com\/fr\/265923\/"},"modified":"2025-07-22T15:50:22","modified_gmt":"2025-07-22T15:50:22","slug":"quelles-sont-les-previsions-pour-cette-semaine","status":"publish","type":"post","link":"https:\/\/www.europesays.com\/fr\/265923\/","title":{"rendered":"quelles sont les pr\u00e9visions pour cette semaine\u00a0?"},"content":{"rendered":"<p>            Par<br \/>\n        <strong><br \/>\n            <a href=\"https:\/\/actu.fr\/auteur\/laure-gentil\" title=\"Consulter tous les articles de Laure Gentil\" rel=\"nofollow noopener\" target=\"_blank\">Laure Gentil<\/a><br \/>\n        <\/strong><\/p>\n<p>        Publi\u00e9 le<\/p>\n<p>            22 juil. 2025 \u00e0 6h32        <\/p>\n<p>L\u2019\u00e9t\u00e9 semble avoir pris la fuite en cette deuxi\u00e8me partie de juillet. <a href=\"https:\/\/actu.fr\/meteo\/inondations-et-orages-meteo-france-place-la-loire-atlantique-en-vigilance_62927335.html\" rel=\"nofollow noopener\" target=\"_blank\">Apr\u00e8s un week-end plac\u00e9 sous le signe de la vigilance jaune orages et pluie-inondations,<\/a> le ciel ne semble pas vouloir s\u2019\u00e9claircir cette semaine \u00e0 <strong>Nantes<\/strong>.<\/p>\n<p class=\" wall-content\">Les temp\u00e9ratures pourraient toutefois augmenter en fin de semaine. Voici les <strong>pr\u00e9visions<\/strong> de <a href=\"https:\/\/meteofrance.com\/previsions-meteo-france\/nantes\/44000\" rel=\"nofollow noopener\" target=\"_blank\">M\u00e9t\u00e9o France<\/a> pour la cit\u00e9 des Ducs de Bretagne.\u00a0<\/p>\n<p>\u00ab\u00a0Averses orageuses\u00a0\u00bb<\/p>\n<p class=\" wall-content\">Si la journ\u00e9e de lundi a \u00e9t\u00e9 venteuse et pluvieuse, celle de <strong>mardi<\/strong> devrait \u00eatre un peu plus calme. M\u00e9t\u00e9o France annonce <strong>un temps tr\u00e8s nuageux<\/strong> d\u00e8s le matin. Le ciel restera couvert dans l\u2019apr\u00e8s-midi et le soir. La pluie ne recommencera que dans la nuit de mardi \u00e0 mercredi. Les<strong> rafales de vent<\/strong>, elles, ne viendront plus vous \u00e9bouriffer de toute la semaine. Les <strong>temp\u00e9ratures<\/strong> oscilleront, ce mardi entre 20\u00b0C et 23\u00b0C.\u00a0<\/p>\n<p class=\" wall-content\">Mercredi, une \u00ab\u00a0<strong>pluie faible<\/strong>\u00a0\u00bb est attendue le matin, et des \u00ab\u00a0averses orageuses\u00a0\u00bb dans l\u2019apr\u00e8s-midi. Ce temps humide continuera jusque dans la soir\u00e9e. Le mercure descendra encore un peu avec 19\u00b0C le matin et 20\u00b0C dans l\u2019apr\u00e8s-midi.\u00a0<\/p>\n<p class=\" wall-content\">Il faudra encore sortir les parapluies jeudi matin mais M\u00e9t\u00e9o France pr\u00e9voit des \u00e9claircies dans la journ\u00e9e. Vendredi des averses et de la pluie sont au programme (indice de confiance de 3\/5) mais le thermom\u00e8tre va commencer \u00e0 grimper :<strong> 25\u00b0C dans l\u2019apr\u00e8s-midi.<\/strong> Une tendance qui pourrait se confirmer dans le week-end.\u00a0<\/p>\n<p class=\" wall-content\">Suivez toute l\u2019actualit\u00e9 de vos villes et m\u00e9dias favoris en vous inscrivant \u00e0 <a href=\"https:\/\/moncompte.actu.fr\" title=\"D\u00e9couvez Mon Actu\" rel=\"nofollow noopener\" data-trk=\"{&quot;cta&quot;:{&quot;action&quot;:&quot;https:\\\/\\\/moncompte.actu.fr&quot;,&quot;category&quot;:&quot;mon compte&quot;,&quot;from&quot;:&quot;article footer&quot;,&quot;name&quot;:&quot;Mon actu&quot;,&quot;type&quot;:&quot;cta&quot;}}\" target=\"_blank\">Mon Actu<\/a>.<\/p>\n","protected":false},"excerpt":{"rendered":"Par Laure Gentil Publi\u00e9 le 22 juil. 2025 \u00e0 6h32 L\u2019\u00e9t\u00e9 semble avoir pris la fuite en cette&hellip;\n","protected":false},"author":2,"featured_media":265924,"comment_status":"","ping_status":"","sticky":false,"template":"","format":"standard","meta":{"footnotes":""},"categories":[2818],"tags":[1111,11,1777,674,1011,27,2487,2357,766,12,2636,25],"class_list":{"0":"post-265923","1":"post","2":"type-post","3":"status-publish","4":"format-standard","5":"has-post-thumbnail","7":"category-nantes","8":"tag-actu","9":"tag-actualites","10":"tag-eu","11":"tag-europe","12":"tag-fr","13":"tag-france","14":"tag-meteo","15":"tag-meteo-france","16":"tag-nantes","17":"tag-news","18":"tag-pays-de-la-loire","19":"tag-republique-francaise"},"share_on_mastodon":{"url":"https:\/\/pubeurope.com\/@fr\/114897683976093404","error":""},"_links":{"self":[{"href":"https:\/\/www.europesays.com\/fr\/wp-json\/wp\/v2\/posts\/265923","targetHints":{"allow":["GET"]}}],"collection":[{"href":"https:\/\/www.europesays.com\/fr\/wp-json\/wp\/v2\/posts"}],"about":[{"href":"https:\/\/www.europesays.com\/fr\/wp-json\/wp\/v2\/types\/post"}],"author":[{"embeddable":true,"href":"https:\/\/www.europesays.com\/fr\/wp-json\/wp\/v2\/users\/2"}],"replies":[{"embeddable":true,"href":"https:\/\/www.europesays.com\/fr\/wp-json\/wp\/v2\/comments?post=265923"}],"version-history":[{"count":0,"href":"https:\/\/www.europesays.com\/fr\/wp-json\/wp\/v2\/posts\/265923\/revisions"}],"wp:featuredmedia":[{"embeddable":true,"href":"https:\/\/www.europesays.com\/fr\/wp-json\/wp\/v2\/media\/265924"}],"wp:attachment":[{"href":"https:\/\/www.europesays.com\/fr\/wp-json\/wp\/v2\/media?parent=265923"}],"wp:term":[{"taxonomy":"category","embeddable":true,"href":"https:\/\/www.europesays.com\/fr\/wp-json\/wp\/v2\/categories?post=265923"},{"taxonomy":"post_tag","embeddable":true,"href":"https:\/\/www.europesays.com\/fr\/wp-json\/wp\/v2\/tags?post=265923"}],"curies":[{"name":"wp","href":"https:\/\/api.w.org\/{rel}","templated":true}]}}