{"id":265925,"date":"2025-07-22T15:51:14","date_gmt":"2025-07-22T15:51:14","guid":{"rendered":"https:\/\/www.europesays.com\/fr\/265925\/"},"modified":"2025-07-22T15:51:14","modified_gmt":"2025-07-22T15:51:14","slug":"international-espoir-vainqueur-de-la-coupe-de-france-avec-nantes-trois-choses-a-savoir-sur-quentin-merlin-la-deuxieme-recrue-du-stade-rennais","status":"publish","type":"post","link":"https:\/\/www.europesays.com\/fr\/265925\/","title":{"rendered":"International espoir, vainqueur de la Coupe de France avec Nantes\u2026 Trois choses \u00e0 savoir sur Quentin Merlin, la deuxi\u00e8me recrue du Stade Rennais"},"content":{"rendered":"<p>Article r\u00e9serv\u00e9 aux abonn\u00e9s<\/p>\n<p class=\"tlg-author\">\n                Par<br \/>\n                Bryan Bellardant<\/p>\n<p>Le 22 juillet 2025 \u00e0 17h21<\/p>\n<p class=\"tlg-h5\">Le Stade Rennais a officialis\u00e9, ce mardi 22\u00a0juillet 2025, l\u2019arriv\u00e9e de Quentin Merlin, 23 ans, en provenance de l\u2019Olympique de Marseille. Il a paraph\u00e9 un contrat de quatre saisons avec le club breton.<\/p>\n<p><img fetchpriority=\"high\" decoding=\"async\" src=\"https:\/\/www.europesays.com\/fr\/wp-content\/uploads\/2025\/07\/687fac72f7ac22f8b1071664.1.jpeg\" width=\"960\" height=\"600\" class=\"web_golden_xl\" loading=\"eager\" alt=\"Le Stade Rennais a officialis\u00e9, ce mardi, l\u2019arriv\u00e9e du lat\u00e9ral gauche Quentin Merlin, en provenance de l\u2019Olympique de Marseille.\"\/>Le Stade Rennais a officialis\u00e9, ce mardi, l\u2019arriv\u00e9e du lat\u00e9ral gauche Quentin Merlin, en provenance de l\u2019Olympique de Marseille. (Photo Joe Klamar\/AFP)<\/p>\n","protected":false},"excerpt":{"rendered":"Article r\u00e9serv\u00e9 aux abonn\u00e9s Par Bryan Bellardant Le 22 juillet 2025 \u00e0 17h21 Le Stade Rennais a officialis\u00e9,&hellip;\n","protected":false},"author":2,"featured_media":265926,"comment_status":"","ping_status":"","sticky":false,"template":"","format":"standard","meta":{"footnotes":""},"categories":[2818],"tags":[1111,11,1777,674,63,1011,27,66,30393,24138,766,12,2636,584,25,60,3087],"class_list":{"0":"post-265925","1":"post","2":"type-post","3":"status-publish","4":"format-standard","5":"has-post-thumbnail","7":"category-nantes","8":"tag-actu","9":"tag-actualites","10":"tag-eu","11":"tag-europe","12":"tag-football","13":"tag-fr","14":"tag-france","15":"tag-ligue-1","16":"tag-mercato-pro","17":"tag-mercato-stade-rennais","18":"tag-nantes","19":"tag-news","20":"tag-pays-de-la-loire","21":"tag-rennes","22":"tag-republique-francaise","23":"tag-sports","24":"tag-stade-rennais"},"share_on_mastodon":{"url":"https:\/\/pubeurope.com\/@fr\/114897687974651143","error":""},"_links":{"self":[{"href":"https:\/\/www.europesays.com\/fr\/wp-json\/wp\/v2\/posts\/265925","targetHints":{"allow":["GET"]}}],"collection":[{"href":"https:\/\/www.europesays.com\/fr\/wp-json\/wp\/v2\/posts"}],"about":[{"href":"https:\/\/www.europesays.com\/fr\/wp-json\/wp\/v2\/types\/post"}],"author":[{"embeddable":true,"href":"https:\/\/www.europesays.com\/fr\/wp-json\/wp\/v2\/users\/2"}],"replies":[{"embeddable":true,"href":"https:\/\/www.europesays.com\/fr\/wp-json\/wp\/v2\/comments?post=265925"}],"version-history":[{"count":0,"href":"https:\/\/www.europesays.com\/fr\/wp-json\/wp\/v2\/posts\/265925\/revisions"}],"wp:featuredmedia":[{"embeddable":true,"href":"https:\/\/www.europesays.com\/fr\/wp-json\/wp\/v2\/media\/265926"}],"wp:attachment":[{"href":"https:\/\/www.europesays.com\/fr\/wp-json\/wp\/v2\/media?parent=265925"}],"wp:term":[{"taxonomy":"category","embeddable":true,"href":"https:\/\/www.europesays.com\/fr\/wp-json\/wp\/v2\/categories?post=265925"},{"taxonomy":"post_tag","embeddable":true,"href":"https:\/\/www.europesays.com\/fr\/wp-json\/wp\/v2\/tags?post=265925"}],"curies":[{"name":"wp","href":"https:\/\/api.w.org\/{rel}","templated":true}]}}