{"id":265931,"date":"2025-07-22T15:54:15","date_gmt":"2025-07-22T15:54:15","guid":{"rendered":"https:\/\/www.europesays.com\/fr\/265931\/"},"modified":"2025-07-22T15:54:15","modified_gmt":"2025-07-22T15:54:15","slug":"lolita-distributrice-et-etudiante-a-toulouse-school-of-management-haute-garonne","status":"publish","type":"post","link":"https:\/\/www.europesays.com\/fr\/265931\/","title":{"rendered":"Lolita, distributrice et \u00e9tudiante \u00e0 Toulouse School of Management &#8211; Haute Garonne"},"content":{"rendered":"<p>                    <img width=\"1707\" height=\"2560\" src=\"https:\/\/www.europesays.com\/fr\/wp-content\/uploads\/2025\/07\/2-10-scaled.jpg\" class=\"img-fluid portrait wp-post-image\" alt=\"Lolita sur son char de la caravane : un r\u00eave d\u2019enfant\" itemprop=\"image\" decoding=\"async\" fetchpriority=\"high\"  \/>                    <\/p>\n<p itemprop=\"name\">\n                                                Lolita sur son char de la caravane : un r\u00eave d\u2019enfant<br \/>\n                         Cr\u00e9dits :<br \/>\n                            SyB\n                                                <\/p>\n<p style=\"font-weight: 400\"><strong>Lolita est distributrice dans la caravane publicitaire Le Gaulois pour la 3\u00e8me ann\u00e9e.<\/strong><\/p>\n<p style=\"font-weight: 400\"><strong>Etudiante \u00e0 Toulouse School of Management (TSM), elle nous explique pourquoi cette \u00e9tape Toulouse-Toulouse a une saveur tr\u00e8s particuli\u00e8re.<\/strong><\/p>\n<p style=\"font-weight: 400\"><strong>La caravane du Tour de France, un r\u00eave d\u2019enfance<\/strong><\/p>\n<p style=\"font-weight: 400\">Enfant, chaque ann\u00e9e, Lolita \u00e9tait au bord de la route du Tour avec ses parents, pour voir passer la caravane et les cyclistes.<\/p>\n<p style=\"font-weight: 400\">\u00ab\u00a0Je r\u00eavais de participer moi-m\u00eame \u00e0 la caravane. Quand j\u2019ai eu l\u2019opportunit\u00e9 de le faire, je l\u2019ai saisie. Chaque ann\u00e9e, c\u2019est un immense plaisir de retrouver l\u2019\u00e9quipe des caravaniers Le Gaulois, avec parfois des petits nouveaux. On se retrouve et on se d\u00e9couvre\u00a0\u00bb commente la jeune femme en train de s\u2019\u00e9quiper pour l\u2019\u00e9tape.<\/p>\n<p style=\"font-weight: 400\"><strong>L\u2019\u00e9tape de Toulouse : incroyable !<\/strong><\/p>\n<p style=\"font-weight: 400\">\u00ab\u00a0Cette \u00e9tape va \u00eatre incroyable puisqu\u2019on passe dans toute ma ville, on passe devant mon \u00e9cole, on passe devant mes amis\u00a0!\u00a0\u00bb poursuit Lolita.<\/p>\n<p style=\"font-weight: 400\">Et quelques minutes plus tard, devant son \u00e9cole, quelle ne fut pas sa joie quand elle d\u00e9couvrit les pancartes de ses amis \u00e0 son effigie\u00a0!<\/p>\n<p>                Cet article est r\u00e9serv\u00e9 aux abonn\u00e9s.<\/p>\n<p class=\"signature\" itemscope=\"\" itemprop=\"Author\" itemtype=\"http:\/\/schema.org\/Person\">\n                SyB\n            <\/p>\n","protected":false},"excerpt":{"rendered":"Lolita sur son char de la caravane : un r\u00eave d\u2019enfant Cr\u00e9dits : SyB Lolita est distributrice dans&hellip;\n","protected":false},"author":2,"featured_media":265932,"comment_status":"","ping_status":"","sticky":false,"template":"","format":"standard","meta":{"footnotes":""},"categories":[2816],"tags":[1111,11,1777,674,1011,27,12,2680,301,25,2312],"class_list":{"0":"post-265931","1":"post","2":"type-post","3":"status-publish","4":"format-standard","5":"has-post-thumbnail","7":"category-toulouse","8":"tag-actu","9":"tag-actualites","10":"tag-eu","11":"tag-europe","12":"tag-fr","13":"tag-france","14":"tag-news","15":"tag-occitanie","16":"tag-premium","17":"tag-republique-francaise","18":"tag-toulouse"},"share_on_mastodon":{"url":"https:\/\/pubeurope.com\/@fr\/114897699787933777","error":""},"_links":{"self":[{"href":"https:\/\/www.europesays.com\/fr\/wp-json\/wp\/v2\/posts\/265931","targetHints":{"allow":["GET"]}}],"collection":[{"href":"https:\/\/www.europesays.com\/fr\/wp-json\/wp\/v2\/posts"}],"about":[{"href":"https:\/\/www.europesays.com\/fr\/wp-json\/wp\/v2\/types\/post"}],"author":[{"embeddable":true,"href":"https:\/\/www.europesays.com\/fr\/wp-json\/wp\/v2\/users\/2"}],"replies":[{"embeddable":true,"href":"https:\/\/www.europesays.com\/fr\/wp-json\/wp\/v2\/comments?post=265931"}],"version-history":[{"count":0,"href":"https:\/\/www.europesays.com\/fr\/wp-json\/wp\/v2\/posts\/265931\/revisions"}],"wp:featuredmedia":[{"embeddable":true,"href":"https:\/\/www.europesays.com\/fr\/wp-json\/wp\/v2\/media\/265932"}],"wp:attachment":[{"href":"https:\/\/www.europesays.com\/fr\/wp-json\/wp\/v2\/media?parent=265931"}],"wp:term":[{"taxonomy":"category","embeddable":true,"href":"https:\/\/www.europesays.com\/fr\/wp-json\/wp\/v2\/categories?post=265931"},{"taxonomy":"post_tag","embeddable":true,"href":"https:\/\/www.europesays.com\/fr\/wp-json\/wp\/v2\/tags?post=265931"}],"curies":[{"name":"wp","href":"https:\/\/api.w.org\/{rel}","templated":true}]}}