{"id":265935,"date":"2025-07-22T15:56:17","date_gmt":"2025-07-22T15:56:17","guid":{"rendered":"https:\/\/www.europesays.com\/fr\/265935\/"},"modified":"2025-07-22T15:56:17","modified_gmt":"2025-07-22T15:56:17","slug":"laccrochage-tourne-mal-un-automobiliste-sort-une-cle-a-mollette-pour-en-menacer-un-autre","status":"publish","type":"post","link":"https:\/\/www.europesays.com\/fr\/265935\/","title":{"rendered":"l&rsquo;accrochage tourne mal, un automobiliste sort une cl\u00e9 \u00e0 mollette pour en menacer un autre"},"content":{"rendered":"<p>            Par<br \/>\n        <strong><br \/>\n            <a href=\"https:\/\/actu.fr\/auteur\/hervine-mahaud\" title=\"Consulter tous les articles de Hervine Mahaud\" rel=\"nofollow noopener\" target=\"_blank\">Hervine Mahaud<\/a><br \/>\n        <\/strong><\/p>\n<p>        Publi\u00e9 le<\/p>\n<p>            22 juil. 2025 \u00e0 16h48        <\/p>\n<p data-end=\"418\">Une <b>altercation tendue entre conducteurs<\/b> s\u2019est produite ce lundi 21 juillet 2025, vers 15h10, sur la commune de <a href=\"https:\/\/actu.fr\/hauts-de-france\/marcq-en-baroeul_59378\" rel=\"nofollow noopener\" target=\"_blank\">Marcq-en-Bar\u0153ul<\/a> (Nord), dans la zone industrielle. La police a interpell\u00e9 un homme n\u00e9 en 1985 apr\u00e8s des <b>violences volontaires<\/b>.<\/p>\n<p>Il tente de forcer le passage et finit par se montrer violent<\/p>\n<p data-end=\"603\" class=\" wall-content\">Les forces de l\u2019ordre ont \u00e9t\u00e9 appel\u00e9es pour une rixe entre deux individus. \u00c0 leur arriv\u00e9e, ils prennent contact avec la victime, un automobiliste \u00e2g\u00e9 de 43 ans, qui raconte les faits.<\/p>\n<p data-end=\"910\" class=\" wall-content\">Quelques instants plus t\u00f4t, un accrochage s\u2019\u00e9tait produit entre son v\u00e9hicule et un camion, provoquant un embouteillage sur l\u2019axe principal menant \u00e0 la zone industrielle. En attendant que la route soit d\u00e9gag\u00e9e, les deux conducteurs impliqu\u00e9s avaient pris l\u2019initiative d\u2019organiser eux-m\u00eames la circulation.<\/p>\n<p data-end=\"1250\" class=\" wall-content\">C\u2019est \u00e0 ce moment qu\u2019un v\u00e9hicule remonte toute la file \u00e0 vive allure et vient se placer en t\u00eate, juste devant la victime. Cette derni\u00e8re interpelle alors le conducteur et lui demande \u00ab\u00a0de retourner dans la file et d\u2019attendre comme tout le monde\u00a0\u00bb, relate la police. Mais l\u2019individu refuse, tente de forcer le passage et manque de percuter la victime, qui s\u2019\u00e9carte \u00e0 temps.<\/p>\n<p data-end=\"1460\" class=\" wall-content\">L\u2019homme descend alors de sa voiture, arm\u00e9 d\u2019une cl\u00e9 \u00e0 molette, et menace la victime. L\u2019intervention rapide d\u2019un passant permet d\u2019\u00e9viter que la situation ne d\u00e9g\u00e9n\u00e8re davantage. L\u2019auteur prend ensuite la fuite.<\/p>\n<p data-end=\"1651\" class=\" wall-content\">Rep\u00e9r\u00e9 un peu plus loin alors qu\u2019il roulait en direction de la sortie de la zone industrielle, l\u2019homme est formellement reconnu par la victime et imm\u00e9diatement interpell\u00e9 par les policiers. La victime, choqu\u00e9e mais indemne, s\u2019est rendue dans les plus brefs d\u00e9lais au commissariat pour d\u00e9poser plainte.<\/p>\n<p class=\" wall-content\">Suivez toute l\u2019actualit\u00e9 de vos villes et m\u00e9dias favoris en vous inscrivant \u00e0 <a href=\"https:\/\/moncompte.actu.fr\" title=\"D\u00e9couvez Mon Actu\" rel=\"nofollow noopener\" data-trk=\"{&quot;cta&quot;:{&quot;action&quot;:&quot;https:\\\/\\\/moncompte.actu.fr&quot;,&quot;category&quot;:&quot;mon compte&quot;,&quot;from&quot;:&quot;article footer&quot;,&quot;name&quot;:&quot;Mon actu&quot;,&quot;type&quot;:&quot;cta&quot;}}\" target=\"_blank\">Mon Actu<\/a>.<\/p>\n","protected":false},"excerpt":{"rendered":"Par Hervine Mahaud Publi\u00e9 le 22 juil. 2025 \u00e0 16h48 Une altercation tendue entre conducteurs s\u2019est produite ce&hellip;\n","protected":false},"author":2,"featured_media":265936,"comment_status":"","ping_status":"","sticky":false,"template":"","format":"standard","meta":{"footnotes":""},"categories":[2815],"tags":[119,1111,11,3542,1777,674,118,1011,27,811,1307,12,25],"class_list":{"0":"post-265935","1":"post","2":"type-post","3":"status-publish","4":"format-standard","5":"has-post-thumbnail","7":"category-lille","8":"tag-accident","9":"tag-actu","10":"tag-actualites","11":"tag-circulation","12":"tag-eu","13":"tag-europe","14":"tag-faits-divers","15":"tag-fr","16":"tag-france","17":"tag-hauts-de-france","18":"tag-lille","19":"tag-news","20":"tag-republique-francaise"},"share_on_mastodon":{"url":"https:\/\/pubeurope.com\/@fr\/114897707722107206","error":""},"_links":{"self":[{"href":"https:\/\/www.europesays.com\/fr\/wp-json\/wp\/v2\/posts\/265935","targetHints":{"allow":["GET"]}}],"collection":[{"href":"https:\/\/www.europesays.com\/fr\/wp-json\/wp\/v2\/posts"}],"about":[{"href":"https:\/\/www.europesays.com\/fr\/wp-json\/wp\/v2\/types\/post"}],"author":[{"embeddable":true,"href":"https:\/\/www.europesays.com\/fr\/wp-json\/wp\/v2\/users\/2"}],"replies":[{"embeddable":true,"href":"https:\/\/www.europesays.com\/fr\/wp-json\/wp\/v2\/comments?post=265935"}],"version-history":[{"count":0,"href":"https:\/\/www.europesays.com\/fr\/wp-json\/wp\/v2\/posts\/265935\/revisions"}],"wp:featuredmedia":[{"embeddable":true,"href":"https:\/\/www.europesays.com\/fr\/wp-json\/wp\/v2\/media\/265936"}],"wp:attachment":[{"href":"https:\/\/www.europesays.com\/fr\/wp-json\/wp\/v2\/media?parent=265935"}],"wp:term":[{"taxonomy":"category","embeddable":true,"href":"https:\/\/www.europesays.com\/fr\/wp-json\/wp\/v2\/categories?post=265935"},{"taxonomy":"post_tag","embeddable":true,"href":"https:\/\/www.europesays.com\/fr\/wp-json\/wp\/v2\/tags?post=265935"}],"curies":[{"name":"wp","href":"https:\/\/api.w.org\/{rel}","templated":true}]}}