{"id":265939,"date":"2025-07-22T15:58:14","date_gmt":"2025-07-22T15:58:14","guid":{"rendered":"https:\/\/www.europesays.com\/fr\/265939\/"},"modified":"2025-07-22T15:58:14","modified_gmt":"2025-07-22T15:58:14","slug":"pres-de-marseille-cette-chaine-de-fast-food-ouvre-un-nouveau-restaurant-voici-quand","status":"publish","type":"post","link":"https:\/\/www.europesays.com\/fr\/265939\/","title":{"rendered":"Pr\u00e8s de Marseille. Cette cha\u00eene de fast-food ouvre un nouveau restaurant, voici quand"},"content":{"rendered":"<p>            Par<br \/>\n        <strong><br \/>\n            <a href=\"https:\/\/actu.fr\/auteur\/thomas-blanc\" title=\"Consulter tous les articles de Thomas Blanc\" rel=\"nofollow noopener\" target=\"_blank\">Thomas Blanc<\/a><br \/>\n        <\/strong><\/p>\n<p>        Publi\u00e9 le<\/p>\n<p>            22 juil. 2025 \u00e0 17h42        <\/p>\n<p>Les cha\u00eenes de <strong>fast-food<\/strong> ne courent pas les rues dans la petite ville de <a href=\"https:\/\/actu.fr\/provence-alpes-cote-d-azur\/fos-sur-mer_13039\" rel=\"nofollow noopener\" target=\"_blank\">Fos-sur-Mer<\/a> pr\u00e8s de <a href=\"https:\/\/actu.fr\/marseille\/\" rel=\"nofollow noopener\" target=\"_blank\">Marseille<\/a>. L\u2019institution <a href=\"https:\/\/actu.fr\/?s=burger+king\" rel=\"nofollow noopener\" target=\"_blank\">Burger King<\/a> semble l\u2019avoir bien compris puisque c\u2019est ici que la multinationale am\u00e9ricaine ouvre son nouveau restaurant.<\/p>\n<p class=\" wall-content\">Le restaurant accueillera des clients d\u00e8s le mercredi <strong>23\u00a0juillet<\/strong> 2025 de 11h \u00e0 minuit tous les jours dans la zone des Vallins.<\/p>\n<p>Les employ\u00e9s recrut\u00e9s dans le d\u00e9partement<\/p>\n<p class=\" wall-content\">Le restaurant est \u00e9quip\u00e9 de <strong>deux pistes de drive<\/strong> et d\u2019une grande salle o\u00f9 s\u2019asseoir manger.<\/p>\n<p>    <a href=\"https:\/\/www.google.com\/maps\/embed?pb=!1m18!1m12!1m3!1d9721.780309579684!2d4.947175755638677!3d43.44767569064509!2m3!1f0!2f0!3f0!3m2!1i1024!2i768!4f13.1!3m3!1m2!1s0x12b6190079b74815%3A0x5dd94ab43244eeb3!2sBurger%20King!5e0!3m2!1sfr!2sfr!4v1753190528689!5m2!1sfr!2sfr\" title=\"Ouvrie le lien\" rel=\"nofollow noopener\" target=\"_blank\">Cliquez ici pour visualiser le contenu<\/a><\/p>\n<p class=\" wall-content\">Les \u00e9quipes ont \u00e9t\u00e9 recrut\u00e9es parmi les habitants de la commune. On compte <strong>60 employ\u00e9s<\/strong>. Des offres d\u2019emplois sont d\u2019ailleurs toujours disponibles sur <a href=\"https:\/\/nosoffres.burgerking.fr\/fr\/annonce\/3648205-equipier-polyvalent-hf-13270-fos-sur-mer\" rel=\"nofollow noopener\" target=\"_blank\">le site du restaurant<\/a>.<\/p>\n<p>22 restaurants dans le d\u00e9partement<\/p>\n<p class=\" wall-content\">\u00ab\u2009Je tiens \u00e0 remercier la Mission locale, France Travail ainsi que la mairie de Fos-sur-Mer avec qui nous avons tr\u00e8s bien collabor\u00e9 pour favoriser l\u2019embauche locale\u2009\u00bb, raconte dans un communiqu\u00e9, Vincent Lavall\u00e9e, directeur de ce nouveau restaurant et de huit autres franchises Burger King.<\/p>\n<p>    <a href=\"https:\/\/www.facebook.com\/plugins\/post.php?href=https%3A%2F%2Fwww.facebook.com%2Fvilledefos%2Fposts%2Fpfbid033dwtpyNVVq7egmUgtaoUmw4Kd88zpZBhXU5hAqXTZ1K97t2afDvnc9Cm4j4b5nHnl&amp;show_text=true&amp;width=350\" title=\"Ouvrie le lien\" rel=\"nofollow noopener\" target=\"_blank\">Cliquez ici pour visualiser le contenu<\/a><\/p>\n<p class=\" wall-content\">De nombreux autres <a href=\"https:\/\/actu.fr\/provence-alpes-cote-d-azur\/les-pennes-mirabeau_13071\/pres-de-marseille-tous-ces-nouveaux-restaurants-debarquent-dans-ce-centre-commercial-tres-connu_62849151.html\" rel=\"nofollow noopener\" target=\"_blank\">restaurants ont \u00e9galement r\u00e9cemment ouvert<\/a> \u00e0 Plan-de-Campagne, aux <a href=\"https:\/\/actu.fr\/provence-alpes-cote-d-azur\/les-pennes-mirabeau_13071\" rel=\"nofollow noopener\" target=\"_blank\">Pennes-Mirabeau<\/a>. Ce restaurant de Fos-sur-Mer sera le 22e de la cha\u00eene Burger King dans les <a href=\"https:\/\/actu.fr\/provence-alpes-cote-d-azur\/bouches-du-rhone_13\" rel=\"nofollow noopener\" target=\"_blank\">Bouches-du-Rh\u00f4ne<\/a>.<\/p>\n<p class=\" wall-content\">Suivez toute l\u2019actualit\u00e9 de vos villes et m\u00e9dias favoris en vous inscrivant \u00e0 <a href=\"https:\/\/moncompte.actu.fr\" title=\"D\u00e9couvez Mon Actu\" rel=\"nofollow noopener\" data-trk=\"{&quot;cta&quot;:{&quot;action&quot;:&quot;https:\\\/\\\/moncompte.actu.fr&quot;,&quot;category&quot;:&quot;mon compte&quot;,&quot;from&quot;:&quot;article footer&quot;,&quot;name&quot;:&quot;Mon actu&quot;,&quot;type&quot;:&quot;cta&quot;}}\" target=\"_blank\">Mon Actu<\/a>.<\/p>\n","protected":false},"excerpt":{"rendered":"Par Thomas Blanc Publi\u00e9 le 22 juil. 2025 \u00e0 17h42 Les cha\u00eenes de fast-food ne courent pas les&hellip;\n","protected":false},"author":2,"featured_media":152151,"comment_status":"","ping_status":"","sticky":false,"template":"","format":"standard","meta":{"footnotes":""},"categories":[2814],"tags":[1111,11,215,1777,674,1011,27,1305,884,12,882,25,1340,10479],"class_list":{"0":"post-265939","1":"post","2":"type-post","3":"status-publish","4":"format-standard","5":"has-post-thumbnail","7":"category-marseille","8":"tag-actu","9":"tag-actualites","10":"tag-commerce","11":"tag-eu","12":"tag-europe","13":"tag-fr","14":"tag-france","15":"tag-lifestyle","16":"tag-marseille","17":"tag-news","18":"tag-provence-alpes-cote-dazur","19":"tag-republique-francaise","20":"tag-restaurant","21":"tag-street-food"},"share_on_mastodon":{"url":"https:\/\/pubeurope.com\/@fr\/114897715423997759","error":""},"_links":{"self":[{"href":"https:\/\/www.europesays.com\/fr\/wp-json\/wp\/v2\/posts\/265939","targetHints":{"allow":["GET"]}}],"collection":[{"href":"https:\/\/www.europesays.com\/fr\/wp-json\/wp\/v2\/posts"}],"about":[{"href":"https:\/\/www.europesays.com\/fr\/wp-json\/wp\/v2\/types\/post"}],"author":[{"embeddable":true,"href":"https:\/\/www.europesays.com\/fr\/wp-json\/wp\/v2\/users\/2"}],"replies":[{"embeddable":true,"href":"https:\/\/www.europesays.com\/fr\/wp-json\/wp\/v2\/comments?post=265939"}],"version-history":[{"count":0,"href":"https:\/\/www.europesays.com\/fr\/wp-json\/wp\/v2\/posts\/265939\/revisions"}],"wp:featuredmedia":[{"embeddable":true,"href":"https:\/\/www.europesays.com\/fr\/wp-json\/wp\/v2\/media\/152151"}],"wp:attachment":[{"href":"https:\/\/www.europesays.com\/fr\/wp-json\/wp\/v2\/media?parent=265939"}],"wp:term":[{"taxonomy":"category","embeddable":true,"href":"https:\/\/www.europesays.com\/fr\/wp-json\/wp\/v2\/categories?post=265939"},{"taxonomy":"post_tag","embeddable":true,"href":"https:\/\/www.europesays.com\/fr\/wp-json\/wp\/v2\/tags?post=265939"}],"curies":[{"name":"wp","href":"https:\/\/api.w.org\/{rel}","templated":true}]}}