{"id":26594,"date":"2025-04-15T13:17:09","date_gmt":"2025-04-15T13:17:09","guid":{"rendered":"https:\/\/www.europesays.com\/fr\/26594\/"},"modified":"2025-04-15T13:17:09","modified_gmt":"2025-04-15T13:17:09","slug":"cinq-jeunes-condamnes-pour-lincendie-dun-helicoptere-commandite-par-lukraine","status":"publish","type":"post","link":"https:\/\/www.europesays.com\/fr\/26594\/","title":{"rendered":"cinq jeunes condamn\u00e9s pour l&rsquo;incendie d&rsquo;un h\u00e9licopt\u00e8re commandit\u00e9 par l&rsquo;Ukraine"},"content":{"rendered":"<p class=\"fig-paragraph\">Un tribunal militaire russe a condamn\u00e9 \u00e0 des peines allant jusqu&rsquo;\u00e0 18 ans de prison cinq jeunes accus\u00e9s de \u00absabotage\u00bb pour le compte des\u00a0<a href=\"http:\/\/www.lefigaro.fr\/international\/le-renseignement-militaire-ukrainien-revendique-un-role-dans-l-embuscade-meurtriere-tendue-a-wagner-au-mali-20240731\" target=\"_blank\" data-fig-type=\"Article\" rel=\"noopener\" data-gtm-custom-categorie=\"navigation\" data-gtm-custom-action=\"crossclick\" data-gtm-custom-label=\"Contextuel\" data-gtm-event=\"customEventSPE\" data-fig-domain=\"LEFIGARO\">renseignements ukrainiens<\/a>, notamment d&rsquo;avoir incendi\u00e9 un h\u00e9licopt\u00e8re de sauvetage, ont rapport\u00e9 ce mardi les agences d&rsquo;\u00c9tat. Les autorit\u00e9s russes multiplient, depuis l&rsquo;offensive des forces de\u00a0<a href=\"http:\/\/www.lefigaro.fr\/international\/moscou-convocation-du-numero-deux-de-l-ambassade-de-france-apres-la-breve-detention-d-une-russe-a-roissy-20250409\" target=\"_blank\" data-fig-type=\"NewsFlash\" rel=\"noopener\" data-gtm-custom-categorie=\"navigation\" data-gtm-custom-action=\"crossclick\" data-gtm-custom-label=\"Contextuel\" data-gtm-event=\"customEventSPE\" data-fig-domain=\"LEFIGARO\">Moscou\u00a0<\/a>en Ukraine, les arrestations pour \u00abespionnage\u00bb, \u00abtrahison\u00bb, \u00absabotage\u00bb ou \u00abextr\u00e9misme\u00bb, avec souvent de tr\u00e8s lourdes peines de prison \u00e0 la cl\u00e9.<\/p>\n<p class=\"fig-paragraph\">Stanislav Khamidouline, Roman Iakovets, Nikita Boulgakov, Daniil Iamskov et Anastasia Motchalina, \u00e9taient accus\u00e9s d&rsquo;avoir mis le feu \u00e0 une installation ferroviaire et \u00e0 un h\u00e9licopt\u00e8re dans un a\u00e9roport de Moscou. Stanislav Khamidouline aurait \u00e9t\u00e9 recrut\u00e9 par les services ukrainiens, qui auraient promis de l&rsquo;argent et il aurait \u00e0 son tour trouv\u00e9 ses jeunes co-accus\u00e9s sur Internet, selon l&rsquo;agence russe \u00e9tatique Ria Novosti.<\/p>\n<p>\u00abMa faute est d\u2019\u00eatre na\u00efve\u00bb<\/p>\n<p class=\"fig-paragraph\">Arr\u00eat\u00e9s en avril 2024, ils ont \u00e9t\u00e9 condamn\u00e9s \u00e0 des peines allant de 12,5 \u00e0 18 ans de prison pour \u00absabotage\u00bb et \u00ab<a href=\"http:\/\/www.lefigaro.fr\/international\/la-defense-aerienne-russe-abat-deux-drones-dans-la-region-de-moscou-20230704\" target=\"_blank\" data-fig-type=\"NewsFlash\" rel=\"noopener\" data-gtm-custom-categorie=\"navigation\" data-gtm-custom-action=\"crossclick\" data-gtm-custom-label=\"Contextuel\" data-gtm-event=\"customEventSPE\" data-fig-domain=\"LEFIGARO\">acte terroriste<\/a> \u00bb, d&rsquo;apr\u00e8s cette source. Le renseignement militaire ukrainien (GUR) avait publi\u00e9 le 26 avril 2024 une vid\u00e9o pr\u00e9sent\u00e9e comme montrant l&rsquo;incendie d&rsquo;un h\u00e9licopt\u00e8re russe dans l&rsquo;a\u00e9roport moscovite d&rsquo;Ostafievo. Quatre des accus\u00e9s ont plaid\u00e9 coupable, selon le site russe sp\u00e9cialis\u00e9 Mediazona.<\/p>\n<p class=\"fig-paragraph\">Seule Anastasia Motchalina a affirm\u00e9 n&rsquo;avoir pas \u00e9t\u00e9 au courant des projets de ses amis. \u00abMa faute est d&rsquo;\u00eatre jeune, stupide, na\u00efve\u00bb, a-t-elle dit lors du proc\u00e8s, selon ce m\u00e9dia ind\u00e9pendant, demandant au tribunal de ne pas la priver de sa \u00abvie\u00bb et de sa \u00abjeunesse\u00bb. Les jeunes hommes qui ont plaid\u00e9 coupable ont ni\u00e9 toute motivation politique ou opposition \u00e0 l&rsquo;offensive russe en\u00a0<a href=\"http:\/\/www.lefigaro.fr\/international\/deuil-et-colere-a-soumy-en-ukraine-apres-la-double-frappe-russe-meurtriere-le-recit-de-l-envoyee-speciale-du-figaro-20250414\" target=\"_blank\" data-fig-type=\"Article\" rel=\"noopener\" data-gtm-custom-categorie=\"navigation\" data-gtm-custom-action=\"crossclick\" data-gtm-custom-label=\"Contextuel\" data-gtm-event=\"customEventSPE\" data-fig-domain=\"LEFIGARO\">Ukraine<\/a>. Stanislav Khamidouline a par exemple dit avoir voulu de l&rsquo;argent \u00abfacile\u00bb.<\/p>\n<p class=\"fig-paragraph\">D&rsquo;apr\u00e8s l&rsquo;agence Ria Novosti, les services ukrainiens avaient promis 3 millions de roubles, soit environ 32.250 euros, mais n&rsquo;ont finalement vers\u00e9 que l&rsquo;\u00e9quivalent d&rsquo;une centaine d&rsquo;euros. Selon Mediazona, Daniil Iamskov a m\u00eame demand\u00e9 \u00e0 \u00eatre envoy\u00e9 combattre en Ukraine, ce qui constitue une voie de sortie de prison pour les d\u00e9tenus en Russie.<\/p>\n","protected":false},"excerpt":{"rendered":"Un tribunal militaire russe a condamn\u00e9 \u00e0 des peines allant jusqu&rsquo;\u00e0 18 ans de prison cinq jeunes accus\u00e9s&hellip;\n","protected":false},"author":2,"featured_media":26595,"comment_status":"","ping_status":"","sticky":false,"template":"","format":"standard","meta":{"footnotes":""},"categories":[1591],"tags":[1111,47,11,1109,1112,118,1887,1108,107,1106,1107,27,1310,1110,1114,14,12,1113,316,1885,1886,132,220],"class_list":{"0":"post-26594","1":"post","2":"type-post","3":"status-publish","4":"format-standard","5":"has-post-thumbnail","7":"category-russie","8":"tag-actu","9":"tag-actualite","10":"tag-actualites","11":"tag-breves","12":"tag-depeches","13":"tag-faits-divers","14":"tag-federation-de-russie","15":"tag-fil","16":"tag-fil-info","17":"tag-flash","18":"tag-flash-actu","19":"tag-france","20":"tag-incendie","21":"tag-informations","22":"tag-infos","23":"tag-international","24":"tag-news","25":"tag-nouvelles","26":"tag-politique","27":"tag-russia","28":"tag-russian-federation","29":"tag-russie","30":"tag-ukraine"},"share_on_mastodon":{"url":"https:\/\/pubeurope.com\/@fr\/114342175881923040","error":""},"_links":{"self":[{"href":"https:\/\/www.europesays.com\/fr\/wp-json\/wp\/v2\/posts\/26594","targetHints":{"allow":["GET"]}}],"collection":[{"href":"https:\/\/www.europesays.com\/fr\/wp-json\/wp\/v2\/posts"}],"about":[{"href":"https:\/\/www.europesays.com\/fr\/wp-json\/wp\/v2\/types\/post"}],"author":[{"embeddable":true,"href":"https:\/\/www.europesays.com\/fr\/wp-json\/wp\/v2\/users\/2"}],"replies":[{"embeddable":true,"href":"https:\/\/www.europesays.com\/fr\/wp-json\/wp\/v2\/comments?post=26594"}],"version-history":[{"count":0,"href":"https:\/\/www.europesays.com\/fr\/wp-json\/wp\/v2\/posts\/26594\/revisions"}],"wp:featuredmedia":[{"embeddable":true,"href":"https:\/\/www.europesays.com\/fr\/wp-json\/wp\/v2\/media\/26595"}],"wp:attachment":[{"href":"https:\/\/www.europesays.com\/fr\/wp-json\/wp\/v2\/media?parent=26594"}],"wp:term":[{"taxonomy":"category","embeddable":true,"href":"https:\/\/www.europesays.com\/fr\/wp-json\/wp\/v2\/categories?post=26594"},{"taxonomy":"post_tag","embeddable":true,"href":"https:\/\/www.europesays.com\/fr\/wp-json\/wp\/v2\/tags?post=26594"}],"curies":[{"name":"wp","href":"https:\/\/api.w.org\/{rel}","templated":true}]}}