{"id":265943,"date":"2025-07-22T16:01:12","date_gmt":"2025-07-22T16:01:12","guid":{"rendered":"https:\/\/www.europesays.com\/fr\/265943\/"},"modified":"2025-07-22T16:01:12","modified_gmt":"2025-07-22T16:01:12","slug":"sous-la-tremie-de-jean-mace-le-camp-de-fortune-evacue","status":"publish","type":"post","link":"https:\/\/www.europesays.com\/fr\/265943\/","title":{"rendered":"sous la tr\u00e9mie de Jean-Mac\u00e9, le camp de fortune \u00e9vacu\u00e9"},"content":{"rendered":"<p>Mont\u00e9 sur un banc en pierre, Sami* observe de loin, en fumant une cigarette, le ballet des hommes en blanc et des engins de chantier qui s\u2019activent pour faire dispara\u00eetre les derni\u00e8res traces du campement de fortune install\u00e9 sous la tr\u00e9mie surplombant l\u2019avenue Jean-Jaur\u00e8s, \u00e0 hauteur de la gare Jean-Mac\u00e9. Il vivait l\u00e0, sous une tente, depuis deux mois.\u00a0Quand on lui demande o\u00f9 il dormira ce soir, il murmure un\u00a0: \u00ab\u00a0Je ne sais pas, j\u2019ai besoin de r\u00e9fl\u00e9chir.\u00a0\u00bb<\/p>\n<p>Il est \u00e0 peine plus de 6 heures, ce mardi, lorsque <a href=\"https:\/\/www.leprogres.fr\/societe\/2025\/07\/22\/le-campement-sous-le-pont-jean-mace-evacue-ce-mardi-matin\" target=\"_blank\" rel=\"nofollow noopener\">l\u2019op\u00e9ration de police est lanc\u00e9e pour proc\u00e9der \u00e0 l\u2019\u00e9vacuation du site<\/a>. Cela faisait quatre ans que les tentes et autres abris de bric et de broc s\u2019\u00e9taient install\u00e9s ici, prenant de l\u2019ampleur au fil du temps jusqu\u2019\u00e0 atteindre une centaine de personnes ces derni\u00e8res semaines. Quatre ans que, dans le quartier, riverains et commer\u00e7ants r\u00e9clamaient la fin de l\u2019occupation en d\u00e9non\u00e7ant l\u2019inertie des pouvoirs publics face \u00e0 la&#8230;<\/p>\n","protected":false},"excerpt":{"rendered":"Mont\u00e9 sur un banc en pierre, Sami* observe de loin, en fumant une cigarette, le ballet des hommes&hellip;\n","protected":false},"author":2,"featured_media":265944,"comment_status":"","ping_status":"","sticky":false,"template":"","format":"standard","meta":{"footnotes":""},"categories":[1889],"tags":[1111,11,2430,2757,1777,674,107,1011,27,2428,2756,12,25,2429,801],"class_list":{"0":"post-265943","1":"post","2":"type-post","3":"status-publish","4":"format-standard","5":"has-post-thumbnail","7":"category-lyon","8":"tag-actu","9":"tag-actualites","10":"tag-auvergne-rhone-alpes","11":"tag-edition-lyon-villeurbanne","12":"tag-eu","13":"tag-europe","14":"tag-fil-info","15":"tag-fr","16":"tag-france","17":"tag-lyon","18":"tag-lyon-bassin","19":"tag-news","20":"tag-republique-francaise","21":"tag-rhone","22":"tag-social"},"share_on_mastodon":{"url":"https:\/\/pubeurope.com\/@fr\/114897727187380103","error":""},"_links":{"self":[{"href":"https:\/\/www.europesays.com\/fr\/wp-json\/wp\/v2\/posts\/265943","targetHints":{"allow":["GET"]}}],"collection":[{"href":"https:\/\/www.europesays.com\/fr\/wp-json\/wp\/v2\/posts"}],"about":[{"href":"https:\/\/www.europesays.com\/fr\/wp-json\/wp\/v2\/types\/post"}],"author":[{"embeddable":true,"href":"https:\/\/www.europesays.com\/fr\/wp-json\/wp\/v2\/users\/2"}],"replies":[{"embeddable":true,"href":"https:\/\/www.europesays.com\/fr\/wp-json\/wp\/v2\/comments?post=265943"}],"version-history":[{"count":0,"href":"https:\/\/www.europesays.com\/fr\/wp-json\/wp\/v2\/posts\/265943\/revisions"}],"wp:featuredmedia":[{"embeddable":true,"href":"https:\/\/www.europesays.com\/fr\/wp-json\/wp\/v2\/media\/265944"}],"wp:attachment":[{"href":"https:\/\/www.europesays.com\/fr\/wp-json\/wp\/v2\/media?parent=265943"}],"wp:term":[{"taxonomy":"category","embeddable":true,"href":"https:\/\/www.europesays.com\/fr\/wp-json\/wp\/v2\/categories?post=265943"},{"taxonomy":"post_tag","embeddable":true,"href":"https:\/\/www.europesays.com\/fr\/wp-json\/wp\/v2\/tags?post=265943"}],"curies":[{"name":"wp","href":"https:\/\/api.w.org\/{rel}","templated":true}]}}