{"id":265953,"date":"2025-07-22T16:08:13","date_gmt":"2025-07-22T16:08:13","guid":{"rendered":"https:\/\/www.europesays.com\/fr\/265953\/"},"modified":"2025-07-22T16:08:13","modified_gmt":"2025-07-22T16:08:13","slug":"jean-noel-barrot-sest-rendu-a-kharviv","status":"publish","type":"post","link":"https:\/\/www.europesays.com\/fr\/265953\/","title":{"rendered":"Jean-No\u00ebl Barrot s\u2019est rendu \u00e0 Kharviv"},"content":{"rendered":"<p>   Les d\u00e9put\u00e9s ukrainiens privent les instances anticorruption de leur ind\u00e9pendance             <\/p>\n<p class=\"post__live-container--answer-text post__space-node\">Les d\u00e9put\u00e9s ukrainiens ont adopt\u00e9 mardi une loi qui prive les deux institutions charg\u00e9es de la lutte anticorruption de leur ind\u00e9pendance, au lendemain de l\u2019arrestation, tr\u00e8s critiqu\u00e9e, d\u2019un responsable travaillant dans l\u2019une de ces structures.<\/p>\n<p class=\"post__live-container--answer-text post__space-node\">Malgr\u00e9 les critiques, le Parlement a vot\u00e9 mardi \u00e0 263\u00a0voix pour, 13 contre et 13\u00a0abstentions, pour subordonner les activit\u00e9s du Bureau national de lutte contre la corruption (NABU) et du parquet sp\u00e9cialis\u00e9 (SAP) au procureur g\u00e9n\u00e9ral, lui-m\u00eame subordonn\u00e9 au pr\u00e9sident, Volodymyr Zelensky.<\/p>\n<p class=\"post__live-container--answer-text post__space-node\">Semen Kryvonos, directeur du NABU, a exhort\u00e9 le chef de l\u2019Etat \u00e0 ne pas promulguer le texte qui, selon lui, \u00ab\u00a0d\u00e9truit\u00a0\u00bb l\u2019infrastructure anticorruption<strong> <\/strong>et permettra \u00e0 certains de devenir \u00ab\u00a0intouchables\u00a0\u00bb. Le texte\u00a0\u00ab\u00a0ruine effectivement l\u2019ind\u00e9pendance de ces deux institutions vis-\u00e0-vis de toute influence politique et pression sur nos enqu\u00eates\u00a0\u00bb, a abond\u00e9 le directeur du SAP, Oleksandr Klymenko.<\/p>\n<p class=\"post__live-container--answer-text post__space-node\">\u00ab\u00a0Aujourd\u2019hui est un jour de honte pour le Parlement ukrainien. Les autorit\u00e9s ont introduit des amendements \u00e0 la loi visant \u00e0 d\u00e9truire l\u2019organe de lutte contre la corruption\u00a0\u00bb, s\u2019est, lui aussi, indign\u00e9 sur Telegram le d\u00e9put\u00e9 ind\u00e9pendant Oleksi\u00ef Gontcharenko, disant y voir un\u00a0\u00ab\u00a0pas vers un r\u00e9gime autoritaire\u00a0\u00bb.<\/p>\n<p class=\"post__live-container--answer-text post__space-node\">Selon le d\u00e9put\u00e9 Roman Lozinsky, ce texte accorde au procureur g\u00e9n\u00e9ral le pouvoir de g\u00e9rer le SAP, de donner des\u00a0\u00ab\u00a0instructions \u00e9crites obligatoires\u00a0\u00bb\u00a0au NABU, d\u2019acc\u00e9der aux d\u00e9tails de n\u2019importe quelle affaire et de les d\u00e9l\u00e9guer au procureur de son choix ou \u00e0 d\u2019autres agences.<\/p>\n<p class=\"post__live-container--answer-text post__space-node\">Quelques heures avant le vote, l\u2019Union europ\u00e9enne s\u2019est dite, par la voix de son porte-parole, Guillaume Mercier,\u00a0\u00ab\u00a0pr\u00e9occup\u00e9e\u00a0\u00bb, rappelant que ces deux instances \u00e9taient\u00a0\u00ab\u00a0essentielles au programme de r\u00e9forme\u00a0\u00bb\u00a0que l\u2019Ukraine s\u2019est engag\u00e9e \u00e0 mener pour pouvoir adh\u00e9rer \u00e0 l\u2019UE.<\/p>\n<p class=\"post__live-container--answer-text post__space-node\">Lundi, les services de s\u00e9curit\u00e9 ukrainiens (SBU) avaient annonc\u00e9 l\u2019arrestation d\u2019un responsable du NABU soup\u00e7onn\u00e9 d\u2019espionnage au profit de Moscou et ont perquisitionn\u00e9 les locaux de l\u2019organisation, qui rejette ces accusations.<\/p>\n<p>                            Jean-No\u00ebl Barrot en d\u00e9placement \u00e0 Kharkiv               <img decoding=\"async\" class=\"post__live-container--img post__space-node\"  src=\"https:\/\/www.europesays.com\/fr\/wp-content\/uploads\/2025\/07\/a8ea037_ftp-import-images-1-h3b3javupc0e-5469045-01-06.jpg\" data- alt=\"Le ministre des affaires \u00e9trang\u00e8res fran\u00e7ais, Jean-No\u00ebl Barrot, \u00e0 Kharkiv, mardi 22\u00a0juillet 2025.\"\/>   Le ministre des affaires \u00e9trang\u00e8res fran\u00e7ais, Jean-No\u00ebl Barrot, \u00e0 Kharkiv, mardi 22\u00a0juillet 2025. IVAN SAMOILOV \/ AFP               <\/p>\n<p class=\"post__live-container--answer-text post__space-node\">Le ministre des affaires \u00e9trang\u00e8res, Jean-No\u00ebl\u00a0Barrot, vient de quitter Kharkiv, o\u00f9 il s\u2019\u00e9tait rendu ce matin par le train de nuit avec son homologue ukrainien, Andrii Sybiha.<\/p>\n<p class=\"post__live-container--answer-text post__space-node\">Pour la deuxi\u00e8me fois apr\u00e8s son d\u00e9placement \u00e0 Soumy, en octobre\u00a02024, ville o\u00f9 les Ukrainiens avaient lanc\u00e9 leur offensive dans l\u2019oblast russe de Koursk, il a souhait\u00e9 se rendre sur une position militaire et s\u2019entretenir des avanc\u00e9es du front oriental avec le g\u00e9n\u00e9ral\u00a0Mykha\u00eflo Drapaty, commandant des forces terrestres ukrainiennes.<\/p>\n<p class=\"post__live-container--answer-text post__space-node\">Il a ensuite partag\u00e9 un borchtch dans un abri militaire avec les chefs d\u2019une brigade post\u00e9e \u00e0 une vingtaine de kilom\u00e8tres \u00e0 l\u2019est de Kharkiv. \u00ab\u00a0Le front russe n\u2019a avanc\u00e9 que de 0,25\u00a0% depuis le d\u00e9but de l\u2019ann\u00e9e\u00a0\u00bb, soutient le patron du Quai d\u2019Orsay.<\/p>\n<p class=\"post__live-container--answer-text post__space-node\">Le matin, \u00e0 Kharkiv, distante de seulement 30\u00a0kilom\u00e8tres de la fronti\u00e8re russe, il \u00e9tait mont\u00e9 sur le toit du si\u00e8ge de la BNP Paribas \u00ab\u00a0pris pour cible par les missiles de Vladimir Poutine, car la guerre d\u2019agression ne se joue pas seulement sur le front\u00a0\u00bb, et a pu constater les d\u00e9g\u00e2ts tr\u00e8s visibles dans le centre-ville, avant de visiter le Mus\u00e9e de la litt\u00e9rature de Kharkiv, \u00ab\u00a0car la guerre ne se m\u00e8ne pas seulement avec les canons et les tanks, mais avec les armes de l\u2019esprit\u00a0\u00bb.<\/p>\n<p>         Ariane Chemin                   Un drone ukrainien fait trois morts dans la partie occup\u00e9e de l\u2019oblast de Kherson, selon les autorit\u00e9s prorusses             <\/p>\n<p class=\"post__live-container--answer-text post__space-node\">Trois passagers d\u2019un bus pris pour cible par un drone ukrainien dans la partie occup\u00e9e de l\u2019oblast de Kherson ont \u00e9t\u00e9 tu\u00e9s et trois autres sont dans un \u00e9tat grave, a annonc\u00e9 mardi le gouverneur prorusse, Vladimir Saldo, sur <a href=\"https:\/\/t.me\/SALDO_VGA\/8591\" target=\"_blank\" rel=\"noopener nofollow\" title=\"Nouvelle fen\u00eatre\">Telegram<\/a>.<\/p>\n<p class=\"post__live-container--answer-text post__space-node\">Dans l\u2019oblast russe de Belgorod, frontalier de l\u2019Ukraine, un homme a succomb\u00e9 \u00e0 ses blessures apr\u00e8s une attaque de drone, dans la matin\u00e9e, \u00e0 Leonovka, selon <a href=\"https:\/\/t.me\/vvgladkov\/14753\" target=\"_blank\" rel=\"noopener nofollow\" title=\"Nouvelle fen\u00eatre\">Viatcheslav Gladkov<\/a>, gouverneur de la r\u00e9gion. <a href=\"https:\/\/t.me\/avbogomaz\/13650\" target=\"_blank\" rel=\"noopener nofollow\" title=\"Nouvelle fen\u00eatre\">Alexandre Bogomaz<\/a>, son homologue de l\u2019oblast de Briansk, fait, quant \u00e0 lui, \u00e9tat de deux bless\u00e9s \u00e0 Brovnitchi, dans un autre raid de drones.<\/p>\n<p>                          Moscou annonce la prise de Novotoretske, au nord-est de Pokrovsk, dans l\u2019oblast de Donetsk             <\/p>\n<p class=\"post__live-container--answer-text post__space-node\">Le minist\u00e8re de la d\u00e9fense russe <a href=\"https:\/\/t.me\/mod_russia\/54890\" target=\"_blank\" rel=\"noopener nofollow\" title=\"Nouvelle fen\u00eatre\">annonce, mardi<\/a>, la prise de Novotoretske (<a href=\"https:\/\/www.google.fr\/maps\/place\/Novotorets\u2019ke,+Oblast+de+Donetsk,+Ukraine,+85052\/@48.4033977,37.305193,14z\/data=!3m1!4b1!4m6!3m5!1s0x40de4aac114d79a5:0xae15b725bcbd4996!8m2!3d48.4027918!4d37.3322272!16s%2Fg%2F122gwsl6?hl=fr&amp;entry=ttu&amp;g_ep=EgoyMDI1MDcxNi4wIKXMDSoASAFQAw%3D%3D\" target=\"_blank\" rel=\"noopener nofollow\" title=\"Nouvelle fen\u00eatre\">\ud83d\udea9<\/a>), village de l\u2019oblast de Donetsk situ\u00e9 \u00e0 une quinzaine de kilom\u00e8tres au nord-est de Pokrovsk.<\/p>\n<p class=\"post__live-container--answer-text post__space-node\">Selon les analystes ukrainiens de donn\u00e9es en source ouverte de <a href=\"https:\/\/deepstatemap.live\/#13\/48.4056737\/37.3232174\" target=\"_blank\" rel=\"noopener nofollow\" title=\"Nouvelle fen\u00eatre\">DeepState<\/a>, les forces russes sont pr\u00e9sentes dans la moiti\u00e9 sud de la localit\u00e9 et progressent en direction de Ma\u00efak en contournant la partie nord, qui se trouve en \u00ab\u00a0zone grise\u00a0\u00bb, ce qui signifie que des combats peuvent s\u2019y d\u00e9rouler.<\/p>\n<p>                 <img decoding=\"async\" class=\"post__live-container--img post__space-node\"  src=\"https:\/\/www.europesays.com\/fr\/wp-content\/uploads\/2025\/07\/bc707e1_upload-1-7vp9v1oszhri-capture-da-a-cran-2025-07-22-121110.png\" data- alt=\"Capture d\u2019\u00e9cran de la carte du front du site DeepState.\"\/>   Capture d\u2019\u00e9cran de la carte du front du site DeepState.                           Pas \u00ab\u00a0d\u2019avanc\u00e9es miraculeuses\u00a0\u00bb \u00e0 attendre des n\u00e9gociations en Turquie, selon le Kremlin             <\/p>\n<p class=\"post__live-container--answer-text post__space-node\">\u00ab\u00a0Il n\u2019y a bien s\u00fbr aucune raison d\u2019esp\u00e9rer des avanc\u00e9es miraculeuses, mais nous avons l\u2019intention de d\u00e9fendre nos int\u00e9r\u00eats, de les garantir et d\u2019accomplir les t\u00e2ches que nous nous sommes fix\u00e9es d\u00e8s le d\u00e9part\u00a0\u00bb, a d\u00e9clar\u00e9 mardi le porte-parole de la pr\u00e9sidence russe, Dmitri Peskov, assurant que Moscou avait l\u2019intention de maintenir ses conditions, dans le cadre des n\u00e9gociations russo-ukrainiennes pr\u00e9vues mercredi en Turquie.<\/p>\n<p class=\"post__live-container--answer-text post__space-node\">Jugeant que les positions des deux camps restent \u00ab\u00a0diam\u00e9tralement oppos\u00e9es\u00a0\u00bb, il a, en outre, estim\u00e9 qu\u2019il restait \u00ab\u00a0beaucoup de travail \u00e0 faire\u00a0\u00bb avant une \u00e9ventuelle rencontre entre le pr\u00e9sident russe, Vladimir Poutine, et son homologue ukrainien, Volodymyr Zelensky, souhait\u00e9e par ce dernier.<\/p>\n<p class=\"post__live-container--answer-text post__space-node\">Cette troisi\u00e8me session de pourparlers \u00e0 Istanbul aura lieu \u00e0 nouveau sous la pression du pr\u00e9sident am\u00e9ricain, Donald Trump, qui a donn\u00e9 cinquante jours \u00e0 la Russie pour parvenir \u00e0 un accord de cessez-le-feu avec Kiev, sous peine de sanctions s\u00e9v\u00e8res.<\/p>\n<p>                          Des perquisitions effectu\u00e9es dans les locaux du m\u00e9dia russe en ligne \u00ab\u00a0Baza\u00a0\u00bb             <\/p>\n<p class=\"post__live-container--answer-text post__space-node\">Des perquisitions ont eu lieu mardi dans les locaux du m\u00e9dia russe en ligne Baza, r\u00e9put\u00e9 proche des forces de l\u2019ordre, annonce la r\u00e9daction, qui se dit sans nouvelles de son r\u00e9dacteur en chef et de plusieurs employ\u00e9s.<\/p>\n<p class=\"post__live-container--answer-text post__space-node\">Cette cha\u00eene Telegram est l\u2019une des plus suivies de Russie, avec plus de 1,6\u00a0million d\u2019abonn\u00e9s. Fond\u00e9e en\u00a02019, elle est connue pour la publication d\u2019informations exclusives suppos\u00e9ment obtenues gr\u00e2ce \u00e0 ses liens avec la police.<\/p>\n<p class=\"post__live-container--answer-text post__space-node\">\u00ab\u00a0La police a perquisitionn\u00e9 les bureaux de Baza. Dans la matin\u00e9e, la police et les forces anti\u00e9meutes se sont \u00e9galement rendues au domicile du r\u00e9dacteur en chef, Gleb Trifonov, avec lequel toute communication est d\u00e9sormais coup\u00e9e\u00a0\u00bb, <a href=\"https:\/\/t.me\/bazabazon\/39406\" target=\"_blank\" rel=\"noopener nofollow\" title=\"Nouvelle fen\u00eatre\">\u00e9crit Baza<\/a>. \u00ab\u00a0Plus tard, des policiers se sont rendus dans les locaux de la r\u00e9daction de Baza. Les employ\u00e9s de la publication qui se trouvaient dans les bureaux \u00e0 ce moment-l\u00e0 ont cess\u00e9 de communiquer\u00a0\u00bb, poursuit-il, disant ignorer les motifs de ces perquisitions.<\/p>\n<p class=\"post__live-container--answer-text post__space-node\">Le Comit\u00e9 d\u2019enqu\u00eate russe, charg\u00e9 des principales affaires criminelles, a de son c\u00f4t\u00e9 annonc\u00e9 l\u2019ouverture d\u2019une enqu\u00eate pour \u00ab\u00a0abus de pouvoir de la part d\u2019agents de police\u00a0\u00bb, qui auraient \u00ab\u00a0transmis ill\u00e9galement des informations \u00e0 acc\u00e8s restreints\u00a0\u00bb qui ont ensuite \u00e9t\u00e9 \u00ab\u00a0publi\u00e9es sur l\u2019une des cha\u00eenes de la messagerie Telegram\u00a0\u00bb.<\/p>\n<p>                          Rustem Umerov nomm\u00e9 \u00e0 la t\u00eate de la d\u00e9l\u00e9gation ukrainienne attendue mercredi en Turquie pour de nouveaux pourparlers avec Moscou             <\/p>\n<p class=\"post__live-container--answer-text post__space-node\">L\u2019ex-ministre de la d\u00e9fense Rustem Umerov dirigera la d\u00e9l\u00e9gation ukrainienne charg\u00e9e des nouveaux pourparlers avec la Russie pr\u00e9vus mercredi en Turquie, a annonc\u00e9 mardi le pr\u00e9sident ukrainien, Volodymyr Zelensky.<\/p>\n<p class=\"post__live-container--answer-text post__space-node\">\u00ab\u00a0La d\u00e9l\u00e9gation sera dirig\u00e9e par Rustem Umerov\u00a0\u00bb, qui vient d\u2019\u00eatre nomm\u00e9 secr\u00e9taire du Conseil de s\u00e9curit\u00e9 nationale ukrainien, et \u00ab\u00a0comprendra des repr\u00e9sentants des services de renseignement\u00a0\u00bb, de la diplomatie ukrainienne et de la pr\u00e9sidence, <a href=\"https:\/\/t.me\/V_Zelenskiy_official\/15235\" target=\"_blank\" rel=\"noopener nofollow\" title=\"Nouvelle fen\u00eatre\">\u00e9crit-il sur les r\u00e9seaux sociaux<\/a>.<\/p>\n<p>                 <img decoding=\"async\" class=\"post__live-container--img post__space-node\"  src=\"https:\/\/www.europesays.com\/fr\/wp-content\/uploads\/2025\/07\/17d5f48_ftp-import-images-1-pwt5l2vdqhtn-2025-06-25t144650z-1104311642-rc2q9faqfukj-rtrmadp-3-nato-s.jpeg\" data- alt=\"Rustem Umerov (\u00e0 gauche), alors ministre de la d\u00e9fense de l\u2019Ukraine, s\u2019entretient avec le ministre des forces arm\u00e9es fran\u00e7ais, S\u00e9bastien Lecornu, lors du sommet des chefs d\u2019Etat et de gouvernement de l\u2019OTAN, \u00e0 La Haye, le 25\u00a0juin 2025.\"\/>   Rustem Umerov (\u00e0 gauche), alors ministre de la d\u00e9fense de l\u2019Ukraine, s\u2019entretient avec le ministre des forces arm\u00e9es fran\u00e7ais, S\u00e9bastien Lecornu, lors du sommet des chefs d\u2019Etat et de gouvernement de l\u2019OTAN, \u00e0 La Haye, le 25\u00a0juin 2025. LUDOVIC MARIN\/VIA REUTERS                          Les forces ukrainiennes disent avoir endommag\u00e9 des moyens de d\u00e9fense a\u00e9rienne dans l\u2019oblast russe de Belgorod             <\/p>\n<p class=\"post__live-container--answer-text post__space-node\">L\u2019arm\u00e9e ukrainienne dit avoir touch\u00e9 dimanche une batterie de d\u00e9fense a\u00e9rienne S-300P et deux radars dans l\u2019oblast russe de Belgorod. \u00ab\u00a0Ces frappes coordonn\u00e9es portent un coup s\u00e9v\u00e8re au r\u00e9seau de d\u00e9fense a\u00e9rienne de la F\u00e9d\u00e9ration de Russie, r\u00e9duisant sa capacit\u00e9 \u00e0 prot\u00e9ger ses forces et ses infrastructures, et permettant \u00e0 l\u2019Ukraine de poursuivre ses op\u00e9rations\u00a0\u00bb, se f\u00e9licite-t-elle dans un <a href=\"https:\/\/t.me\/GeneralStaffZSU\/26881\" target=\"_blank\" rel=\"noopener nofollow\" title=\"Nouvelle fen\u00eatre\">communiqu\u00e9<\/a> diffus\u00e9 lundi soir sur Telegram, sans pr\u00e9ciser quels moyens ont \u00e9t\u00e9 utilis\u00e9s.<\/p>\n<p>                          Dans les rues d\u2019Odessa, secou\u00e9e dans la nuit par une nouvelle attaque de drones russes               <img decoding=\"async\" class=\"post__live-container--img post__space-node\"  src=\"https:\/\/www.europesays.com\/fr\/wp-content\/uploads\/2025\/07\/bfa3eba_ftp-import-images-1-rmibnxckhx4q-2025-07-22t074854z-587010764-rc2jrfaxlbat-rtrmadp-3-ukraine.jpeg\" data- alt=\"A Odessa (Ukraine), le 22\u00a0juillet 2025.\"\/>   A Odessa (Ukraine), le 22\u00a0juillet 2025. NINA LIASHONOK\/REUTERS                 <img decoding=\"async\" class=\"post__live-container--img post__space-node\"  src=\"https:\/\/www.europesays.com\/fr\/wp-content\/uploads\/2025\/07\/6280609_ftp-import-images-1-hx4oold9ufcv-2025-07-22t074958z-302205793-rc2jrfatnzzc-rtrmadp-3-ukraine.jpeg\" data- alt=\"Une banque endommag\u00e9e par l\u2019attaque de drones russes de la veille, \u00e0 Odessa (Ukraine), le 22\u00a0juillet 2025.\"\/>   Une banque endommag\u00e9e par l\u2019attaque de drones russes de la veille, \u00e0 Odessa (Ukraine), le 22\u00a0juillet 2025. NINA LIASHONOK\/REUTERS                 <img decoding=\"async\" class=\"post__live-container--img post__space-node\"  src=\"https:\/\/www.europesays.com\/fr\/wp-content\/uploads\/2025\/07\/0a708dc_ftp-import-images-1-vhxzpikmejdt-2025-07-22t074956z-823007017-rc2jrfagr21q-rtrmadp-3-ukraine.jpeg\" data- alt=\"A Odessa (Ukraine), le 22\u00a0juillet 2025.\"\/>   A Odessa (Ukraine), le 22\u00a0juillet 2025. NINA LIASHONOK\/REUTERS                 <img decoding=\"async\" class=\"post__live-container--img post__space-node\"  src=\"https:\/\/www.europesays.com\/fr\/wp-content\/uploads\/2025\/07\/0c585cf_ftp-import-images-1-sfeebz2jhsqc-2025-07-22t075055z-1794552197-rc2jrfautviq-rtrmadp-3-ukrain.jpeg\" data- alt=\"Un quartier r\u00e9sidentiel d\u2019Odessa (Ukraine), apr\u00e8s une attaque de drones russes, le 22\u00a0juillet 2025.\"\/>   Un quartier r\u00e9sidentiel d\u2019Odessa (Ukraine), apr\u00e8s une attaque de drones russes, le 22\u00a0juillet 2025. NINA LIASHONOK\/REUTERS                          DeepState signale la pr\u00e9sence de soldats russes \u00e0 Pokrovsk             <\/p>\n<p class=\"post__live-container--answer-text post__space-node\">Selon les analystes ukrainiens de donn\u00e9es en sources ouvertes de DeepState, des soldats russes sont parvenus, il y a quelques jours, \u00e0 p\u00e9n\u00e9trer \u00e0 Pokrovsk, point focal de leur offensive dans l\u2019oblast de Donetsk.<\/p>\n<p class=\"post__live-container--answer-text post__space-node\">\u00ab\u00a0La recherche et la destruction de ces groupes se poursuivent actuellement. Certains ont \u00e9t\u00e9 tu\u00e9s, d\u2019autres non\u00a0\u00bb, \u00e9crivent-ils dans un <a href=\"https:\/\/t.me\/DeepStateUA\/22205\" target=\"_blank\" rel=\"noopener nofollow\" title=\"Nouvelle fen\u00eatre\">message diffus\u00e9 lundi soir sur Telegram<\/a>, en pr\u00e9cisant qu\u2019ils \u00e9taient arriv\u00e9s de Zvirove, localit\u00e9 situ\u00e9e \u00e0 la p\u00e9riph\u00e9rie sud-ouest de Pokrovsk, et qu\u2019ils avaient profit\u00e9 d\u2019un manque d\u2019effectifs du c\u00f4t\u00e9 ukrainien. \u00ab\u00a0Malheureusement, nous avons \u00e9galement subi des pertes\u00a0\u00bb, ajoutent-ils.<\/p>\n<p class=\"post__live-container--answer-text post__space-node\">Selon <a href=\"https:\/\/www.understandingwar.org\/backgrounder\/russian-offensive-campaign-assessment-july-21-2025\" target=\"_blank\" rel=\"noopener nofollow\" title=\"Nouvelle fen\u00eatre\">l\u2019Institute for the Study of War<\/a>, qui s\u2019appuie sur des images publi\u00e9es lundi dont la localisation a \u00e9t\u00e9 authentifi\u00e9e, l\u2019arm\u00e9e russe a r\u00e9cemment progress\u00e9 dans l\u2019est de Zvirove et s\u2019est empar\u00e9e de Pichtchane, un peu plus au sud.<\/p>\n<p>                 <img decoding=\"async\" class=\"post__live-container--img post__space-node\"  src=\"https:\/\/www.europesays.com\/fr\/wp-content\/uploads\/2025\/07\/14d8c5f_upload-1-oin5xg7twvxa-pokrovsk-direction-july-21-2025.png\" data- alt=\"Carte de la r\u00e9gion de Pokrovsk publi\u00e9e le 21\u00a0juillet par l\u2019Institute for the Study of War.\"\/>   Carte de la r\u00e9gion de Pokrovsk publi\u00e9e le 21\u00a0juillet par l\u2019Institute for the Study of War.                                  Les faits essentiels\u00a0(1) Afficher      <\/p>\n<ul class=\"article__unordered-list js-post-essential-desktop\">\n<li>   Le point sur la situation, mardi 22\u00a0juillet \u00e0 16\u00a0heures   <\/li>\n<\/ul>\n<p class=\"capping__title\">Vous pouvez lire Le Monde sur un seul appareil \u00e0 la fois<\/p>\n<p>  Continuer \u00e0 lire ici <\/p>\n<p class=\"capping__cta-text\">Ce message s\u2019affichera sur l\u2019autre appareil.<\/p>\n<p> <a href=\"https:\/\/moncompte.lemonde.fr\" id=\"js-capping-yellow-button\" class=\"button button--border-grey capping__cta capping__cta--next\" rel=\"nofollow noopener\" target=\"_blank\"> Ajouter un compte D\u00e9couvrir l\u2019offre Famille D\u00e9couvrir les offres multicomptes <\/a>   Pourquoi voyez-vous ce message ? <\/p>\n<ul id=\"js-capping-faq\" class=\"capping__faq capping__faq--famille-integral lmd-u-hide\">\n<li class=\"capping__item\">\n<p class=\"capping__answer\">Parce qu\u2019une autre personne (ou vous) est en train de lire Le Monde avec ce compte sur un autre appareil.<\/p>\n<p class=\"capping__answer\">Vous ne pouvez lire Le Monde que sur <strong>un seul appareil<\/strong> \u00e0 la fois (ordinateur, t\u00e9l\u00e9phone ou tablette).<\/p>\n<\/li>\n<li class=\"capping__item\">\n<p class=\"capping__question\">Comment ne plus voir ce message ?<\/p>\n<p class=\"capping__answer\">En cliquant sur \u00ab\u00a0Continuer \u00e0 lire ici\u00a0\u00bb et en vous assurant que vous \u00eates la seule personne \u00e0 consulter Le Monde avec ce compte.<\/p>\n<\/li>\n<li class=\"capping__item\">\n<p class=\"capping__question\">Vous ignorez qui est l\u2019autre personne ?<\/p>\n<p class=\"capping__answer\">Nous vous conseillons de <a href=\"https:\/\/secure.lemonde.fr\/sfuser\/password\/lost\" class=\"capping__link js-capping-password\" rel=\"nofollow noopener\" target=\"_blank\">modifier votre mot de passe<\/a>.<\/p>\n<\/li>\n<li class=\"capping__item\">\n<p class=\"capping__question\">Que se passera-t-il si vous continuez \u00e0 lire ici ?<\/p>\n<p class=\"capping__answer\">Ce message s\u2019affichera sur l\u2019autre appareil. Ce dernier restera connect\u00e9 avec ce compte.<\/p>\n<\/li>\n<li class=\"capping__item\">\n<p class=\"capping__question\">Y a-t-il d\u2019autres limites ?<\/p>\n<p class=\"capping__answer\">Non. Vous pouvez vous connecter avec votre compte sur autant d\u2019appareils que vous le souhaitez, mais en les utilisant \u00e0 des moments diff\u00e9rents.<\/p>\n<\/li>\n<\/ul>\n<ul id=\"js-capping-faq\" class=\"capping__faq capping__faq--famille-integral-not-max lmd-u-hide\">\n<li class=\"capping__item\">\n<p class=\"capping__answer\">Parce qu\u2019une autre personne (ou vous) est en train de lire Le Monde avec ce compte sur un autre appareil.<\/p>\n<p class=\"capping__answer\">Vous ne pouvez lire Le Monde que sur <strong>un seul appareil<\/strong> \u00e0 la fois (ordinateur, t\u00e9l\u00e9phone ou tablette).<\/p>\n<\/li>\n<li class=\"capping__item\">\n<p class=\"capping__question\">Comment ne plus voir ce message ?<\/p>\n<p class=\"capping__answer\">Si vous utilisez ce compte \u00e0 plusieurs, <a href=\"https:\/\/moncompte.lemonde.fr\" class=\"capping__link\" rel=\"nofollow noopener\" target=\"_blank\">cr\u00e9ez un compte pour votre proche<\/a> (inclus dans votre abonnement). Puis connectez-vous chacun avec vos identifiants. Sinon, cliquez sur \u00ab\u00a0Continuer \u00e0 lire ici\u00a0\u00bb et assurez-vous que vous \u00eates la seule personne \u00e0 consulter Le Monde avec ce compte. <\/p>\n<\/li>\n<li class=\"capping__item\">\n<p class=\"capping__question\">Vous ignorez qui d\u2019autre utilise ces identifiants ?<\/p>\n<p class=\"capping__answer\">Nous vous conseillons de <a href=\"https:\/\/secure.lemonde.fr\/sfuser\/password\/lost\" class=\"capping__link js-capping-password\" rel=\"nofollow noopener\" target=\"_blank\">modifier votre mot de passe<\/a>.<\/p>\n<\/li>\n<li class=\"capping__item\">\n<p class=\"capping__question\">Que se passera-t-il si vous continuez \u00e0 lire ici ?<\/p>\n<p class=\"capping__answer\">Ce message s\u2019affichera sur l\u2019autre appareil. Ce dernier restera connect\u00e9 avec ce compte.<\/p>\n<\/li>\n<li class=\"capping__item\">\n<p class=\"capping__question\">Y a-t-il d\u2019autres limites ?<\/p>\n<p class=\"capping__answer\">Non. Vous pouvez vous connecter avec votre compte sur autant d\u2019appareils que vous le souhaitez, mais en les utilisant \u00e0 des moments diff\u00e9rents.<\/p>\n<\/li>\n<\/ul>\n<ul id=\"js-capping-faq\" class=\"capping__faq capping__faq--integral-max lmd-u-hide\">\n<li class=\"capping__item\">\n<p class=\"capping__answer\">Parce qu\u2019une autre personne (ou vous) est en train de lire Le Monde avec ce compte sur un autre appareil.<\/p>\n<p class=\"capping__answer\">Vous ne pouvez lire Le Monde que sur <strong>un seul appareil<\/strong> \u00e0 la fois (ordinateur, t\u00e9l\u00e9phone ou tablette).<\/p>\n<\/li>\n<li class=\"capping__item\">\n<p class=\"capping__question\">Comment ne plus voir ce message ?<\/p>\n<p class=\"capping__answer\">Si vous \u00eates b\u00e9n\u00e9ficiaire de l\u2019abonnement, connectez-vous avec vos identifiants. Si vous \u00eates 3 ou plus \u00e0 utiliser l\u2019abonnement, <a href=\"https:\/\/moncompte.lemonde.fr\" class=\"capping__link\" rel=\"nofollow noopener\" target=\"_blank\">passez \u00e0 l\u2019offre Famille<\/a>. Sinon, cliquez sur \u00ab\u00a0Continuer \u00e0 lire ici\u00a0\u00bb et assurez-vous que vous \u00eates la seule personne \u00e0 consulter Le Monde avec ce compte. <\/p>\n<\/li>\n<li class=\"capping__item\">\n<p class=\"capping__question\">Vous ignorez qui d\u2019autre utilise ces identifiants ?<\/p>\n<p class=\"capping__answer\">Nous vous conseillons de <a href=\"https:\/\/secure.lemonde.fr\/sfuser\/password\/lost\" class=\"capping__link js-capping-password\" rel=\"nofollow noopener\" target=\"_blank\">modifier votre mot de passe<\/a>.<\/p>\n<\/li>\n<li class=\"capping__item\">\n<p class=\"capping__question\">Que se passera-t-il si vous continuez \u00e0 lire ici ?<\/p>\n<p class=\"capping__answer\">Ce message s\u2019affichera sur l\u2019autre appareil. Ce dernier restera connect\u00e9 avec ce compte.<\/p>\n<\/li>\n<li class=\"capping__item\">\n<p class=\"capping__question\">Y a-t-il d\u2019autres limites ?<\/p>\n<p class=\"capping__answer\">Non. Vous pouvez vous connecter avec votre compte sur autant d\u2019appareils que vous le souhaitez, mais en les utilisant \u00e0 des moments diff\u00e9rents.<\/p>\n<\/li>\n<\/ul>\n<ul id=\"js-capping-faq\" class=\"capping__faq capping__faq--famille-max lmd-u-hide\">\n<li class=\"capping__item\">\n<p class=\"capping__answer\">Parce qu\u2019une autre personne (ou vous) est en train de lire Le Monde avec ce compte sur un autre appareil.<\/p>\n<p class=\"capping__answer\">Vous ne pouvez lire Le Monde que sur <strong>un seul appareil<\/strong> \u00e0 la fois (ordinateur, t\u00e9l\u00e9phone ou tablette).<\/p>\n<\/li>\n<li class=\"capping__item\">\n<p class=\"capping__question\">Comment ne plus voir ce message ?<\/p>\n<p class=\"capping__answer\">Si vous \u00eates b\u00e9n\u00e9ficiaire de l\u2019abonnement, connectez-vous avec vos identifiants. Sinon, cliquez sur \u00ab\u00a0Continuer \u00e0 lire ici\u00a0\u00bb et assurez-vous que vous \u00eates la seule personne \u00e0 consulter Le Monde avec ce compte. <\/p>\n<\/li>\n<li class=\"capping__item\">\n<p class=\"capping__question\">Vous ignorez qui d\u2019autre utilise ce compte ?<\/p>\n<p class=\"capping__answer\">Nous vous conseillons de <a href=\"https:\/\/secure.lemonde.fr\/sfuser\/password\/lost\" class=\"capping__link js-capping-password\" rel=\"nofollow noopener\" target=\"_blank\">modifier votre mot de passe<\/a>.<\/p>\n<\/li>\n<li class=\"capping__item\">\n<p class=\"capping__question\">Que se passera-t-il si vous continuez \u00e0 lire ici ?<\/p>\n<p class=\"capping__answer\">Ce message s\u2019affichera sur l\u2019autre appareil. Ce dernier restera connect\u00e9 avec ce compte.<\/p>\n<\/li>\n<li class=\"capping__item\">\n<p class=\"capping__question\">Y a-t-il d\u2019autres limites ?<\/p>\n<p class=\"capping__answer\">Non. Vous pouvez vous connecter avec votre compte sur autant d\u2019appareils que vous le souhaitez, mais en les utilisant \u00e0 des moments diff\u00e9rents.<\/p>\n<\/li>\n<\/ul>\n<ul id=\"js-capping-faq\" class=\"capping__faq capping__faq--essentiel lmd-u-hide\">\n<li class=\"capping__item\">\n<p class=\"capping__answer\">Parce qu\u2019une autre personne (ou vous) est en train de lire Le Monde avec ce compte sur un autre appareil.<\/p>\n<p class=\"capping__answer\">Vous ne pouvez lire Le Monde que sur <strong>un seul appareil<\/strong> \u00e0 la fois (ordinateur, t\u00e9l\u00e9phone ou tablette).<\/p>\n<\/li>\n<li class=\"capping__item\">\n<p class=\"capping__question\">Comment ne plus voir ce message ?<\/p>\n<p class=\"capping__answer\">Si vous utilisez ce compte \u00e0 plusieurs, <a href=\"https:\/\/moncompte.lemonde.fr\" class=\"capping__link\" rel=\"nofollow noopener\" target=\"_blank\">passez \u00e0 une offre multicomptes<\/a> pour faire profiter vos proches de votre abonnement avec leur propre compte. Sinon, cliquez sur \u00ab\u00a0Continuer \u00e0 lire ici\u00a0\u00bb et assurez-vous que vous \u00eates la seule personne \u00e0 consulter Le Monde avec ce compte. <\/p>\n<\/li>\n<li class=\"capping__item\">\n<p class=\"capping__question\">Vous ignorez qui d\u2019autre utilise ce compte ?<\/p>\n<p class=\"capping__answer\">Nous vous conseillons de <a href=\"https:\/\/secure.lemonde.fr\/sfuser\/password\/lost\" class=\"capping__link js-capping-password\" rel=\"nofollow noopener\" target=\"_blank\">modifier votre mot de passe<\/a>.<\/p>\n<\/li>\n<li class=\"capping__item\">\n<p class=\"capping__question\">Que se passera-t-il si vous continuez \u00e0 lire ici ?<\/p>\n<p class=\"capping__answer\">Ce message s\u2019affichera sur l\u2019autre appareil. Ce dernier restera connect\u00e9 avec ce compte.<\/p>\n<\/li>\n<li class=\"capping__item\">\n<p class=\"capping__question\">Y a-t-il d\u2019autres limites ?<\/p>\n<p class=\"capping__answer\">Non. Vous pouvez vous connecter avec votre compte sur autant d\u2019appareils que vous le souhaitez, mais en les utilisant \u00e0 des moments diff\u00e9rents.<\/p>\n<\/li>\n<\/ul>\n<ul id=\"js-capping-faq\" class=\"capping__faq capping__faq--default lmd-u-hide\">\n<li class=\"capping__item\">\n<p class=\"capping__answer\">Parce qu\u2019une autre personne (ou vous) est en train de lire Le Monde avec ce compte sur un autre appareil.<\/p>\n<p class=\"capping__answer\">Vous ne pouvez lire Le Monde que sur <strong>un seul appareil<\/strong> \u00e0 la fois (ordinateur, t\u00e9l\u00e9phone ou tablette).<\/p>\n<\/li>\n<li class=\"capping__item\">\n<p class=\"capping__question\">Comment ne plus voir ce message ?<\/p>\n<p class=\"capping__answer\">En cliquant sur \u00ab\u00a0Continuer \u00e0 lire ici\u00a0\u00bb et en vous assurant que vous \u00eates la seule personne \u00e0 consulter Le Monde avec ce compte.<\/p>\n<\/li>\n<li class=\"capping__item\">\n<p class=\"capping__question\">Que se passera-t-il si vous continuez \u00e0 lire ici ?<\/p>\n<p class=\"capping__answer\">Ce message s\u2019affichera sur l\u2019autre appareil. Ce dernier restera connect\u00e9 avec ce compte.<\/p>\n<\/li>\n<li class=\"capping__item\">\n<p class=\"capping__question\">Y a-t-il d\u2019autres limites ?<\/p>\n<p class=\"capping__answer\">Non. Vous pouvez vous connecter avec votre compte sur autant d\u2019appareils que vous le souhaitez, mais en les utilisant \u00e0 des moments diff\u00e9rents.<\/p>\n<\/li>\n<li class=\"capping__item\">\n<p class=\"capping__question\">Vous ignorez qui est l\u2019autre personne ?<\/p>\n<p class=\"capping__answer\">Nous vous conseillons de <a href=\"https:\/\/secure.lemonde.fr\/sfuser\/password\/lost\" class=\"capping__link js-capping-password\" rel=\"nofollow noopener\" target=\"_blank\">modifier votre mot de passe<\/a>.<\/p>\n<\/li>\n<\/ul>\n<p class=\"capping__notice\">Lecture restreinte<\/p>\n<p class=\"capping__title\">Votre abonnement n\u2019autorise pas la lecture de cet article<\/p>\n<p class=\"capping__cta-text\">Pour plus d\u2019informations, merci de contacter notre service commercial.<\/p>\n","protected":false},"excerpt":{"rendered":"Les d\u00e9put\u00e9s ukrainiens privent les instances anticorruption de leur ind\u00e9pendance Les d\u00e9put\u00e9s ukrainiens ont adopt\u00e9 mardi une loi&hellip;\n","protected":false},"author":2,"featured_media":265954,"comment_status":"","ping_status":"","sticky":false,"template":"","format":"standard","meta":{"footnotes":""},"categories":[1591],"tags":[11,1887,12,1885,1886,132],"class_list":{"0":"post-265953","1":"post","2":"type-post","3":"status-publish","4":"format-standard","5":"has-post-thumbnail","7":"category-russie","8":"tag-actualites","9":"tag-federation-de-russie","10":"tag-news","11":"tag-russia","12":"tag-russian-federation","13":"tag-russie"},"share_on_mastodon":{"url":"https:\/\/pubeurope.com\/@fr\/114897755221578200","error":""},"_links":{"self":[{"href":"https:\/\/www.europesays.com\/fr\/wp-json\/wp\/v2\/posts\/265953","targetHints":{"allow":["GET"]}}],"collection":[{"href":"https:\/\/www.europesays.com\/fr\/wp-json\/wp\/v2\/posts"}],"about":[{"href":"https:\/\/www.europesays.com\/fr\/wp-json\/wp\/v2\/types\/post"}],"author":[{"embeddable":true,"href":"https:\/\/www.europesays.com\/fr\/wp-json\/wp\/v2\/users\/2"}],"replies":[{"embeddable":true,"href":"https:\/\/www.europesays.com\/fr\/wp-json\/wp\/v2\/comments?post=265953"}],"version-history":[{"count":0,"href":"https:\/\/www.europesays.com\/fr\/wp-json\/wp\/v2\/posts\/265953\/revisions"}],"wp:featuredmedia":[{"embeddable":true,"href":"https:\/\/www.europesays.com\/fr\/wp-json\/wp\/v2\/media\/265954"}],"wp:attachment":[{"href":"https:\/\/www.europesays.com\/fr\/wp-json\/wp\/v2\/media?parent=265953"}],"wp:term":[{"taxonomy":"category","embeddable":true,"href":"https:\/\/www.europesays.com\/fr\/wp-json\/wp\/v2\/categories?post=265953"},{"taxonomy":"post_tag","embeddable":true,"href":"https:\/\/www.europesays.com\/fr\/wp-json\/wp\/v2\/tags?post=265953"}],"curies":[{"name":"wp","href":"https:\/\/api.w.org\/{rel}","templated":true}]}}