{"id":265955,"date":"2025-07-22T16:09:11","date_gmt":"2025-07-22T16:09:11","guid":{"rendered":"https:\/\/www.europesays.com\/fr\/265955\/"},"modified":"2025-07-22T16:09:11","modified_gmt":"2025-07-22T16:09:11","slug":"un-ancien-haut-responsable-ukrainien-retrouve-mort-dans-une-piscine-en-espagne","status":"publish","type":"post","link":"https:\/\/www.europesays.com\/fr\/265955\/","title":{"rendered":"Un ancien haut responsable ukrainien retrouv\u00e9 mort dans une piscine en Espagne"},"content":{"rendered":"<p><strong>myst\u00e8re &#8211; Un ancien haut fonctionnaire ukrainien a \u00e9t\u00e9 retrouv\u00e9 mort dans la piscine du lotissement r\u00e9sidentiel Cala Alta de Villajoyosa (Espagne), au m\u00eame endroit o\u00f9 avait \u00e9t\u00e9 tu\u00e9 un d\u00e9serteur russe en 2024<\/strong><\/p>\n<p>Une mort suspecte est venue perturber la tranquillit\u00e9 du lotissement r\u00e9sidentiel Cala Alta de Villajoyosa (<a href=\"https:\/\/www.20minutes.fr\/dossier\/espagne?at_medium=RSS%20feed&amp;at_campaign=ynews&amp;utm_source=yahoo&amp;utm_medium=rss&amp;utm_campaign=news_feed&amp;utm_content=in_article_link\" rel=\"nofollow noopener\" target=\"_blank\" data-ylk=\"slk:Espagne;elm:context_link;itc:0;sec:content-canvas\" class=\"link \">Espagne<\/a>). Le corps sans vie d\u2019un haut fonctionnaire ukrainien engag\u00e9 contre le crime organis\u00e9 a en effet \u00e9t\u00e9 retrouv\u00e9 le 29 juin dernier dans la piscine de la r\u00e9sidence. Si certains \u00e9l\u00e9ments laissent penser \u00e0 un <a href=\"https:\/\/www.20minutes.fr\/dossier\/accident?at_medium=RSS%20feed&amp;at_campaign=ynews&amp;utm_source=yahoo&amp;utm_medium=rss&amp;utm_campaign=news_feed&amp;utm_content=in_article_link\" rel=\"nofollow noopener\" target=\"_blank\" data-ylk=\"slk:accident;elm:context_link;itc:0;sec:content-canvas\" class=\"link \">accident<\/a>, une co\u00efncidence appara\u00eet comme particuli\u00e8rement perturbante, comme le rel\u00e8ve le m\u00e9dia local <a href=\"https:\/\/www.elespanol.com\/alicante\/20250720\/ucraniano-ahogado-vila-jefe-policia-crimen-murio-urbanizacion-asesinaron-piloto-ruso\/1003743854102_0.html?at_medium=RSS%20feed&amp;at_campaign=ynews&amp;utm_source=yahoo&amp;utm_medium=rss&amp;utm_campaign=news_feed&amp;utm_content=in_article_link\" rel=\"nofollow noopener\" target=\"_blank\" data-ylk=\"slk:El Espa\u00f1ol;elm:context_link;itc:0;sec:content-canvas\" class=\"link \">El Espa\u00f1ol<\/a>.<\/p>\n<p>Une r\u00e9gion connue de Poutine<\/p>\n<p>Et pour cause : c\u2019est dans ce m\u00eame complexe que <a href=\"https:\/\/www.20minutes.fr\/monde\/ukraine\/4077327-20240220-guerre-ukraine-maxim-kouzminov-pilote-helicoptere-russe-deserte-retrouve-mort-espagne?at_medium=RSS%20feed&amp;at_campaign=ynews&amp;utm_source=yahoo&amp;utm_medium=rss&amp;utm_campaign=news_feed&amp;utm_content=in_article_link\" rel=\"nofollow noopener\" target=\"_blank\" data-ylk=\"slk:le pilote russe Maxim Kuzminov, d\u00e9serteur arriv\u00e9 sur place sous une fausse identit\u00e9 ukrainienne, avait \u00e9t\u00e9 tu\u00e9 le 13 f\u00e9vrier 2024;elm:context_link;itc:0;sec:content-canvas\" class=\"link \">le pilote russe Maxim Kuzminov, d\u00e9serteur arriv\u00e9 sur place sous une fausse identit\u00e9 ukrainienne, avait \u00e9t\u00e9 tu\u00e9 le 13 f\u00e9vrier 2024<\/a>. Du reste, la r\u00e9gion est connue par <a href=\"https:\/\/www.20minutes.fr\/monde\/vladimir_poutine\/?at_medium=RSS%20feed&amp;at_campaign=ynews&amp;utm_source=yahoo&amp;utm_medium=rss&amp;utm_campaign=news_feed&amp;utm_content=in_article_link\" rel=\"nofollow noopener\" target=\"_blank\" data-ylk=\"slk:Vladimir Poutine;elm:context_link;itc:0;sec:content-canvas\" class=\"link \">Vladimir Poutine<\/a> en personne, lequel avait pris l\u2019habitude d\u2019y passer ses vacances avant la guerre. Ce dernier a-t-il pour autant commandit\u00e9 l\u2019assassinat d\u2019Ihor Hrushevskyi ? Certains \u00e9l\u00e9ments laissent penser que non.<\/p>\n<p>D\u2019apr\u00e8s le m\u00e9dia local, le d\u00e9funt de 61 ans venait d\u2019acheter un appartement dans le complexe afin de le r\u00e9nover. De fait, il \u00e9tait encore inconnu pour la plupart des habitants. Son corps ne pr\u00e9sentait pas de signe de violence, mais saignait d\u2019une oreille. Cela tend \u00e0 renforcer l\u2019hypoth\u00e8se d\u2019un <a href=\"https:\/\/www.20minutes.fr\/dossier\/avc?at_medium=RSS%20feed&amp;at_campaign=ynews&amp;utm_source=yahoo&amp;utm_medium=rss&amp;utm_campaign=news_feed&amp;utm_content=in_article_link\" rel=\"nofollow noopener\" target=\"_blank\" data-ylk=\"slk:AVC;elm:context_link;itc:0;sec:content-canvas\" class=\"link \">AVC<\/a>, consid\u00e9r\u00e9e aujourd\u2019hui comme la plus probable. Les r\u00e9sidents doutent en tout cas qu\u2019il ait pu se noyer dans cette piscine de seulement 1,5 m de profondeur, bien que le minist\u00e8re des Affaires \u00e9trang\u00e8res ukrainien ait annonc\u00e9 qu\u2019il \u00e9tait mort par <a href=\"https:\/\/www.20minutes.fr\/dossier\/noyade?at_medium=RSS%20feed&amp;at_campaign=ynews&amp;utm_source=yahoo&amp;utm_medium=rss&amp;utm_campaign=news_feed&amp;utm_content=in_article_link\" rel=\"nofollow noopener\" target=\"_blank\" data-ylk=\"slk:noyade;elm:context_link;itc:0;sec:content-canvas\" class=\"link \">noyade<\/a>, comme le rapporte le <a href=\"https:\/\/www.kyivpost.com\/post\/56696?at_medium=RSS%20feed&amp;at_campaign=ynews&amp;utm_source=yahoo&amp;utm_medium=rss&amp;utm_campaign=news_feed&amp;utm_content=in_article_link\" rel=\"nofollow noopener\" target=\"_blank\" data-ylk=\"slk:Kyiv Post;elm:context_link;itc:0;sec:content-canvas\" class=\"link \">Kyiv Post<\/a>.<\/p>\n<p>Un fonctionnaire haut(&#8230;)<\/p>\n<p><a href=\"https:\/\/www.20minutes.fr\/monde\/ukraine\/4164803-20250722-ancien-haut-responsable-ukrainien-retrouve-mort-piscine-espagne?at_medium=RSS%20feed&amp;at_campaign=ynews&amp;utm_source=yahoo&amp;utm_medium=rss&amp;utm_campaign=news_feed&amp;utm_content=read_more_link\" rel=\"nofollow noopener\" target=\"_blank\" data-ylk=\"slk:Lire la suite sur 20minutes;elm:context_link;itc:0;sec:content-canvas\" class=\"link \">Lire la suite sur 20minutes<\/a><\/p>\n<p>\u00c0 lire aussi :<br \/><a href=\"https:\/\/www.20minutes.fr\/monde\/ukraine\/4164474-20250720-guerre-ukraine-russie-intensifie-frappes-avant-possibles-nouveaux-pourparlers?at_medium=RSS%20feed&amp;at_campaign=ynews&amp;utm_source=yahoo&amp;utm_medium=rss&amp;utm_campaign=news_feed&amp;utm_content=related_content_link\" rel=\"nofollow noopener\" target=\"_blank\" data-ylk=\"slk:Guerre en Ukraine : La Russie intensifie ses frappes avant de possibles nouveaux pourparlers;elm:context_link;itc:0;sec:content-canvas\" class=\"link \">Guerre en Ukraine : La Russie intensifie ses frappes avant de possibles nouveaux pourparlers<\/a><br \/><a href=\"https:\/\/www.20minutes.fr\/monde\/ukraine\/4164436-20250719-guerre-ukraine-odessa-cible-attaque-massive-drones?at_medium=RSS%20feed&amp;at_campaign=ynews&amp;utm_source=yahoo&amp;utm_medium=rss&amp;utm_campaign=news_feed&amp;utm_content=related_content_link\" rel=\"nofollow noopener\" target=\"_blank\" data-ylk=\"slk:Guerre en Ukraine : L&#039;Ukraine propose \u00e0 la Russie de nouveaux pourparlers de paix, annonce Volodymyr Zelensky;elm:context_link;itc:0;sec:content-canvas\" class=\"link \">Guerre en Ukraine : L&rsquo;Ukraine propose \u00e0 la Russie de nouveaux pourparlers de paix, annonce Volodymyr Zelensky<\/a><\/p>\n","protected":false},"excerpt":{"rendered":"myst\u00e8re &#8211; Un ancien haut fonctionnaire ukrainien a \u00e9t\u00e9 retrouv\u00e9 mort dans la piscine du lotissement r\u00e9sidentiel Cala&hellip;\n","protected":false},"author":2,"featured_media":265956,"comment_status":"","ping_status":"","sticky":false,"template":"","format":"standard","meta":{"footnotes":""},"categories":[1590],"tags":[11,40548,1777,674,40545,40546,40547,12,2405,220,22241],"class_list":{"0":"post-265955","1":"post","2":"type-post","3":"status-publish","4":"format-standard","5":"has-post-thumbnail","7":"category-ukraine","8":"tag-actualites","9":"tag-cala-alta-de-villajoyosa","10":"tag-eu","11":"tag-europe","12":"tag-haut-fonctionnaire","13":"tag-la-piscine","14":"tag-mort-suspecte","15":"tag-news","16":"tag-poutine","17":"tag-ukraine","18":"tag-ukrainien"},"share_on_mastodon":{"url":"https:\/\/pubeurope.com\/@fr\/114897758693375349","error":""},"_links":{"self":[{"href":"https:\/\/www.europesays.com\/fr\/wp-json\/wp\/v2\/posts\/265955","targetHints":{"allow":["GET"]}}],"collection":[{"href":"https:\/\/www.europesays.com\/fr\/wp-json\/wp\/v2\/posts"}],"about":[{"href":"https:\/\/www.europesays.com\/fr\/wp-json\/wp\/v2\/types\/post"}],"author":[{"embeddable":true,"href":"https:\/\/www.europesays.com\/fr\/wp-json\/wp\/v2\/users\/2"}],"replies":[{"embeddable":true,"href":"https:\/\/www.europesays.com\/fr\/wp-json\/wp\/v2\/comments?post=265955"}],"version-history":[{"count":0,"href":"https:\/\/www.europesays.com\/fr\/wp-json\/wp\/v2\/posts\/265955\/revisions"}],"wp:featuredmedia":[{"embeddable":true,"href":"https:\/\/www.europesays.com\/fr\/wp-json\/wp\/v2\/media\/265956"}],"wp:attachment":[{"href":"https:\/\/www.europesays.com\/fr\/wp-json\/wp\/v2\/media?parent=265955"}],"wp:term":[{"taxonomy":"category","embeddable":true,"href":"https:\/\/www.europesays.com\/fr\/wp-json\/wp\/v2\/categories?post=265955"},{"taxonomy":"post_tag","embeddable":true,"href":"https:\/\/www.europesays.com\/fr\/wp-json\/wp\/v2\/tags?post=265955"}],"curies":[{"name":"wp","href":"https:\/\/api.w.org\/{rel}","templated":true}]}}