{"id":265957,"date":"2025-07-22T16:10:11","date_gmt":"2025-07-22T16:10:11","guid":{"rendered":"https:\/\/www.europesays.com\/fr\/265957\/"},"modified":"2025-07-22T16:10:11","modified_gmt":"2025-07-22T16:10:11","slug":"donald-trump-ne-veut-pas-de-trains-a-grande-vitesse","status":"publish","type":"post","link":"https:\/\/www.europesays.com\/fr\/265957\/","title":{"rendered":"Donald Trump ne veut pas de trains \u00e0 grande vitesse"},"content":{"rendered":"<p><strong>D\u00c9CRYPTAGE <\/strong>&#8211; Le pr\u00e9sident am\u00e9ricain a coup\u00e9 le cr\u00e9dit f\u00e9d\u00e9ral du projet californien, entre San Diego et Sacramento. Les rares liaisons ferroviaires en place peinent \u00e0 \u00eatre rentables.<\/p>\n<p class=\"fig-paragraph\">Comme promis,\u00a0<a href=\"http:\/\/www.lefigaro.fr\/flash-eco\/trump-annule-le-financement-du-train-a-grande-vitesse-en-californie-20250717\" data-fig-type=\"NewsFlash\" data-gtm-custom-categorie=\"navigation\" data-gtm-custom-action=\"crossclick\" data-gtm-custom-label=\"Contextuel\" data-gtm-event=\"customEventSPE\" data-fig-domain=\"LEFIGARO\" target=\"_blank\" rel=\"noopener\">Donald Trump coupe les cr\u00e9dits f\u00e9d\u00e9raux aux projets de trains \u00e0 grande vitesse<\/a>. Le dernier en date\u00a0: celui qui bat des records de lenteur et de d\u00e9passements de budget, cens\u00e9 relier\u00a0<a href=\"http:\/\/www.lefigaro.fr\/voyages\/guides\/deux-jours-a-san-diego-l-american-way-of-life-au-plus-pres-du-pacifique-20221117\" data-fig-type=\"Article\" data-gtm-custom-categorie=\"navigation\" data-gtm-custom-action=\"crossclick\" data-gtm-custom-label=\"Contextuel\" data-gtm-event=\"customEventSPE\" data-fig-domain=\"LEFIGARO\" target=\"_blank\" rel=\"noopener\">San Diego<\/a>\u00a0et Los\u00a0Angeles au sud, \u00e0\u00a0<a href=\"http:\/\/www.lefigaro.fr\/voyages\/guides\/dossier\/californie\" data-fig-type=\"Topic\" data-gtm-custom-categorie=\"navigation\" data-gtm-custom-action=\"crossclick\" data-gtm-custom-label=\"Contextuel\" data-gtm-event=\"customEventSPE\" data-fig-domain=\"LEFIGARO\" target=\"_blank\" rel=\"noopener\">San Francisco et Sacramento<\/a>, au nord. Lanc\u00e9e en 2008, la California High Speed Rail Authority (CHSRA) n\u2019a construit \u00e0 ce jour qu\u2019un tron\u00e7on de quelque 160\u00a0km, dans la vall\u00e9e Centrale californienne, allant de Madera, au nord de Bakersfield. Donald Trump qualifie ce gouffre financier de \u00ab\u00a0train qui va nulle part\u00a0\u00bb.<\/p>\n<p class=\"fig-paragraph\">Vendu initialement aux \u00e9lecteurs californiens par les d\u00e9mocrates comme une liaison moderne, redonnant aux \u00c9tats-Unis le leadership ferroviaire, pour 33\u00a0milliards de dollars, le projet est d\u00e9sormais estim\u00e9 \u00e0 plus 120\u00a0milliards de dollars. Une somme \u00e9norme, m\u00eame pour l\u2019\u00c9tat le plus riche d\u2019Am\u00e9rique qui se targue d\u2019\u00eatre \u00e0 la pointe de l\u2019innovation technologique.<\/p>\n<p class=\"fig-body-link\">\n            \u00c0 lire aussi<br \/>\n        <a class=\"fig-body-link__link fig-premium-mark\" href=\"http:\/\/www.lefigaro.fr\/conjoncture\/aux-etats-unis-les-coupes-de-depenses-voulues-par-elon-musk-se-materialisent-20250717\" data-fig-type=\"Article\" data-gtm-custom-categorie=\"navigation\" data-gtm-custom-action=\"crossclick\" data-gtm-custom-label=\"Contextuel\" data-gtm-event=\"customEventSPE\" data-fig-domain=\"LEFIGARO\" target=\"_blank\" rel=\"noopener\">Aux \u00c9tats-Unis, les coupes dans les d\u00e9penses voulues par Elon Musk se mat\u00e9rialisent<br \/>\n    <\/a>\n<\/p>\n<p>D\u00e9cision \u00ab\u00a0ill\u00e9gale\u00a0\u00bb<\/p>\n<p class=\"fig-paragraph\">Gavin Newsom, gouverneur d\u00e9mocrate de Californie, b\u00eate noire de Donald Trump, accuse ce\u2026<\/p>\n<p class=\"fig-premium-paywall__infos\">\n        Cet article est r\u00e9serv\u00e9 aux abonn\u00e9s.        Il vous reste 84% \u00e0 d\u00e9couvrir.\n    <\/p>\n<p>                <img  data- alt=\"Le Figaro\" class=\"fig-img--complete fig-img\"\/><\/p>\n<p class=\"fig-premium-paywall__title\">Vous avez envie de lire la suite ?<\/p>\n<p class=\"fig-premium-paywall__subtitle\">D\u00e9bloquez tous les articles imm\u00e9diatement.<\/p>\n<p class=\"fig-premium-paywall__connect\">\n                D\u00e9j\u00e0 abonn\u00e9\u00a0?                <a class=\"fig-premium-paywall__connect-link\" href=\"https:\/\/connect.lefigaro.fr\/login?client=horizon_web&amp;type=main&amp;redirect_uri=https%3A%2F%2Fwww.lefigaro.fr%2Fconjoncture%2Fetats-unis-donald-trump-ne-veut-pas-de-trains-a-grande-vitesse-20250722\" data-js-gtm=\"{&quot;customCategorie&quot;: &quot;conversion&quot;, &quot;customAction&quot;: &quot;before_Landing_Connexion_paywall_auto&quot;, &quot;customLabel&quot;: &quot;bGVmaWdhcm8uZnJfXzFmMDY2MWY0LTQzZTItNjJkNC1hNDhlLWExNGQ2ZmJkOWE0Zl9fQXJ0aWNsZQ==_Etats-Unis\u00a0: Donald Trump ne veut pas de trains \u00e0 grande vitesse_85&quot;, &quot;customIDSPE&quot;: &quot;bGVmaWdhcm8uZnJfXzFmMDY2MWY0LTQzZTItNjJkNC1hNDhlLWExNGQ2ZmJkOWE0Zl9fQXJ0aWNsZQ==&quot;, &quot;event&quot;: &quot;customEventSPE&quot;}\" target=\"_blank\" rel=\"noopener\"><br \/>\n                    Connectez-vous<br \/>\n                <\/a>\n            <\/p>\n","protected":false},"excerpt":{"rendered":"D\u00c9CRYPTAGE &#8211; Le pr\u00e9sident am\u00e9ricain a coup\u00e9 le cr\u00e9dit f\u00e9d\u00e9ral du projet californien, entre San Diego et Sacramento.&hellip;\n","protected":false},"author":2,"featured_media":265958,"comment_status":"","ping_status":"","sticky":false,"template":"","format":"standard","meta":{"footnotes":""},"categories":[1589],"tags":[11,73,1866,5495,12,6917,1864,1865,1863,308],"class_list":{"0":"post-265957","1":"post","2":"type-post","3":"status-publish","4":"format-standard","5":"has-post-thumbnail","7":"category-etats-unis","8":"tag-actualites","9":"tag-etats-unis","10":"tag-etats-unis-damerique","11":"tag-infrastructures","12":"tag-news","13":"tag-transport-ferroviaire","14":"tag-united-states","15":"tag-united-states-of-america","16":"tag-us","17":"tag-usa"},"share_on_mastodon":{"url":"https:\/\/pubeurope.com\/@fr\/114897762601964809","error":""},"_links":{"self":[{"href":"https:\/\/www.europesays.com\/fr\/wp-json\/wp\/v2\/posts\/265957","targetHints":{"allow":["GET"]}}],"collection":[{"href":"https:\/\/www.europesays.com\/fr\/wp-json\/wp\/v2\/posts"}],"about":[{"href":"https:\/\/www.europesays.com\/fr\/wp-json\/wp\/v2\/types\/post"}],"author":[{"embeddable":true,"href":"https:\/\/www.europesays.com\/fr\/wp-json\/wp\/v2\/users\/2"}],"replies":[{"embeddable":true,"href":"https:\/\/www.europesays.com\/fr\/wp-json\/wp\/v2\/comments?post=265957"}],"version-history":[{"count":0,"href":"https:\/\/www.europesays.com\/fr\/wp-json\/wp\/v2\/posts\/265957\/revisions"}],"wp:featuredmedia":[{"embeddable":true,"href":"https:\/\/www.europesays.com\/fr\/wp-json\/wp\/v2\/media\/265958"}],"wp:attachment":[{"href":"https:\/\/www.europesays.com\/fr\/wp-json\/wp\/v2\/media?parent=265957"}],"wp:term":[{"taxonomy":"category","embeddable":true,"href":"https:\/\/www.europesays.com\/fr\/wp-json\/wp\/v2\/categories?post=265957"},{"taxonomy":"post_tag","embeddable":true,"href":"https:\/\/www.europesays.com\/fr\/wp-json\/wp\/v2\/tags?post=265957"}],"curies":[{"name":"wp","href":"https:\/\/api.w.org\/{rel}","templated":true}]}}