{"id":265961,"date":"2025-07-22T16:12:10","date_gmt":"2025-07-22T16:12:10","guid":{"rendered":"https:\/\/www.europesays.com\/fr\/265961\/"},"modified":"2025-07-22T16:12:10","modified_gmt":"2025-07-22T16:12:10","slug":"armement-nucleaire-et-droit-de-douane-au-menu-demmanuel-macron-lors-de-sa-visite-en-allemagne","status":"publish","type":"post","link":"https:\/\/www.europesays.com\/fr\/265961\/","title":{"rendered":"Armement, nucl\u00e9aire et droit de douane\u00a0au menu d&rsquo;Emmanuel Macron lors de sa visite en Allemagne"},"content":{"rendered":"<p class=\"chapo\">Le d\u00e9placement du chef de l\u2019\u00c9tat \u00e0 Berlin intervient alors que plusieurs sujets br\u00fblants sont sur la table\u00a0: la d\u00e9fense et la strat\u00e9gie europ\u00e9enne, le nucl\u00e9aire civil comme militaire, et les droits de douane dont menace Donald Trump. Malgr\u00e9 les sourires, les contradictions sont nombreuses.<\/p>\n<p>              Publi\u00e9 le 22 juillet 2025<\/p>\n<p>\n              Publi\u00e9 le 22 juillet 2025<\/p>\n","protected":false},"excerpt":{"rendered":"Le d\u00e9placement du chef de l\u2019\u00c9tat \u00e0 Berlin intervient alors que plusieurs sujets br\u00fblants sont sur la table\u00a0:&hellip;\n","protected":false},"author":2,"featured_media":265962,"comment_status":"","ping_status":"","sticky":false,"template":"","format":"standard","meta":{"footnotes":""},"categories":[1587],"tags":[11,672,1804,1805,1803,34283,1073,1777,674,4710,1801,12,1802],"class_list":{"0":"post-265961","1":"post","2":"type-post","3":"status-publish","4":"format-standard","5":"has-post-thumbnail","7":"category-allemagne","8":"tag-actualites","9":"tag-allemagne","10":"tag-bundesrepublik-deutschland","11":"tag-de","12":"tag-deutschland","13":"tag-du00e9fense-europu00e9enne","14":"tag-emmanuel-macron","15":"tag-eu","16":"tag-europe","17":"tag-friedrich-merz","18":"tag-germany","19":"tag-news","20":"tag-republique-federale-dallemagne"},"share_on_mastodon":{"url":"https:\/\/pubeurope.com\/@fr\/114897770474299183","error":""},"_links":{"self":[{"href":"https:\/\/www.europesays.com\/fr\/wp-json\/wp\/v2\/posts\/265961","targetHints":{"allow":["GET"]}}],"collection":[{"href":"https:\/\/www.europesays.com\/fr\/wp-json\/wp\/v2\/posts"}],"about":[{"href":"https:\/\/www.europesays.com\/fr\/wp-json\/wp\/v2\/types\/post"}],"author":[{"embeddable":true,"href":"https:\/\/www.europesays.com\/fr\/wp-json\/wp\/v2\/users\/2"}],"replies":[{"embeddable":true,"href":"https:\/\/www.europesays.com\/fr\/wp-json\/wp\/v2\/comments?post=265961"}],"version-history":[{"count":0,"href":"https:\/\/www.europesays.com\/fr\/wp-json\/wp\/v2\/posts\/265961\/revisions"}],"wp:featuredmedia":[{"embeddable":true,"href":"https:\/\/www.europesays.com\/fr\/wp-json\/wp\/v2\/media\/265962"}],"wp:attachment":[{"href":"https:\/\/www.europesays.com\/fr\/wp-json\/wp\/v2\/media?parent=265961"}],"wp:term":[{"taxonomy":"category","embeddable":true,"href":"https:\/\/www.europesays.com\/fr\/wp-json\/wp\/v2\/categories?post=265961"},{"taxonomy":"post_tag","embeddable":true,"href":"https:\/\/www.europesays.com\/fr\/wp-json\/wp\/v2\/tags?post=265961"}],"curies":[{"name":"wp","href":"https:\/\/api.w.org\/{rel}","templated":true}]}}