{"id":265965,"date":"2025-07-22T16:14:11","date_gmt":"2025-07-22T16:14:11","guid":{"rendered":"https:\/\/www.europesays.com\/fr\/265965\/"},"modified":"2025-07-22T16:14:11","modified_gmt":"2025-07-22T16:14:11","slug":"lue-intime-a-larmee-israelienne-de-cesser-de-tuer-des-civils-cherchant-de-laide","status":"publish","type":"post","link":"https:\/\/www.europesays.com\/fr\/265965\/","title":{"rendered":"l\u2019UE intime \u00e0 l\u2019arm\u00e9e isra\u00e9lienne de \u00ab\u00a0cesser\u00a0\u00bb de tuer des civils cherchant de l\u2019aide"},"content":{"rendered":"<p>L\u2019arm\u00e9e isra\u00e9lienne \u00ab\u00a0doit cesser\u00a0\u00bb de <a target=\"_self\" href=\"https:\/\/www.lanouvellerepublique.fr\/a-la-une\/a-gaza-les-dernieres-planches-de-salut-maintenant-les-gens-en-vie-sont-en-train-de-s-effondrer-1753127399\" rel=\"nofollow noopener\">tuer des civils palestiniens<\/a> se rassemblant aux points de distribution d\u2019aide humanitaire \u00e0 Gaza, a tonn\u00e9 mardi 22\u00a0juillet 2025 la cheffe de la diplomatie de l\u2019Union europ\u00e9enne, Kaja Kallas. \u00ab\u00a0J\u2019ai clairement indiqu\u00e9 que l\u2019arm\u00e9e isra\u00e9lienne devait cesser de tuer des personnes aux points de distribution\u00a0\u00bb d\u2019aide humanitaire, a-t-elle d\u00e9clar\u00e9 <a target=\"_blank\" href=\"https:\/\/x.com\/kajakallas\/status\/1947598953920250364\" rel=\"nofollow\">sur X<\/a> apr\u00e8s un entretien avec le ministre isra\u00e9lien des Affaires \u00e9trang\u00e8res, Gideon Saar.<\/p>\n<p>Tuer des civils cherchant de l\u2019aide \u00e0 Gaza \u00ab\u00a0est ind\u00e9fendable\u00a0\u00bb, a insist\u00e9 la responsable estonienne. \u00ab\u00a0Les civils ne peuvent pas \u00eatre pris pour cible. Jamais. Les images de Gaza sont insoutenables\u00a0\u00bb, a appuy\u00e9 la pr\u00e9sidente de la Commission europ\u00e9enne, Ursula von\u00a0der\u00a0Leyen, <a target=\"_blank\" href=\"https:\/\/x.com\/vonderleyen\/status\/1947633506261037544\" rel=\"nofollow\">sur X<\/a> \u00e9galement. \u00ab\u00a0Cela doit cesser maintenant. Isra\u00ebl doit respecter ses engagements\u00a0\u00bb, a-t-elle martel\u00e9.<\/p>\n<p>\u00ab\u00a0Il suffit de regarder l\u2019horreur qui se d\u00e9roule \u00e0 Gaza, avec un niveau de mort et de destruction sans \u00e9quivalent dans l\u2019histoire r\u00e9cente. La malnutrition explose. La famine frappe \u00e0 toutes les portes\u00a0\u00bb, a fustig\u00e9 de son c\u00f4t\u00e9 le pr\u00e9sident de l\u2019Onu, Antonio Guterres.<\/p>\n<p>\u00ab\u00a0Toutes les options restent sur la table\u00a0\u00bb<\/p>\n<p>L\u2019Union europ\u00e9enne a annonc\u00e9 il y a deux semaines avoir conclu un accord avec Isra\u00ebl sur une am\u00e9lioration des livraisons d\u2019aide humanitaire \u00e0 Gaza. \u00ab\u00a0Isra\u00ebl a respect\u00e9 certains engagements, comme je l\u2019ai d\u00e9j\u00e0 indiqu\u00e9 la semaine derni\u00e8re, mais il est clair qu\u2019il reste encore beaucoup \u00e0 faire\u00a0\u00bb, a estim\u00e9 mardi un porte-parole du service diplomatique de l\u2019UE, Anouar El Anouni, soulignant que Kaja Kallas \u00ab\u00a0maintenait la pression\u00a0\u00bb aupr\u00e8s d\u2019Isra\u00ebl.<\/p>\n<p>La Haute repr\u00e9sentante aux Affaires \u00e9trang\u00e8res de l\u2019UE a pr\u00e9cis\u00e9 avoir rappel\u00e9 au ministre isra\u00e9lien que \u00ab\u00a0toutes les options restaient sur la table\u00a0\u00bb si Isra\u00ebl ne respectait pas ses engagements. Un rapport de la Commission europ\u00e9enne, pr\u00e9sent\u00e9 fin juin aux Vingt-Sept, estime qu\u2019Isra\u00ebl a viol\u00e9 l\u2019article\u00a02 de l\u2019accord d\u2019association qui l\u2019unit \u00e0 l\u2019UE, en mati\u00e8re de respect des droits de l\u2019homme.<\/p>\n<p>En cons\u00e9quence, la responsable estonienne a pr\u00e9par\u00e9 une liste d\u2019options possibles pour les 27\u00a0: suspension de l\u2019accord tout entier, interdiction des exportations en provenance des territoires palestiniens occup\u00e9s, r\u00e9vision de la politique de visas ou encore suspension de la partie commerciale de l\u2019accord d\u2019association.<\/p>\n<p>Toute d\u00e9cision requiert l\u2019unanimit\u00e9 des 27 pays membres ou la majorit\u00e9 qualifi\u00e9e s\u2019il s\u2019agit de la partie commerciale de l\u2019accord. Les ministres des Affaires \u00e9trang\u00e8res de l\u2019UE, tr\u00e8s divis\u00e9s sur le sujet, ont pr\u00e9f\u00e9r\u00e9 renvoyer \u00e0 plus tard toute d\u00e9cision, lors d\u2019une r\u00e9union \u00e0 Bruxelles le 15\u00a0juillet. Ils doivent se retrouver fin ao\u00fbt pour une r\u00e9union informelle \u00e0 Copenhague, (Danemark), dont les autorit\u00e9s ont pris ce mois-ci la pr\u00e9sidence semestrielle de l\u2019UE.<\/p>\n<p>La France veut un acc\u00e8s pour la presse libre \u00e0 Gaza<\/p>\n<p>La France, par la voie de Jean-No\u00ebl Barrot a demand\u00e9 mardi <a target=\"_self\" href=\"https:\/\/www.lanouvellerepublique.fr\/a-la-une\/la-france-demande-l-acces-a-gaza-pour-la-presse-libre-et-condamne-l-extension-de-l-offensive-israelienne-1753175913\" rel=\"nofollow noopener\">que \u00ab\u00a0la presse libre et ind\u00e9pendante puisse acc\u00e9der \u00e0 Gaza pour montrer\u00a0\u00bb ce qu\u2019il se passe<\/a>. \u00ab\u00a0Nous avons l\u2019espoir de pouvoir faire sortir quelques collaborateurs de journalistes dans les prochaines semaines\u00a0\u00bb, a ajout\u00e9 le ministre des Affaires \u00e9trang\u00e8res sur France Inter, \u00e9voquant\u00a0le cas de plusieurs collaborateurs de l\u2019AFP sur place.<\/p>\n<p>La France condamne \u00e9galement \u00ab\u00a0avec la plus grande fermet\u00e9\u00a0\u00bb la \u00ab\u00a0d\u00e9plorable\u00a0\u00bb extension de l\u2019offensive isra\u00e9lienne \u00e0 Gaza lanc\u00e9e lundi, \u00ab\u00a0qui va aggraver une situation d\u00e9j\u00e0 catastrophique\u00a0\u00bb.<\/p>\n","protected":false},"excerpt":{"rendered":"L\u2019arm\u00e9e isra\u00e9lienne \u00ab\u00a0doit cesser\u00a0\u00bb de tuer des civils palestiniens se rassemblant aux points de distribution d\u2019aide humanitaire \u00e0&hellip;\n","protected":false},"author":2,"featured_media":265966,"comment_status":"","ping_status":"","sticky":false,"template":"","format":"standard","meta":{"footnotes":""},"categories":[1586],"tags":[328,11,1777,674,1779,1011,27,329,664,74,12,25,1778,364],"class_list":{"0":"post-265965","1":"post","2":"type-post","3":"status-publish","4":"format-standard","5":"has-post-thumbnail","7":"category-europe","8":"tag-a-la-une","9":"tag-actualites","10":"tag-eu","11":"tag-europe","12":"tag-european-union","13":"tag-fr","14":"tag-france","15":"tag-france-monde","16":"tag-israel","17":"tag-monde","18":"tag-news","19":"tag-republique-francaise","20":"tag-ue","21":"tag-union-europeenne"},"share_on_mastodon":{"url":"https:\/\/pubeurope.com\/@fr\/114897778325973727","error":""},"_links":{"self":[{"href":"https:\/\/www.europesays.com\/fr\/wp-json\/wp\/v2\/posts\/265965","targetHints":{"allow":["GET"]}}],"collection":[{"href":"https:\/\/www.europesays.com\/fr\/wp-json\/wp\/v2\/posts"}],"about":[{"href":"https:\/\/www.europesays.com\/fr\/wp-json\/wp\/v2\/types\/post"}],"author":[{"embeddable":true,"href":"https:\/\/www.europesays.com\/fr\/wp-json\/wp\/v2\/users\/2"}],"replies":[{"embeddable":true,"href":"https:\/\/www.europesays.com\/fr\/wp-json\/wp\/v2\/comments?post=265965"}],"version-history":[{"count":0,"href":"https:\/\/www.europesays.com\/fr\/wp-json\/wp\/v2\/posts\/265965\/revisions"}],"wp:featuredmedia":[{"embeddable":true,"href":"https:\/\/www.europesays.com\/fr\/wp-json\/wp\/v2\/media\/265966"}],"wp:attachment":[{"href":"https:\/\/www.europesays.com\/fr\/wp-json\/wp\/v2\/media?parent=265965"}],"wp:term":[{"taxonomy":"category","embeddable":true,"href":"https:\/\/www.europesays.com\/fr\/wp-json\/wp\/v2\/categories?post=265965"},{"taxonomy":"post_tag","embeddable":true,"href":"https:\/\/www.europesays.com\/fr\/wp-json\/wp\/v2\/tags?post=265965"}],"curies":[{"name":"wp","href":"https:\/\/api.w.org\/{rel}","templated":true}]}}