{"id":265975,"date":"2025-07-22T16:20:12","date_gmt":"2025-07-22T16:20:12","guid":{"rendered":"https:\/\/www.europesays.com\/fr\/265975\/"},"modified":"2025-07-22T16:20:12","modified_gmt":"2025-07-22T16:20:12","slug":"pour-dusautoir-le-depart-de-bru-a-marque-le-debut-du-declin-du-club","status":"publish","type":"post","link":"https:\/\/www.europesays.com\/fr\/265975\/","title":{"rendered":"pour Dusautoir, le d\u00e9part de Bru a marqu\u00e9 le d\u00e9but du d\u00e9clin du club"},"content":{"rendered":"<p>Il est devenu l\u2019un des visages du rugby fran\u00e7ais. D\u00e9j\u00e0 auteur d\u2019une carri\u00e8re pleine avec le Stade Toulousain, remportant deux Boucliers de Brennus et deux Champions Cup, Yannick Bru semble suivre les m\u00eames traces depuis qu\u2019il s\u2019est converti en tant qu\u2019entra\u00eeneur.<\/p>\n<p>\u00ab\u00a0C\u2019\u00e9tait comme une \u00e9vidence\u00a0\u00bb<\/p>\n<p>Dans un premier temps, l\u2019ancien talonneur avait int\u00e9gr\u00e9 le staff de Guy Nov\u00e8s au Stade Toulousain puis avec le XV de France. Alors capitaine des Rouge et Noir, Thierry Dusautoir s\u2019est souvenu pour <a href=\"https:\/\/www.rugbyrama.fr\/2025\/06\/26\/finale-top-14-il-a-amene-de-la-rigueur-recit-de-la-longue-histoire-toulousaine-de-yannick-bru-bordeaux-begles-12787755.php\" rel=\"nofollow noopener\" target=\"_blank\">Rugbyrama<\/a> de l\u2019impact imm\u00e9diat de Yannick Bru.<\/p>\n<blockquote>\n<p>\u00ab\u00a0Quand il a pris l\u2019entra\u00eenement au Stade toulousain, c\u2019\u00e9tait comme une \u00e9vidence. C\u2019\u00e9tait d\u00e9j\u00e0 notre capitaine. Il \u00e9tait d\u00e9j\u00e0 tr\u00e8s analytique et sur la pr\u00e9paration de la performance. Au niveau des avants, il nous a amen\u00e9s de la structure, de l\u2019organisation, nous permettant d\u2019exprimer tout le potentiel de notre groupe. Il a fait passer la pr\u00e9paration \u00e0 la performance dans l\u2019\u00e8re moderne, amenant plus de rigueur dans les petits d\u00e9tails, sur les annonces\u00a0\u00bb<\/p>\n<\/blockquote>\n<p>Apr\u00e8s son exp\u00e9rience \u00e0 la t\u00eate des Bleus, Yannick Bru a entam\u00e9 une carri\u00e8re d\u2019entra\u00eeneur en chef, prenant successivement Bayonne et d\u00e9sormais l\u2019UBB. Champion d\u2019Europe avec les Girondins, il s\u2019est impos\u00e9 comme l\u2019un des meilleurs techniciens du continent. Pour Dusautoir, son d\u00e9part a co\u00efncid\u00e9 avec la p\u00e9riode noire du Stade Toulousain, sevr\u00e9 de titres entre 2012 et 2019.<\/p>\n<blockquote>\n<p>\u00ab\u00a0Il m\u2019a beaucoup appris donc son d\u00e9part m\u2019a forc\u00e9ment marqu\u00e9. D\u2019autant plus que cela a co\u00efncid\u00e9 avec la fin d\u2019une p\u00e9riode int\u00e9ressante pour le Stade toulousain. Je crois que \u00e7a a eu un impact fort sur nos performances par la suite\u00a0\u00bb<\/p>\n<\/blockquote>\n<p>Partagez cette info avec vos amis et vos proches en cliquant ici<br \/>Pour r\u00e9sumer<\/p>\n<p>Thierry Dusautoir est revenu sur la carri\u00e8re d\u2019entra\u00eeneur de Yannick Bru, louant ses comp\u00e9tences et son management. Le l\u00e9gendaire capitaine du XV de France explique avoir beaucoup appris aux c\u00f4t\u00e9s de l\u2019actuel entra\u00eeneur de l\u2019UBB.<\/p>\n<p> <img decoding=\"async\" width=\"76\" height=\"76\" loading=\"lazy\" src=\"https:\/\/www.europesays.com\/fr\/wp-content\/uploads\/2025\/04\/avatar-quinze.png\" alt=\"Arnaud D\u00e9chelotte\"\/><\/p>\n","protected":false},"excerpt":{"rendered":"Il est devenu l\u2019un des visages du rugby fran\u00e7ais. D\u00e9j\u00e0 auteur d\u2019une carri\u00e8re pleine avec le Stade Toulousain,&hellip;\n","protected":false},"author":2,"featured_media":265976,"comment_status":"","ping_status":"","sticky":false,"template":"","format":"standard","meta":{"footnotes":""},"categories":[1416],"tags":[1011,27,479,1468,60],"class_list":{"0":"post-265975","1":"post","2":"type-post","3":"status-publish","4":"format-standard","5":"has-post-thumbnail","7":"category-rugby","8":"tag-fr","9":"tag-france","10":"tag-rugby","11":"tag-rugby-football","12":"tag-sports"},"share_on_mastodon":{"url":"https:\/\/pubeurope.com\/@fr\/114897802002524220","error":""},"_links":{"self":[{"href":"https:\/\/www.europesays.com\/fr\/wp-json\/wp\/v2\/posts\/265975","targetHints":{"allow":["GET"]}}],"collection":[{"href":"https:\/\/www.europesays.com\/fr\/wp-json\/wp\/v2\/posts"}],"about":[{"href":"https:\/\/www.europesays.com\/fr\/wp-json\/wp\/v2\/types\/post"}],"author":[{"embeddable":true,"href":"https:\/\/www.europesays.com\/fr\/wp-json\/wp\/v2\/users\/2"}],"replies":[{"embeddable":true,"href":"https:\/\/www.europesays.com\/fr\/wp-json\/wp\/v2\/comments?post=265975"}],"version-history":[{"count":0,"href":"https:\/\/www.europesays.com\/fr\/wp-json\/wp\/v2\/posts\/265975\/revisions"}],"wp:featuredmedia":[{"embeddable":true,"href":"https:\/\/www.europesays.com\/fr\/wp-json\/wp\/v2\/media\/265976"}],"wp:attachment":[{"href":"https:\/\/www.europesays.com\/fr\/wp-json\/wp\/v2\/media?parent=265975"}],"wp:term":[{"taxonomy":"category","embeddable":true,"href":"https:\/\/www.europesays.com\/fr\/wp-json\/wp\/v2\/categories?post=265975"},{"taxonomy":"post_tag","embeddable":true,"href":"https:\/\/www.europesays.com\/fr\/wp-json\/wp\/v2\/tags?post=265975"}],"curies":[{"name":"wp","href":"https:\/\/api.w.org\/{rel}","templated":true}]}}