{"id":265977,"date":"2025-07-22T16:21:10","date_gmt":"2025-07-22T16:21:10","guid":{"rendered":"https:\/\/www.europesays.com\/fr\/265977\/"},"modified":"2025-07-22T16:21:10","modified_gmt":"2025-07-22T16:21:10","slug":"arthur-cazaux-vient-a-bout-dignacio-buse-et-rallie-les-huitiemes-a-kitzbuhel-lequipe","status":"publish","type":"post","link":"https:\/\/www.europesays.com\/fr\/265977\/","title":{"rendered":"Arthur Cazaux vient \u00e0 bout d&#039;Ignacio Buse et rallie les huiti\u00e8mes \u00e0 Kitzb\u00fchel &#8211; L&#039;\u00c9quipe"},"content":{"rendered":"<ol>\n<li><a href=\"https:\/\/news.google.com\/rss\/articles\/CBMixAFBVV95cUxQUWhxUWdaLU9FUkUta280TVlrVVhxazVKcTJyNVl4RGFaOXVCcnlZSU1mc0s3cUtMa2dDNFNWUnlyZEY2cnctX2NaSTNtWnRkZGNBbzB4X25qX0ZlcGZmZF9QYVYtUzhSYW51X0ZfVWpfTkFJUVRaTUhLZllDbUFGREpBMFc3dmEwX25NMGRGSzJfU0lTd2hQYlpuTXBlS1dNeHZsR2ljMmlfaFNoOG1DQ25WeTV6Q3JVVFZMOVpjM19xRXda?oc=5\" target=\"_blank\" rel=\"nofollow noopener\">Arthur Cazaux vient \u00e0 bout d&rsquo;Ignacio Buse et rallie les huiti\u00e8mes \u00e0 Kitzb\u00fchel<\/a>&nbsp;&nbsp;L&rsquo;\u00c9quipe<\/li>\n<li><a href=\"https:\/\/news.google.com\/rss\/articles\/CBMixgFBVV95cUxQNjF4REhfb1VfLW5vajF6NE55VVNFUnpqQl9zcmFaTlBMbWZPdVBSWlJ1a3YtMU9RNjR1V3RnWGU2VVRhYUFjenh6VmdXZjU1Y0ZfX0pWVGxxWHhlS1lRSTVxcHFtamRZZTFOTFJobDRUdUpOVW1GUDBjajlrbVpyUjdYM2dlN21HUUJLNHhNSnR5LXpDYzNobGswVXlMQmozd21jU3E1NGRMeUdDdXZTMHBXZE9ndlR5YXpmSWF1SnNnNktNSHc?oc=5\" target=\"_blank\" rel=\"nofollow noopener\">R\u00e9sultat : Arthur Cazaux &#8211; Ignacio Buse, ATP 250, Kitzb\u00fchel, Premier tour, Mardi 22 juillet 2025<\/a>&nbsp;&nbsp;L&rsquo;\u00c9quipe<\/li>\n<li><a href=\"https:\/\/news.google.com\/rss\/articles\/CBMiywFBVV95cUxQN0NhNklNM09IVEE5UWRtMVUxSUVjQmNwcTMxd2ZXZmpXQXJ3cml6SEE5QTgwQ0VYdzZOeGlVeUVlS3prR3RJR0FFVXlBd2czMHdvMzNaM3J4LUs2T19pLTFRR1NZUmNJdjNOdWJfT28xS0NwLVhZS3ZPcDlDYUxyYTVLUVNMQ3Vfd09HVnlua2t6end3RUFqVGNjM2NVZk9nMkNNRjNfMU5TdjktMno4bVhJcUVXMC1jSE5MUkZ1R0l0QVNjTUhwX3h2OA?oc=5\" target=\"_blank\" rel=\"nofollow noopener\">Tennis. Apr\u00e8s sa premi\u00e8re demi-finale ATP, Arthur Cazaux enchaine en passant le premier tour \u00e0 Kitzb\u00fchel<\/a>&nbsp;&nbsp;DNA<\/li>\n<li><a href=\"https:\/\/news.google.com\/rss\/articles\/CBMilwFBVV95cUxPVFVfRkRBZTY3WUdoZ3JzNmt5Nk9mNmo0NXVVc3V2b0dBTnFhTTkyU1lQb3VLM19WdjNQNUpjZlhMUmxfUW9Ec1VYd0pyanNpbElxVE01ekZfT2pRMWk5amJkMUd5dGg0bmw4VC1Eckp1cU4xdHJLYjduMTdSc2s2UUw0WmJfazJQQnp5OUJoR2ViRHE4bzM4?oc=5\" target=\"_blank\" rel=\"nofollow noopener\">ATP Kitzbuhel : Tableau et r\u00e9sultats en direct<\/a>&nbsp;&nbsp;Ski-nordique<\/li>\n<li><a href=\"https:\/\/news.google.com\/rss\/articles\/CBMigwFBVV95cUxNVzNESUl0TDlEREczaVZoQVBjSnZjR1NnWUpSUE9UVGhqdnNSdzRNOEdkZERkTWowb0lsMnhaWHhIY0FaSjdTV0tIX2ZXaHpTN29zVHA2N3JBajNERTlNUHJubG9FemJwOUdCLWtOLVhCYW44SGQwY05VU2dlZWVxendBYw?oc=5\" target=\"_blank\" rel=\"nofollow noopener\">Cazaux s\u2019impose sur le fil face \u00e0 Buse \u00e0 Kitzb\u00fchel<\/a>&nbsp;&nbsp;Tennis Temple<\/li>\n<\/ol>\n","protected":false},"excerpt":{"rendered":"Arthur Cazaux vient \u00e0 bout d&rsquo;Ignacio Buse et rallie les huiti\u00e8mes \u00e0 Kitzb\u00fchel&nbsp;&nbsp;L&rsquo;\u00c9quipe R\u00e9sultat : Arthur Cazaux &#8211;&hellip;\n","protected":false},"author":2,"featured_media":265978,"comment_status":"","ping_status":"","sticky":false,"template":"","format":"standard","meta":{"footnotes":""},"categories":[1415],"tags":[1011,27,60,1467],"class_list":{"0":"post-265977","1":"post","2":"type-post","3":"status-publish","4":"format-standard","5":"has-post-thumbnail","7":"category-tennis","8":"tag-fr","9":"tag-france","10":"tag-sports","11":"tag-tennis"},"share_on_mastodon":{"url":"https:\/\/pubeurope.com\/@fr\/114897805820163471","error":""},"_links":{"self":[{"href":"https:\/\/www.europesays.com\/fr\/wp-json\/wp\/v2\/posts\/265977","targetHints":{"allow":["GET"]}}],"collection":[{"href":"https:\/\/www.europesays.com\/fr\/wp-json\/wp\/v2\/posts"}],"about":[{"href":"https:\/\/www.europesays.com\/fr\/wp-json\/wp\/v2\/types\/post"}],"author":[{"embeddable":true,"href":"https:\/\/www.europesays.com\/fr\/wp-json\/wp\/v2\/users\/2"}],"replies":[{"embeddable":true,"href":"https:\/\/www.europesays.com\/fr\/wp-json\/wp\/v2\/comments?post=265977"}],"version-history":[{"count":0,"href":"https:\/\/www.europesays.com\/fr\/wp-json\/wp\/v2\/posts\/265977\/revisions"}],"wp:featuredmedia":[{"embeddable":true,"href":"https:\/\/www.europesays.com\/fr\/wp-json\/wp\/v2\/media\/265978"}],"wp:attachment":[{"href":"https:\/\/www.europesays.com\/fr\/wp-json\/wp\/v2\/media?parent=265977"}],"wp:term":[{"taxonomy":"category","embeddable":true,"href":"https:\/\/www.europesays.com\/fr\/wp-json\/wp\/v2\/categories?post=265977"},{"taxonomy":"post_tag","embeddable":true,"href":"https:\/\/www.europesays.com\/fr\/wp-json\/wp\/v2\/tags?post=265977"}],"curies":[{"name":"wp","href":"https:\/\/api.w.org\/{rel}","templated":true}]}}