{"id":265979,"date":"2025-07-22T16:23:12","date_gmt":"2025-07-22T16:23:12","guid":{"rendered":"https:\/\/www.europesays.com\/fr\/265979\/"},"modified":"2025-07-22T16:23:12","modified_gmt":"2025-07-22T16:23:12","slug":"un-pilote-dont-lavenir-est-flou-fait-une-grande-annonce","status":"publish","type":"post","link":"https:\/\/www.europesays.com\/fr\/265979\/","title":{"rendered":"un pilote, dont l&rsquo;avenir est flou, fait une grande annonce"},"content":{"rendered":"<p>Du c\u00f4t\u00e9 de l&rsquo;\u00e9quipe Pramac Yamaha, Jack Miller a connu un week-end d\u00e9licat lors du Grand Prix de R\u00e9publique tch\u00e8que. Le pilote Pramac a termin\u00e9 le Grand Prix \u00e0 Brno \u00e0 la 11e place, lui qui \u00e9tait parti 10e et a longtemps \u00e9t\u00e9 dans le top 8. Mais \u00e0 cause d&rsquo;un embrayage r\u00e9calcitrant, Miller a termin\u00e9 la course hors du top 10 et il \u00e9tait d\u00e9\u00e7u de son Grand Prix mais heureux de son week-end en g\u00e9n\u00e9ral, estimant que Pramac utilise mieux la moto d\u00e9sormais. Devant les m\u00e9dias, il est revenu sur sa course mais il a aussi \u00e9voqu\u00e9 la question de son avenir. Alors que des rumeurs envoient l&rsquo;Australien en WorldSBK, Miller a bien fait comprendre qu&rsquo;il veut rester chez Pramac Yamaha et en MotoGP, lui qui est tr\u00e8s heureux dans cette \u00e9quipe.<\/p>\n<p>Miller veut rester chez Pramac<\/p>\n<p>14e au classement des pilotes \u00e0 la mi-saison, Jack Miller se sent heureux chez Pramac et a donc clarifi\u00e9 la situation au sujet de son avenir. \u00a0\u00bb J&rsquo;aimerais rester ici et continuer \u00e0 piloter pour Pramac. J\u2019aime cette \u00e9quipe. Je ne pense pas que mon heure soit venue. Je peux encore progresser\u00a0\u00bb, a confi\u00e9 l&rsquo;Australien, qui envoie donc un message tr\u00e8s clair \u00e0 ses dirigeants en vue de la saison prochaine. Miller n&rsquo;est pas pr\u00eat \u00e0 baisser le rideau en MotoGP et il aimerait donc continuer \u00e0 \u00e9voluer dans la discipline l&rsquo;an prochain.<\/p>\n<p>    Partagez cette info avec vos amis et vos proches en cliquant ici  <\/p>\n<p> Podcasts \u00e0 la une MEN LIFE <\/p>\n<p>    Pour r\u00e9sumer<\/p>\n<p>Du c\u00f4t\u00e9 de l&rsquo;\u00e9quipe Pramac Yamaha, Jack Miller a connu un week-end d\u00e9licat lors du Grand Prix de R\u00e9publique tch\u00e8que. Le pilote Pramac a termin\u00e9 le Grand Prix \u00e0 Brno \u00e0 la 11e place, lui qui \u00e9tait parti 10e et a longtemps \u00e9t\u00e9 dans le top 8.<\/p>\n<p>R\u00e9dacteur<\/p>\n<p><img decoding=\"async\" width=\"76\" height=\"76\" loading=\"lazy\" src=\"https:\/\/www.europesays.com\/fr\/wp-content\/uploads\/2025\/04\/logo-victor-willems.jpg\" alt=\"Victor Willems\"\/><\/p>\n","protected":false},"excerpt":{"rendered":"Du c\u00f4t\u00e9 de l&rsquo;\u00e9quipe Pramac Yamaha, Jack Miller a connu un week-end d\u00e9licat lors du Grand Prix de&hellip;\n","protected":false},"author":2,"featured_media":265980,"comment_status":"","ping_status":"","sticky":false,"template":"","format":"standard","meta":{"footnotes":""},"categories":[1413],"tags":[1011,27,1457,1456,60],"class_list":{"0":"post-265979","1":"post","2":"type-post","3":"status-publish","4":"format-standard","5":"has-post-thumbnail","7":"category-moto","8":"tag-fr","9":"tag-france","10":"tag-moto","11":"tag-motocycle","12":"tag-sports"},"share_on_mastodon":{"url":"https:\/\/pubeurope.com\/@fr\/114897813761110723","error":""},"_links":{"self":[{"href":"https:\/\/www.europesays.com\/fr\/wp-json\/wp\/v2\/posts\/265979","targetHints":{"allow":["GET"]}}],"collection":[{"href":"https:\/\/www.europesays.com\/fr\/wp-json\/wp\/v2\/posts"}],"about":[{"href":"https:\/\/www.europesays.com\/fr\/wp-json\/wp\/v2\/types\/post"}],"author":[{"embeddable":true,"href":"https:\/\/www.europesays.com\/fr\/wp-json\/wp\/v2\/users\/2"}],"replies":[{"embeddable":true,"href":"https:\/\/www.europesays.com\/fr\/wp-json\/wp\/v2\/comments?post=265979"}],"version-history":[{"count":0,"href":"https:\/\/www.europesays.com\/fr\/wp-json\/wp\/v2\/posts\/265979\/revisions"}],"wp:featuredmedia":[{"embeddable":true,"href":"https:\/\/www.europesays.com\/fr\/wp-json\/wp\/v2\/media\/265980"}],"wp:attachment":[{"href":"https:\/\/www.europesays.com\/fr\/wp-json\/wp\/v2\/media?parent=265979"}],"wp:term":[{"taxonomy":"category","embeddable":true,"href":"https:\/\/www.europesays.com\/fr\/wp-json\/wp\/v2\/categories?post=265979"},{"taxonomy":"post_tag","embeddable":true,"href":"https:\/\/www.europesays.com\/fr\/wp-json\/wp\/v2\/tags?post=265979"}],"curies":[{"name":"wp","href":"https:\/\/api.w.org\/{rel}","templated":true}]}}