{"id":265989,"date":"2025-07-22T16:28:13","date_gmt":"2025-07-22T16:28:13","guid":{"rendered":"https:\/\/www.europesays.com\/fr\/265989\/"},"modified":"2025-07-22T16:28:13","modified_gmt":"2025-07-22T16:28:13","slug":"exposition-a-lyon-jean-batail-peintre-avec-un-temps-davance","status":"publish","type":"post","link":"https:\/\/www.europesays.com\/fr\/265989\/","title":{"rendered":"Exposition \u00e0 Lyon. Jean Batail, peintre avec un \u00ab temps \u00bb d&rsquo;avance &#8211;"},"content":{"rendered":"<p>\t\t\t\t<img loading=\"lazy\" decoding=\"async\" width=\"900\" height=\"714\" src=\"data:image\/svg+xml,%3Csvg%20xmlns=\" http:=\"\" alt=\"\" title=\"Expo Jean Batail \u2013 galerie Henri Chartier\" data-lazy- data-lazy- class=\"wp-image-163086\" data-lazy-src=\"https:\/\/www.europesays.com\/fr\/wp-content\/uploads\/2025\/07\/Expo-Jean-Batail-galerie-Henri-Chartier.jpg\"\/><\/p>\n<p><strong>Texte : Bernard Gouttenoire \u2013<\/strong> On peut dire que <strong>Jean Batail<\/strong> (1930-2021), poss\u00e9dait un ton d\u2019avance sur tous les peintres lyonnais contemporains. Il faut dire qu\u2019il avait invent\u00e9 une exceptionnelle fa\u00e7on d\u2019envisager l\u2019espace qui s\u2019offrait \u00e0 lui, jouxtant intimement la photographie et la peinture, bien avant l\u2019heure.<\/p>\n<p>Il avait r\u00e9v\u00e9l\u00e9 par le biais de la peinture, l\u2019espace vivant de la photographie, avant tout le monde. Miraculeusement l\u2019espace s\u2019est fig\u00e9 et agr\u00e9ment\u00e9 de sc\u00e8nes peintres vivantes, d\u00e8s les ann\u00e9es 50, sur les bords de l\u2019Ard\u00e8che (\u00e0 Vallon-Pont-d\u2019Arc), Batail accompagnait alors son ami le peintre <strong>Evaristo<\/strong> et les deux hommes se stimulaient avec des sc\u00e8nes fraternelles, tr\u00e8s famili\u00e8res.<\/p>\n<p>Batail sublimait son \u0153uvre avec la peinture, \u00e0 la base remani\u00e9e selon la formule \u00ab acrylique \u00bb. Plus docile au s\u00e9chage, accentu\u00e9 du proc\u00e9d\u00e9 du s\u00e9choir \u00e9lectrique. Il s\u2019exer\u00e7ait dans les alentours de sc\u00e8nes qui mettaient souvent en valeur le site \u00ab historique Gallo-Romain de Fourvi\u00e8re \u00bb, au-dessus de Lyon.<\/p>\n<p><img loading=\"lazy\" decoding=\"async\" class=\"alignnone size-full wp-image-163087\" src=\"data:image\/svg+xml,%3Csvg%20xmlns=\" http:=\"\" alt=\"\" width=\"900\" height=\"600\" data-lazy- data-lazy- data-lazy-src=\"https:\/\/www.europesays.com\/fr\/wp-content\/uploads\/2025\/07\/photo-Blaise-Adilon-1.jpg\"\/><\/p>\n<p>Il vivait (pas loin), rue du docteur Raffin au-dessus de la Sa\u00f4ne, avec son \u00e9pouse <strong>Marianne<\/strong> et leur fils unique <strong>Daniel<\/strong> -d\u00e9c\u00e9d\u00e9- (photographe), et programmaient des s\u00e9ances in\u00e9dites, ensemble, bas\u00e9e sur la projection d\u2019images.<\/p>\n<p>C\u2019est sans doute le d\u00e9but d\u2019une relation internationale fructueuse entre les arts graphiques et la photographie, avec l\u2019av\u00e8nement de<strong> Andy Warhol<\/strong>, (c\u00e9l\u00e8bre pour ses portraits de <strong>Marylin Monroe<\/strong>), puis, plus tard chez nous, de <strong>Jacques Monory <\/strong>(ses tigres sont c\u00e9l\u00e8bres), qui ont marqu\u00e9 leur temps, permettant une symbiose entre les deux fa\u00e7ons de proc\u00e9der.<\/p>\n<p>Jean Batail -suite \u00e0 un grave probl\u00e8me affectif- arr\u00eatera net, de peindre en 1998, et sa collaboration \u00e9troite, avec sa galerie d\u2019origine, le \u00ab Lutrin \u00bb de <strong>Paul Gauzit<\/strong>, \u00e0 Lyon. Revoir Batail, dans un tel ensemble contemporain, chez <strong>Henri Chartier<\/strong> (au d\u00e9but de la rue Auguste Comte), est un acte b\u00e9n\u00e9fique et salutaire, comme un \u00ab bain de jouvence \u00bb.<\/p>\n<p><strong>Jean Batail, jadis et nagu\u00e8re<\/strong><strong><br \/>Exposition prolong\u00e9e jusqu\u2019au 27 septembre 2025<br \/><\/strong><strong>Galerie Henri Chartier<br \/>3, rue Auguste Comte \u2013 Lyon 2<\/strong><\/p>\n","protected":false},"excerpt":{"rendered":"Texte : Bernard Gouttenoire \u2013 On peut dire que Jean Batail (1930-2021), poss\u00e9dait un ton d\u2019avance sur tous&hellip;\n","protected":false},"author":2,"featured_media":265990,"comment_status":"","ping_status":"","sticky":false,"template":"","format":"standard","meta":{"footnotes":""},"categories":[1358],"tags":[4257,1348,1384,1385,1386,58,59,40549,1011,27],"class_list":{"0":"post-265989","1":"post","2":"type-post","3":"status-publish","4":"format-standard","5":"has-post-thumbnail","7":"category-arts-et-design","8":"tag-0top","9":"tag-arts","10":"tag-arts-and-design","11":"tag-arts-et-design","12":"tag-design","13":"tag-divertissement","14":"tag-entertainment","15":"tag-exposition-jean-batail","16":"tag-fr","17":"tag-france"},"share_on_mastodon":{"url":"https:\/\/pubeurope.com\/@fr\/114897833350296094","error":""},"_links":{"self":[{"href":"https:\/\/www.europesays.com\/fr\/wp-json\/wp\/v2\/posts\/265989","targetHints":{"allow":["GET"]}}],"collection":[{"href":"https:\/\/www.europesays.com\/fr\/wp-json\/wp\/v2\/posts"}],"about":[{"href":"https:\/\/www.europesays.com\/fr\/wp-json\/wp\/v2\/types\/post"}],"author":[{"embeddable":true,"href":"https:\/\/www.europesays.com\/fr\/wp-json\/wp\/v2\/users\/2"}],"replies":[{"embeddable":true,"href":"https:\/\/www.europesays.com\/fr\/wp-json\/wp\/v2\/comments?post=265989"}],"version-history":[{"count":0,"href":"https:\/\/www.europesays.com\/fr\/wp-json\/wp\/v2\/posts\/265989\/revisions"}],"wp:featuredmedia":[{"embeddable":true,"href":"https:\/\/www.europesays.com\/fr\/wp-json\/wp\/v2\/media\/265990"}],"wp:attachment":[{"href":"https:\/\/www.europesays.com\/fr\/wp-json\/wp\/v2\/media?parent=265989"}],"wp:term":[{"taxonomy":"category","embeddable":true,"href":"https:\/\/www.europesays.com\/fr\/wp-json\/wp\/v2\/categories?post=265989"},{"taxonomy":"post_tag","embeddable":true,"href":"https:\/\/www.europesays.com\/fr\/wp-json\/wp\/v2\/tags?post=265989"}],"curies":[{"name":"wp","href":"https:\/\/api.w.org\/{rel}","templated":true}]}}