{"id":265991,"date":"2025-07-22T16:29:09","date_gmt":"2025-07-22T16:29:09","guid":{"rendered":"https:\/\/www.europesays.com\/fr\/265991\/"},"modified":"2025-07-22T16:29:09","modified_gmt":"2025-07-22T16:29:09","slug":"mon-ouvrage-se-destine-a-un-public-majeur-le-varois-multicasquettes-thierry-le-gall-nous-devoile-le-premier-volet-de-son-roman-fantastique","status":"publish","type":"post","link":"https:\/\/www.europesays.com\/fr\/265991\/","title":{"rendered":"\u00ab\u00a0Mon ouvrage se destine \u00e0 un public majeur\u00a0\u00bb: le Varois multicasquettes Thierry Le Gall nous d\u00e9voile le premier volet de son roman fantastique"},"content":{"rendered":"<p>Il est de ces \u00e2mes d\u2019artistes purs et durs qui poss\u00e8dent toute une panoplie d\u2019activit\u00e9s et de passions \u00e0 leur palette&#8230; Alors, se lancer dans l\u2019\u00e9criture pour <strong>Thierry Le Gall<\/strong> \u00e9tait comme suivre l\u2019alignement des plan\u00e8tes. Retrait\u00e9 et ancien militaire de la Marine nationale, ancien moniteur d\u2019escalade, tant\u00f4t connu comme mod\u00e8le et photographe portraitiste sur La Seyne o\u00f9 il exerce depuis de nombreuses ann\u00e9es, Thierry Le Gall est aussi po\u00e8te et, depuis peu, romancier. Rencontre avec ce jongleur de mots, qui nous emm\u00e8ne dans son monde, celui de Shayen l\u2019Amazone.<\/p>\n<p><strong>D\u2019ordinaire tourn\u00e9 vers la po\u00e9sie, comment en \u00eates-vous arriv\u00e9 \u00e0 l\u2019\u00e9criture d\u2019un roman?<\/strong><\/p>\n<p>Il y a 18 ans, je me suis inscrit sur un site de po\u00e9sie international \u00ab\u00a0La passion des po\u00e8mes\u00a0\u00bb cr\u00e9\u00e9 par un Canadien, dont une amie de Paris, Virginie Valdrighi, et moi-m\u00eame sommes devenus administrateurs. Il y a trois ans, j\u2019ai lanc\u00e9 l\u2019id\u00e9e pour les po\u00e8tes du site de profiter de l\u2019\u00e9t\u00e9 pour \u00e9crire une petite nouvelle, soit sur une l\u00e9gende existante, mais transform\u00e9e, soit invent\u00e9e de toutes pi\u00e8ces. Je voulais participer, mais pas \u00e9crire seul. J\u2019avais une id\u00e9e de base, que j\u2019ai transmise \u00e0 Virginie pour qu\u2019elle y apporte sa vision. Pris dans le jeu d\u2019\u00e9criture, ce qui devait \u00eatre une simple nouvelle est devenu finalement notre chapitre 1 du roman. Il y avait de la mati\u00e8re, nous \u00e9tions dans la pure fantaisie, tout \u00e9tait possible, la porte \u00e9tait grande ouverte \u00e0 toutes les cr\u00e9atures inimaginables.<\/p>\n<p><strong>Dessinez-nous l\u2019univers de Shayen et de son histoire&#8230;<\/strong><\/p>\n<p>L\u2019histoire tourne autour du personnage de Shayen et de ses rencontres avec des personnages fantastiques, au fil de sa qu\u00eate pour se lib\u00e9rer de sa servitude. Il est question de l\u00e9gendes, d\u2019immortalit\u00e9, d\u2019Amazones, de gladiateurs et de chamanes. Le voyage initiatique de Shayen prend une tournure inattendue, m\u00ealant amours et d\u00e9sillusions. Elle se r\u00e9v\u00e8le \u00eatre une combattante obstin\u00e9e et avide de savoirs. Certaines sc\u00e8nes \u00e9rotiques et de combats en font un ouvrage destin\u00e9 \u00e0 un public majeur.<\/p>\n<p><strong>Qu\u2019avez-vous tir\u00e9 de cette exp\u00e9rience? Pr\u00e9voyez-vous d\u2019autres \u00e9crits?<\/strong><\/p>\n<p>Personnellement, c\u2019est tr\u00e8s satisfaisant, j\u2019ai d\u00e9velopp\u00e9 un sens aiguis\u00e9 pour les descriptions d\u00e9taill\u00e9es des personnages et des paysages. Virginie quant \u00e0 elle est tr\u00e8s forte pour les dialogues, c\u2019est un travail qui nous a pris deux ans. Nous sommes partis pour une trilogie. D\u2019ailleurs, le tome 2 est d\u00e9j\u00e0 \u00e0 mi-parcours. Le tome 1 est tourn\u00e9 vers une conqu\u00eate de territoire, le 2 est plut\u00f4t une qu\u00eate d\u2019artefact et d\u2019aventure en mer. C\u2019est un ouvrage qui replace la femme au centre du combat. Un combat f\u00e9ministe d\u2019aujourd\u2019hui, t\u00e9l\u00e9port\u00e9 dans un monde qui n\u2019existe pas. C\u2019est puissant par moments, souvent ce genre d\u2019aventure est r\u00e9serv\u00e9 aux gros bras ! J\u2019ai voulu r\u00e9duire l\u2019\u00e9paisseur de ces bras et f\u00e9miniser tout \u00e7a. Avec tout ce que l\u2019on entend aujourd\u2019hui, je trouve que cette histoire a toute sa place.<\/p>\n","protected":false},"excerpt":{"rendered":"Il est de ces \u00e2mes d\u2019artistes purs et durs qui poss\u00e8dent toute une panoplie d\u2019activit\u00e9s et de passions&hellip;\n","protected":false},"author":2,"featured_media":265992,"comment_status":"","ping_status":"","sticky":false,"template":"","format":"standard","meta":{"footnotes":""},"categories":[1357],"tags":[1379,251,58,59,1011,27,1351,1380],"class_list":{"0":"post-265991","1":"post","2":"type-post","3":"status-publish","4":"format-standard","5":"has-post-thumbnail","7":"category-livres","8":"tag-books","9":"tag-culture","10":"tag-divertissement","11":"tag-entertainment","12":"tag-fr","13":"tag-france","14":"tag-litterature","15":"tag-livres"},"share_on_mastodon":{"url":"https:\/\/pubeurope.com\/@fr\/114897837326035079","error":""},"_links":{"self":[{"href":"https:\/\/www.europesays.com\/fr\/wp-json\/wp\/v2\/posts\/265991","targetHints":{"allow":["GET"]}}],"collection":[{"href":"https:\/\/www.europesays.com\/fr\/wp-json\/wp\/v2\/posts"}],"about":[{"href":"https:\/\/www.europesays.com\/fr\/wp-json\/wp\/v2\/types\/post"}],"author":[{"embeddable":true,"href":"https:\/\/www.europesays.com\/fr\/wp-json\/wp\/v2\/users\/2"}],"replies":[{"embeddable":true,"href":"https:\/\/www.europesays.com\/fr\/wp-json\/wp\/v2\/comments?post=265991"}],"version-history":[{"count":0,"href":"https:\/\/www.europesays.com\/fr\/wp-json\/wp\/v2\/posts\/265991\/revisions"}],"wp:featuredmedia":[{"embeddable":true,"href":"https:\/\/www.europesays.com\/fr\/wp-json\/wp\/v2\/media\/265992"}],"wp:attachment":[{"href":"https:\/\/www.europesays.com\/fr\/wp-json\/wp\/v2\/media?parent=265991"}],"wp:term":[{"taxonomy":"category","embeddable":true,"href":"https:\/\/www.europesays.com\/fr\/wp-json\/wp\/v2\/categories?post=265991"},{"taxonomy":"post_tag","embeddable":true,"href":"https:\/\/www.europesays.com\/fr\/wp-json\/wp\/v2\/tags?post=265991"}],"curies":[{"name":"wp","href":"https:\/\/api.w.org\/{rel}","templated":true}]}}