{"id":265999,"date":"2025-07-22T16:33:10","date_gmt":"2025-07-22T16:33:10","guid":{"rendered":"https:\/\/www.europesays.com\/fr\/265999\/"},"modified":"2025-07-22T16:33:10","modified_gmt":"2025-07-22T16:33:10","slug":"a-25-ans-atteint-dun-cancer-il-publie-des-videos-jusqua-sa-mort-et-laisse-un-dernier-message-bouleversant","status":"publish","type":"post","link":"https:\/\/www.europesays.com\/fr\/265999\/","title":{"rendered":"\u00c0 25 ans, atteint d&rsquo;un cancer, il publie des vid\u00e9os jusqu&rsquo;\u00e0 sa mort et laisse un dernier message bouleversant"},"content":{"rendered":"<p>\u00ab\u00a0Salut, c&rsquo;est moi, Tanner\u00a0\u00bb. Il y a cinq ans, Tanner Martin &#8211; alors \u00e2g\u00e9 de 25 ans &#8211; apprend qu&rsquo;il souffre d&rsquo;un cancer du c\u00f4lon. Chaque ann\u00e9e, environ 47 000 nouveaux cas de cancer colorectal sont diagnostiqu\u00e9s et pr\u00e8s de 17 000 d\u00e9c\u00e8s sont enregistr\u00e9s en France. Mais g\u00e9n\u00e9ralement, ce cancer touche davantage les personnes plus \u00e2g\u00e9es. D&rsquo;apr\u00e8s<a data-i13n=\"cpos:1;pos:1\" href=\"https:\/\/www.ameli.fr\/assure\/sante\/themes\/cancer-colorectal\/comprendre-cancer-colorectal\" rel=\"nofollow noopener\" target=\"_blank\" data-ylk=\"slk:les chiffres d&#039;Ameli Sant\u00e9;cpos:1;pos:1;elm:context_link;itc:0;sec:content-canvas\" class=\"link \"> les chiffres d&rsquo;Ameli Sant\u00e9<\/a>, le risque de cancer colorectal augmente apr\u00e8s 50 ans. L&rsquo;\u00e2ge m\u00e9dian au diagnostic de ce cancer est de 71 ans chez les hommes et 72 ans chez les femmes.<\/p>\n<p><strong>LIRE AUSSI &gt;&gt; <\/strong><a data-i13n=\"cpos:2;pos:1\" href=\"https:\/\/fr.news.yahoo.com\/elle-pensait-souffrir-danxiete-chatgpt-identifie-son-cancer-du-sang-un-an-avant-le-diagnostic-des-medecins-105609871.html\" data-ylk=\"slk:Elle pensait souffrir d&#039;anxi\u00e9t\u00e9, ChatGPT identifie son cancer du sang un an avant le diagnostic des m\u00e9decins;cpos:2;pos:1;elm:context_link;itc:0;sec:content-canvas;outcm:mb_qualified_link;_E:mb_qualified_link;ct:story;\" class=\"link  yahoo-link\" target=\"_blank\" rel=\"noopener\">Elle pensait souffrir d&rsquo;anxi\u00e9t\u00e9, ChatGPT identifie son cancer du sang un an avant le diagnostic des m\u00e9decins<\/a><\/p>\n<p>Un jour, le jeune homme commence \u00e0 avoir des douleurs \u00e0 l\u2019estomac et des probl\u00e8mes intestinaux mais plusieurs m\u00e9decins ne soup\u00e7onnent rien de grave. Six mois plus tard, le diagnostic tombe et le cancer s&rsquo;\u00e9tait d\u00e9j\u00e0 propag\u00e9 au foie. Le jeune homme \u00e9tait au stade 4, en phase terminale de la maladie. Pendant ses ann\u00e9es de combat contre la maladie, Tanner Martin et sa femme Shay Martin d\u00e9cident de r\u00e9aliser de nombreuses vid\u00e9os pour immortaliser l&rsquo;\u00e9volution de la maladie et capturer les diff\u00e9rents souvenirs de vie. \u00ab\u00a0La vie \u00e9tait g\u00e9niale. J&rsquo;ai vraiment appr\u00e9ci\u00e9 mon s\u00e9jour ici. J&rsquo;esp\u00e8re croire qu&rsquo;il y a quelque chose apr\u00e8s tout \u00e7a et qu&rsquo;on passe du temps ensemble maintenant. Il y a tellement de gens dans l&rsquo;au-del\u00e0 que je suis ravi de voir, heureux et sans souffrance\u00a0\u00bb, lan\u00e7ait le jeune homme dans une derni\u00e8re vid\u00e9o r\u00e9alis\u00e9e avant sa mort comme le raconte <a data-i13n=\"cpos:3;pos:1\" href=\"https:\/\/www.washingtonpost.com\/health\/2025\/07\/20\/tanner-martin-young-cancer-funeral\/\" rel=\"nofollow noopener\" target=\"_blank\" data-ylk=\"slk:le Washington Post.;cpos:3;pos:1;elm:context_link;itc:0;sec:content-canvas\" class=\"link \">le Washington Post.<\/a> Cette derni\u00e8re vid\u00e9o a \u00e9t\u00e9 diffus\u00e9e apr\u00e8s son d\u00e9c\u00e8s.<\/p>\n<p>Le cancer se propage<\/p>\n<p>En mai dernier, le couple donne naissance \u00e0 une petite fille alors que le p\u00e8re de famille lutte avec rage contre la maladie. Le cancer s&rsquo;\u00e9tait propag\u00e9 dans les poumons, les ganglions lymphatiques, le foie et le c\u00f4lon. Pendant plusieurs mois, Tanner Martin prend le temps de lire des livres \u00e0 sa fille, de la prendre dans les bras et de faire quelques promenades en famille. Mais la plupart du temps, il ne peut plus quitter le canap\u00e9.<\/p>\n<p>Pour tenter de soulager les naus\u00e9es et l&rsquo;anxi\u00e9t\u00e9, il accepte de prendre des m\u00e9dicaments plus forts \u00e0 partir du 15 juin. L&rsquo;\u00e9quipe m\u00e9dicale lui prescrit \u00e9galement des m\u00e9dicaments plus puissants pour tenter de soulager la douleur. Mais, rien n&rsquo;y fait. Chaque jour, la douleur s&rsquo;intensifie et la communication se fragilise.<\/p>\n<p>Des fun\u00e9railles pr\u00e9par\u00e9es<\/p>\n<p>\u00c0 la fin du mois de juin, la famille du jeune homme demande \u00e0 tout son entourage de prier pour un d\u00e9c\u00e8s rapide et paisible. Le 25 juin, il d\u00e9cide de regarder la trilogie originale d&rsquo;Indiana Jones dans son int\u00e9gralit\u00e9. Mais juste avant l&rsquo;aube, sa respiration change et sa famille comprend que les derniers instants sont arriv\u00e9s. Son \u00e9pouse d\u00e9pose alors leur b\u00e9b\u00e9 pr\u00e8s de lui. En quelque minutes, \u00e0 5h07 du matin, il d\u00e9c\u00e8de, \u00e2g\u00e9 de seulement 30 ans.<\/p>\n<p><strong>LIRE AUSSI &gt;&gt;<\/strong> <a data-i13n=\"cpos:4;pos:1\" href=\"https:\/\/fr.news.yahoo.com\/a-26-ans-elle-decouvre-souffrir-dun-cancer-les-medecins-attribuaient-ses-symptomes-au-syndrome-du-colon-irritable-092635830.html\" data-ylk=\"slk:\u00c0 26 ans, elle d\u00e9couvre souffrir d&#039;un cancer, les m\u00e9decins attribuaient ses sympt\u00f4mes au syndrome du colon irritable;cpos:4;pos:1;elm:context_link;itc:0;sec:content-canvas;outcm:mb_qualified_link;_E:mb_qualified_link;ct:story;\" class=\"link  yahoo-link\" target=\"_blank\" rel=\"noopener\">\u00c0 26 ans, elle d\u00e9couvre souffrir d&rsquo;un cancer, les m\u00e9decins attribuaient ses sympt\u00f4mes au syndrome du colon irritable<\/a><\/p>\n<p>Les fun\u00e9railles de Tanner se sont d\u00e9roul\u00e9es exactement comme il l&rsquo;avait imagin\u00e9 alors qu&rsquo;il \u00e9tait encore en vie. Au fil des jours et des semaines, son \u00e9pouse retrouve des objectifs. Elle veut continuer \u00e0 s&rsquo;occuper de la fondation qu&rsquo;elle et Tanner avaient cr\u00e9\u00e9e pour aider les jeunes patients atteints de cancer, visiter le temple de Mesa, en Arizona, etc. Elle souhaite \u00e9galement r\u00e9aliser une s\u00e9rie sur les r\u00e9seaux sociaux intitul\u00e9e \u00ab\u00a0Lettres au Ciel\u00a0\u00bb. Pour d\u00e9buter sa vid\u00e9o, elle avait d\u00e9j\u00e0 son id\u00e9e : \u00ab\u00a0Salut Tanner. C&rsquo;est moi, Shay.\u00a0\u00bb<\/p>\n","protected":false},"excerpt":{"rendered":"\u00ab\u00a0Salut, c&rsquo;est moi, Tanner\u00a0\u00bb. Il y a cinq ans, Tanner Martin &#8211; alors \u00e2g\u00e9 de 25 ans &#8211;&hellip;\n","protected":false},"author":2,"featured_media":266000,"comment_status":"","ping_status":"","sticky":false,"template":"","format":"standard","meta":{"footnotes":""},"categories":[10],"tags":[1764,101,2672,1011,27,72,71,40551],"class_list":{"0":"post-265999","1":"post","2":"type-post","3":"status-publish","4":"format-standard","5":"has-post-thumbnail","7":"category-sante","8":"tag-ans","9":"tag-cancer","10":"tag-cancer-du-colon","11":"tag-fr","12":"tag-france","13":"tag-health","14":"tag-sante","15":"tag-tanner-martin"},"share_on_mastodon":{"url":"https:\/\/pubeurope.com\/@fr\/114897853105760043","error":""},"_links":{"self":[{"href":"https:\/\/www.europesays.com\/fr\/wp-json\/wp\/v2\/posts\/265999","targetHints":{"allow":["GET"]}}],"collection":[{"href":"https:\/\/www.europesays.com\/fr\/wp-json\/wp\/v2\/posts"}],"about":[{"href":"https:\/\/www.europesays.com\/fr\/wp-json\/wp\/v2\/types\/post"}],"author":[{"embeddable":true,"href":"https:\/\/www.europesays.com\/fr\/wp-json\/wp\/v2\/users\/2"}],"replies":[{"embeddable":true,"href":"https:\/\/www.europesays.com\/fr\/wp-json\/wp\/v2\/comments?post=265999"}],"version-history":[{"count":0,"href":"https:\/\/www.europesays.com\/fr\/wp-json\/wp\/v2\/posts\/265999\/revisions"}],"wp:featuredmedia":[{"embeddable":true,"href":"https:\/\/www.europesays.com\/fr\/wp-json\/wp\/v2\/media\/266000"}],"wp:attachment":[{"href":"https:\/\/www.europesays.com\/fr\/wp-json\/wp\/v2\/media?parent=265999"}],"wp:term":[{"taxonomy":"category","embeddable":true,"href":"https:\/\/www.europesays.com\/fr\/wp-json\/wp\/v2\/categories?post=265999"},{"taxonomy":"post_tag","embeddable":true,"href":"https:\/\/www.europesays.com\/fr\/wp-json\/wp\/v2\/tags?post=265999"}],"curies":[{"name":"wp","href":"https:\/\/api.w.org\/{rel}","templated":true}]}}