{"id":266003,"date":"2025-07-22T16:35:11","date_gmt":"2025-07-22T16:35:11","guid":{"rendered":"https:\/\/www.europesays.com\/fr\/266003\/"},"modified":"2025-07-22T16:35:11","modified_gmt":"2025-07-22T16:35:11","slug":"francis-lalanne-revele-etre-en-remission-dun-cancer","status":"publish","type":"post","link":"https:\/\/www.europesays.com\/fr\/266003\/","title":{"rendered":"Francis Lalanne r\u00e9v\u00e8le \u00eatre en \u00abr\u00e9mission\u00bb d\u2019un cancer"},"content":{"rendered":"<p>                             Par Benoit Narbonne<\/p>\n<p>                Le 22 juillet 2025 \u00e0 16h35<\/p>\n<p>    Francis Lalanne<br \/>\n                Joly Victor\/ABACA<\/p>\n<p>Dans une interview qui sera mise en ligne ce jeudi 24 juillet sur la cha\u00eene du journaliste Jordan De Luxe, le chanteur raconte avoir eu recours \u00e0 un traitement \u00abalternatif\u00bb pour soigner la maladie.<\/p>\n<p class=\"fig-paragraph\">C\u2019est \u00e0 bord du \u00ab\u202fJet de Luxe\u00a0\u00bb \u2014 l\u2019\u00e9mission YouTube de l\u2019animateur\u00a0<a href=\"https:\/\/www.lefigaro.fr\/tag\/jordan-de-luxe\" target=\"_blank\" rel=\"sponsored noopener\" data-gtm-custom-categorie=\"navigation\" data-gtm-custom-action=\"crossclick\" data-gtm-custom-label=\"Contextuel\" data-gtm-event=\"customEventSPE\">Jordan de Luxe\u00a0<\/a>\u2014 que\u00a0<a href=\"https:\/\/www.lefigaro.fr\/tag\/francis-lalanne\" target=\"_blank\" rel=\"sponsored noopener\" data-gtm-custom-categorie=\"navigation\" data-gtm-custom-action=\"crossclick\" data-gtm-custom-label=\"Contextuel\" data-gtm-event=\"customEventSPE\"><strong>Francis Lalanne<\/strong><\/a> \u00a0a d\u00e9cid\u00e9 de se confier sur son \u00e9tat de sant\u00e9. Si l\u2019interview est diffus\u00e9e jeudi 24 juillet, le site\u00a0<a href=\"https:\/\/www.jeanmarcmorandini.com\/article-613762-exclusif-francis-lalanne-raconte-son-combat-contre-le-cancer-et-revele-avoir-choisi-des-traitements-non-autorises-je-suis-aujourd-hui-en-remission-mais-ce-que-j-ai-fait-est-interdit-en-france.html\" target=\"_blank\" rel=\"sponsored noopener\" data-gtm-custom-categorie=\"navigation\" data-gtm-custom-action=\"crossclick\" data-gtm-custom-label=\"Contextuel\" data-gtm-event=\"customEventSPE\">jeanmarcmorandini.com<\/a>\u00a0en a publi\u00e9 un extrait en avant-premi\u00e8re.<\/p>\n<p class=\"fig-paragraph\">Dans celui-ci, le chanteur est interrog\u00e9 sur sa sant\u00e9, et plus particuli\u00e8rement sur sa perte de poids de 35 kilos. D\u2019abord h\u00e9sitant et \u00e9vasif, le musicien avoue finalement \u00eatre en \u00ab\u202fr\u00e9mission\u00a0\u00bb d\u2019un cancer. Il ajoute ne pas avoir subi de s\u00e9quelles physiques li\u00e9es aux soins.<\/p>\n<blockquote class=\"fig-quote&#10;    \">\n<p class=\"fig-quote__text\">Je n\u2019ai pas fait de traitement traditionnel<\/p>\n<p>            Francis Lalanne\n    <\/p><\/blockquote>\n<p>                                    <a class=\"fig-a11y-skip a11y-hidden\" href=\"#fig-a11y-skip-main-inarticle\"><br \/>\n        Passer la publicit\u00e9<br \/>\n    <\/a><\/p>\n<p class=\"fig-paragraph\">\u00ab\u202fJe me suis trait\u00e9 de mani\u00e8re non agressive. Je n\u2019ai pas fait de traitement traditionnel qui, souvent, est \u00e0 l\u2019origine de r\u00e9actions physiques. Je me suis soign\u00e9 autrement\u00a0\u00bb, raconte l\u2019auteur-compositeur-interpr\u00e8te. Questionn\u00e9 sur la nature de son traitement, il d\u00e9clare ne pas pouvoir en dire davantage\u00a0: \u00ab\u202fLe probl\u00e8me, c\u2019est que je n\u2019ai pas le droit d\u2019en parler, car ce sont des choses qui ne sont pas forc\u00e9ment autoris\u00e9es en France\u00a0\u00bb, se justifie-t-il.<\/p>\n<p class=\"fig-paragraph\">L\u2019artiste affirme avoir volontairement rejet\u00e9 les traitements conventionnels\u00a0: \u00ab\u202fJ\u2019ai d\u00e9cid\u00e9 de ne pas traiter par la chimio.\u00bb\u00a0 Une d\u00e9cision qu\u2019il aurait pris gr\u00e2ce \u00e0 Dieudonn\u00e9 avec qui il a r\u00e9cemment partag\u00e9 la sc\u00e8ne dans son spectacle La cage aux fous. \u00ab C\u2019est le sketch de mon \u201cfr\u00e8re\u201d Dieudonn\u00e9 qui m\u2019a fait renoncer \u00e0 tout \u00e7a, qui m\u2019a permis d\u2019en rire. Il a fait beaucoup de bien \u00e0 de nombreuses personnes\u00a0\u00bb raconte celui qui a partag\u00e9 une<a href=\"http:\/\/www.lefigaro.fr\/politique\/europeennes-francis-lalanne-et-dieudonne-reunis-sur-une-liste-commune-20240420\" data-fig-type=\"NewsFlash\" data-gtm-custom-categorie=\"navigation\" data-gtm-custom-action=\"crossclick\" data-gtm-custom-label=\"Contextuel\" data-gtm-event=\"customEventSPE\" data-fig-domain=\"LEFIGARO\" target=\"_blank\" rel=\"noopener\">\u00a0liste \u00e9lectorale pour les \u00e9lections europ\u00e9ennes de 2024<\/a>\u00a0avec l\u2019humoriste multicondamn\u00e9.<\/p>\n<p class=\"fig-paragraph\">Un discours sur la m\u00e9decine qui s\u2019inscrit dans la continuit\u00e9 de ses prises de position depuis la crise du Covid. Figure de proue du mouvement antivax, Francis Lalanne avait d\u00e9clar\u00e9 sur X que le vaccin \u00e9tait un \u00abcrime contre l\u2019humanit\u00e9\u00bb. Sur le plateau des \u00ab\u202f<a href=\"https:\/\/tvmag.lefigaro.fr\/programme-tv\/programme\/les-grandes-gueules-d1292146167\" target=\"_blank\" rel=\"sponsored noopener\" data-gtm-custom-categorie=\"navigation\" data-gtm-custom-action=\"crossclick\" data-gtm-custom-label=\"Contextuel\" data-gtm-event=\"customEventSPE\">Grandes Gueules<\/a>\u00a0\u00bb en 2021, il expliquait s\u2019\u00eatre soign\u00e9 avec de l\u2019hydroxychloroquine et le protocole du professeur Raoult. La m\u00eame ann\u00e9e, il avait\u00a0<a href=\"https:\/\/tvmag.lefigaro.fr\/programme-tv\/faux-departs-tensions-avec-jimmy-mohamed-le-show-de-francis-lalanne-dans-tpmp_3eef0a8e-6087-11eb-8fde-d92bf2ba0bfe\" data-fig-type=\"Article\" data-gtm-custom-categorie=\"navigation\" data-gtm-custom-action=\"crossclick\" data-gtm-custom-label=\"Contextuel\" data-gtm-event=\"customEventSPE\" data-fig-domain=\"TVMAG\" target=\"_blank\" rel=\"noopener\">refus\u00e9 de porter un masque sur le plateau de \u00ab\u202fTPMP\u00a0\u00bb<\/a>, au nom des libert\u00e9s individuelles.<\/p>\n","protected":false},"excerpt":{"rendered":"Par Benoit Narbonne Le 22 juillet 2025 \u00e0 16h35 Francis Lalanne Joly Victor\/ABACA Dans une interview qui sera&hellip;\n","protected":false},"author":2,"featured_media":266004,"comment_status":"","ping_status":"","sticky":false,"template":"","format":"standard","meta":{"footnotes":""},"categories":[8],"tags":[101,58,59,1011,27,21301],"class_list":{"0":"post-266003","1":"post","2":"type-post","3":"status-publish","4":"format-standard","5":"has-post-thumbnail","7":"category-divertissement","8":"tag-cancer","9":"tag-divertissement","10":"tag-entertainment","11":"tag-fr","12":"tag-france","13":"tag-francis-lalanne"},"share_on_mastodon":{"url":"https:\/\/pubeurope.com\/@fr\/114897861108214872","error":""},"_links":{"self":[{"href":"https:\/\/www.europesays.com\/fr\/wp-json\/wp\/v2\/posts\/266003","targetHints":{"allow":["GET"]}}],"collection":[{"href":"https:\/\/www.europesays.com\/fr\/wp-json\/wp\/v2\/posts"}],"about":[{"href":"https:\/\/www.europesays.com\/fr\/wp-json\/wp\/v2\/types\/post"}],"author":[{"embeddable":true,"href":"https:\/\/www.europesays.com\/fr\/wp-json\/wp\/v2\/users\/2"}],"replies":[{"embeddable":true,"href":"https:\/\/www.europesays.com\/fr\/wp-json\/wp\/v2\/comments?post=266003"}],"version-history":[{"count":0,"href":"https:\/\/www.europesays.com\/fr\/wp-json\/wp\/v2\/posts\/266003\/revisions"}],"wp:featuredmedia":[{"embeddable":true,"href":"https:\/\/www.europesays.com\/fr\/wp-json\/wp\/v2\/media\/266004"}],"wp:attachment":[{"href":"https:\/\/www.europesays.com\/fr\/wp-json\/wp\/v2\/media?parent=266003"}],"wp:term":[{"taxonomy":"category","embeddable":true,"href":"https:\/\/www.europesays.com\/fr\/wp-json\/wp\/v2\/categories?post=266003"},{"taxonomy":"post_tag","embeddable":true,"href":"https:\/\/www.europesays.com\/fr\/wp-json\/wp\/v2\/tags?post=266003"}],"curies":[{"name":"wp","href":"https:\/\/api.w.org\/{rel}","templated":true}]}}