{"id":266009,"date":"2025-07-22T16:38:13","date_gmt":"2025-07-22T16:38:13","guid":{"rendered":"https:\/\/www.europesays.com\/fr\/266009\/"},"modified":"2025-07-22T16:38:13","modified_gmt":"2025-07-22T16:38:13","slug":"il-est-inacceptable-de-mourir-pour-un-morceau-de-pain-21-enfants-meurent-de-faim-en-72-heures","status":"publish","type":"post","link":"https:\/\/www.europesays.com\/fr\/266009\/","title":{"rendered":"Il est inacceptable de mourir pour \u00ab\u00a0un morceau de pain\u00a0\u00bb, 21 enfants meurent de faim en 72 heures"},"content":{"rendered":"<p>La situation humanitaire continue de se d\u00e9grader \u00e0 <a href=\"https:\/\/www.20minutes.fr\/monde\/gaza\/\" class=\"color-ultramarine c-link\" rel=\"nofollow noopener\" target=\"_blank\">Gaza<\/a>. Le directeur d\u2019un des plus importants h\u00f4pitaux a affirm\u00e9 ce mardi que 21 enfants \u00e9taient morts de malnutrition et de faim au cours des 72 derni\u00e8res heures. L\u2019<a href=\"https:\/\/www.20minutes.fr\/monde\/onu\/\" class=\"color-ultramarine c-link\" rel=\"nofollow noopener\" target=\"_blank\">ONU<\/a> et des <a href=\"https:\/\/www.20minutes.fr\/dossier\/ong\" class=\"color-ultramarine c-link\" rel=\"nofollow noopener\" target=\"_blank\">ONG<\/a> font r\u00e9guli\u00e8rement \u00e9tat d\u2019un risque de famine dans le territoire palestinien assi\u00e9g\u00e9 par <a href=\"https:\/\/www.20minutes.fr\/monde\/israel\/\" class=\"color-ultramarine c-link\" rel=\"nofollow noopener\" target=\"_blank\">Isra\u00ebl<\/a> apr\u00e8s plus de 21 mois de conflit, d\u00e9clench\u00e9 par une attaque sans pr\u00e9c\u00e9dent du mouvement islamiste palestinien <a href=\"https:\/\/www.20minutes.fr\/monde\/hamas\/\" class=\"color-ultramarine c-link\" rel=\"nofollow noopener\" target=\"_blank\">Hamas<\/a> sur le sol isra\u00e9lien le 7\u00a0octobre 2023.<\/p>\n<p>\u00ab\u00a0Personne dot\u00e9 d\u2019un minimum de dignit\u00e9 humaine ne peut accepter cette cruaut\u00e9, dans laquelle des dizaines de personnes innocentes meurent chaque jour parce qu\u2019elles ne trouvent pas un morceau de pain ou une gorg\u00e9e d\u2019eau\u00a0\u00bb, a comment\u00e9 <a href=\"https:\/\/www.20minutes.fr\/monde\/recep_tayyip_erdogan\/\" class=\"color-ultramarine c-link\" rel=\"nofollow noopener\" target=\"_blank\">Recep Tayyip Erdogan<\/a>, le chef de l\u2019Etat turc, lors d\u2019un discours \u00e0 Istanbul. Par ailleurs, le Haut-Commissaire de l\u2019ONU aux droits de l&rsquo;homme Volker T\u00fcrk a alert\u00e9 ce mardi sur le risque \u00ab\u00a0extr\u00eamement \u00e9lev\u00e9\u00a0\u00bb de violations graves du droit international apr\u00e8s l\u2019extension des op\u00e9rations militaires isra\u00e9liennes \u00e0 Gaza.<\/p>\n<\/p>\n<p>L\u2019arm\u00e9e isra\u00e9lienne a \u00e9tendu lundi son offensive dans un nouveau secteur de la bande de Gaza, \u00e0 Deir al-Balah, dans le centre du territoire palestinien, et entend agir dans des zones o\u00f9 elle n\u2019\u00e9tait jamais all\u00e9e au cours des vingt et un mois de guerre contre le mouvement islamiste palestinien Hamas, sommant les habitants d\u2019\u00e9vacuer les lieux. \u00ab\u00a0Les derniers ordres isra\u00e9liens de d\u00e9placement, suivis par des attaques intensives dans le sud-ouest de Deir al-Balah [\u2026] ont aggrav\u00e9 la souffrance des Palestiniens affam\u00e9s. Il semblait impossible que le cauchemar puisse empirer. Et pourtant, c\u2019est le cas\u00a0\u00bb, a comment\u00e9 Volker T\u00fcrk.<\/p>\n<p>Plus de 1.000 personnes tu\u00e9es alors qu\u2019elles cherchaient de l\u2019aide<\/p>\n<p>\u00ab\u00a0\u00c9tant donn\u00e9 la concentration de civils dans la r\u00e9gion, et les moyens et m\u00e9thodes de guerre employ\u00e9s par Isra\u00ebl jusqu\u2019\u00e0 pr\u00e9sent, les risques [\u2026] de violations graves du droit international humanitaire sont extr\u00eamement \u00e9lev\u00e9s\u00a0\u00bb, a-t-il averti. Le Haut-Commissaire souligne \u00e9galement que \u00ab\u00a0la zone vis\u00e9e\u00a0\u00bb par les attaques isra\u00e9liennes \u00ab\u00a0abrite \u00e9galement plusieurs organisations humanitaires, y compris des cliniques, d\u2019autres installations m\u00e9dicales, des abris, une cuisine communautaire, des centres d\u2019accueil, des entrep\u00f4ts et d\u2019autres infrastructures essentielles\u00a0\u00bb.<\/p>\n<p>\u00ab\u00a0Je rappelle \u00e0 Isra\u00ebl que le d\u00e9placement permanent de personnes vivant sous son occupation \u00e9quivaudrait \u00e0 un transfert ill\u00e9gal, ce qui constitue un crime de guerre et, dans certaines circonstances, un crime contre l\u2019humanit\u00e9\u00a0\u00bb, a mis en garde Volker T\u00fcrk. Selon le Bureau des affaires humanitaires de l\u2019ONU (Ocha), entre 50.000 et 80.000 personnes se trouvaient alors dans la zone et pr\u00e8s de 88\u00a0% du territoire de Gaza est d\u00e9sormais soumis \u00e0 un ordre d\u2019\u00e9vacuation isra\u00e9lien ou inclus dans une zone militaris\u00e9e isra\u00e9lienne.<\/p>\n<p>L\u2019arm\u00e9e isra\u00e9lienne \u00ab\u00a0doit cesser\u00a0\u00bb de tuer des civils palestiniens se rassemblant aux points de distribution d\u2019aide humanitaire \u00e0 Gaza, a affirm\u00e9 de son c\u00f4t\u00e9 la cheffe de la diplomatie de l\u2019<a href=\"https:\/\/www.20minutes.fr\/dossier\/ue\" class=\"color-ultramarine c-link\" rel=\"nofollow noopener\" target=\"_blank\">Union europ\u00e9enne<\/a>, Kaja Kallas. L\u2019ONU a accus\u00e9 l\u2019arm\u00e9e isra\u00e9lienne d\u2019avoir tu\u00e9 \u00e0 Gaza, depuis fin mai, plus de 1.000 personnes qui tentaient d\u2019obtenir de l\u2019aide, dont la grande majorit\u00e9 pr\u00e8s des sites de la fondation GHF soutenue par les <a href=\"https:\/\/www.20minutes.fr\/monde\/etats-unis\/\" class=\"color-ultramarine c-link\" rel=\"nofollow noopener\" target=\"_blank\">Etats-Unis<\/a> et Isra\u00ebl.<\/p>\n","protected":false},"excerpt":{"rendered":"La situation humanitaire continue de se d\u00e9grader \u00e0 Gaza. Le directeur d\u2019un des plus importants h\u00f4pitaux a affirm\u00e9&hellip;\n","protected":false},"author":2,"featured_media":266010,"comment_status":"","ping_status":"","sticky":false,"template":"","format":"standard","meta":{"footnotes":""},"categories":[5],"tags":[47,11,34748,3259,12980,1011,27,665,14,664,74,12,11356,3521,28],"class_list":{"0":"post-266009","1":"post","2":"type-post","3":"status-publish","4":"format-standard","5":"has-post-thumbnail","7":"category-international","8":"tag-actualite","9":"tag-actualites","10":"tag-armee-israelienne","11":"tag-conflit-israelo-palestinien","12":"tag-famine","13":"tag-fr","14":"tag-france","15":"tag-gaza","16":"tag-international","17":"tag-israel","18":"tag-monde","19":"tag-news","20":"tag-ong","21":"tag-onu","22":"tag-world"},"share_on_mastodon":{"url":"https:\/\/pubeurope.com\/@fr\/114897872714692680","error":""},"_links":{"self":[{"href":"https:\/\/www.europesays.com\/fr\/wp-json\/wp\/v2\/posts\/266009","targetHints":{"allow":["GET"]}}],"collection":[{"href":"https:\/\/www.europesays.com\/fr\/wp-json\/wp\/v2\/posts"}],"about":[{"href":"https:\/\/www.europesays.com\/fr\/wp-json\/wp\/v2\/types\/post"}],"author":[{"embeddable":true,"href":"https:\/\/www.europesays.com\/fr\/wp-json\/wp\/v2\/users\/2"}],"replies":[{"embeddable":true,"href":"https:\/\/www.europesays.com\/fr\/wp-json\/wp\/v2\/comments?post=266009"}],"version-history":[{"count":0,"href":"https:\/\/www.europesays.com\/fr\/wp-json\/wp\/v2\/posts\/266009\/revisions"}],"wp:featuredmedia":[{"embeddable":true,"href":"https:\/\/www.europesays.com\/fr\/wp-json\/wp\/v2\/media\/266010"}],"wp:attachment":[{"href":"https:\/\/www.europesays.com\/fr\/wp-json\/wp\/v2\/media?parent=266009"}],"wp:term":[{"taxonomy":"category","embeddable":true,"href":"https:\/\/www.europesays.com\/fr\/wp-json\/wp\/v2\/categories?post=266009"},{"taxonomy":"post_tag","embeddable":true,"href":"https:\/\/www.europesays.com\/fr\/wp-json\/wp\/v2\/tags?post=266009"}],"curies":[{"name":"wp","href":"https:\/\/api.w.org\/{rel}","templated":true}]}}