{"id":26601,"date":"2025-04-15T13:21:12","date_gmt":"2025-04-15T13:21:12","guid":{"rendered":"https:\/\/www.europesays.com\/fr\/26601\/"},"modified":"2025-04-15T13:21:12","modified_gmt":"2025-04-15T13:21:12","slug":"allemagne-les-droits-de-douane-plombent-le-moral-des-investisseurs-15-04-2025-a-1406","status":"publish","type":"post","link":"https:\/\/www.europesays.com\/fr\/26601\/","title":{"rendered":"Allemagne: les droits de douane plombent le moral des investisseurs &#8211; 15\/04\/2025 \u00e0 14:06"},"content":{"rendered":"<p>\n Le moral des investisseurs allemands s&rsquo;est effondr\u00e9 comme rarement en avril, apr\u00e8s une forte hausse en mars, min\u00e9 par l&rsquo;avalanche de droits de douane adopt\u00e9s par Donald Trump, selon le barom\u00e8tre mensuel de l&rsquo;institut \u00e9conomique ZEW publi\u00e9 mardi.\n<\/p>\n<p>        <img fetchpriority=\"high\" decoding=\"async\" src=\"https:\/\/www.europesays.com\/fr\/wp-content\/uploads\/2025\/04\/8d60ba54304e6847dfcd4304499eeda3-760x467.jpg\" alt=\"( AFP \/ JOHN MACDOUGALL )\" loading=\"eager\" width=\"760\" height=\"467\" style=\"max-width: 100%!important; height: auto;\"\/><\/p>\n<p class=\"c-image-news__legend\">( AFP \/ JOHN MACDOUGALL )<\/p>\n<p>\n Sur un mois, cet indicateur tr\u00e8s observ\u00e9 dans le milieu des affaires, a d\u00e9gringol\u00e9 de 65,6 points pour tomber dans le rouge, \u00e0 -14,0 points.\n<\/p>\n<p>\n \u00ab\u00a0Il s&rsquo;agit de la plus forte baisse des attentes depuis le d\u00e9but de la guerre d&rsquo;agression russe contre l&rsquo;Ukraine\u00a0\u00bb en f\u00e9vrier 2022, souligne l&rsquo;institut de recherche dans un communiqu\u00e9.\n<\/p>\n<p>\n C&rsquo;est aussi bien moins que ce qu&rsquo;attendait le consensus d&rsquo;experts interrog\u00e9s par Factset, qui tablait sur un indice \u00e0 10,0 points.\n<\/p>\n<p>\n En-dessous de 0, l&rsquo;indicateur montre que le pessimisme domine parmi les 168 analystes et investisseurs interrog\u00e9s.\n<\/p>\n<p>\n En mars, le moral des investisseurs avait atteint 51,6 points, son plus haut niveau depuis f\u00e9vrier 2022, dop\u00e9 par la perspective d&rsquo;investissements massifs dans la d\u00e9fense et les infrastructures du futur chancelier Friedrich Merz.\n<\/p>\n<p>\n Entre temps, ce plan g\u00e9ant a \u00e9t\u00e9 adopt\u00e9 mais la guerre commerciale initi\u00e9e par Donald Trump contre ses partenaires est revenue au premier plan.\n<\/p>\n<p>\n \u00ab\u00a0Non seulement les cons\u00e9quences potentielles des droits de douane r\u00e9ciproques (&#8230;) mais aussi la dynamique de leurs changements ont conduit \u00e0 une augmentation massive de l&rsquo;incertitude mondiale\u00a0\u00bb, explique Achim Wambach, pr\u00e9sident du ZEW.\n<\/p>\n<p>\n Le pr\u00e9sident am\u00e9ricain a en effet instaur\u00e9 une pause de 90 jours sur la plupart des droits de douane r\u00e9ciproques, laissant planer le doute sur les chances d&rsquo;accord commercial avec l&rsquo;UE.\n<\/p>\n<p>\n Le ZEW pointe le pessimisme aigu dans l&rsquo;industrie automobile, chimique et m\u00e9tallurgique ainsi que dans la production de machines, secteurs exportateurs tr\u00e8s importants en Allemagne.\n<\/p>\n<p>\n Un autre indicateur du ZEW, portant sur l&rsquo;\u00e9valuation de la situation \u00e9conomique actuelle, s&rsquo;est am\u00e9lior\u00e9 de 6,4 points en avril, mais reste \u00e0 -81,2 points.\n<\/p>\n<p>\n Inquiets des droits de douane, les principaux instituts \u00e9conomiques du pays ont revu \u00e0 la baisse, la semaine derni\u00e8re, leurs pr\u00e9visions de croissance.\n<\/p>\n<p>\n Ils tablent d\u00e9sormais sur une quasi stagnation de la croissance en 2025, attendue \u00e0 0,1% contre 0,8% anticip\u00e9e \u00e0 l&rsquo;automne.<\/p>\n","protected":false},"excerpt":{"rendered":"Le moral des investisseurs allemands s&rsquo;est effondr\u00e9 comme rarement en avril, apr\u00e8s une forte hausse en mars, min\u00e9&hellip;\n","protected":false},"author":2,"featured_media":26602,"comment_status":"","ping_status":"","sticky":false,"template":"","format":"standard","meta":{"footnotes":""},"categories":[1587],"tags":[400,11,672,398,408,1804,405,1805,1803,1777,674,1801,403,402,399,404,12,1802,401,406,407],"class_list":{"0":"post-26601","1":"post","2":"type-post","3":"status-publish","4":"format-standard","5":"has-post-thumbnail","7":"category-allemagne","8":"tag-action-cac-40","9":"tag-actualites","10":"tag-allemagne","11":"tag-bourse-de-paris","12":"tag-boursorama","13":"tag-bundesrepublik-deutschland","14":"tag-cotations","15":"tag-de","16":"tag-deutschland","17":"tag-eu","18":"tag-europe","19":"tag-germany","20":"tag-indices-devises","21":"tag-investir","22":"tag-investissement","23":"tag-marche-boursier","24":"tag-news","25":"tag-republique-federale-dallemagne","26":"tag-sicav","27":"tag-trackers","28":"tag-warrants"},"share_on_mastodon":{"url":"https:\/\/pubeurope.com\/@fr\/114342191716551009","error":""},"_links":{"self":[{"href":"https:\/\/www.europesays.com\/fr\/wp-json\/wp\/v2\/posts\/26601","targetHints":{"allow":["GET"]}}],"collection":[{"href":"https:\/\/www.europesays.com\/fr\/wp-json\/wp\/v2\/posts"}],"about":[{"href":"https:\/\/www.europesays.com\/fr\/wp-json\/wp\/v2\/types\/post"}],"author":[{"embeddable":true,"href":"https:\/\/www.europesays.com\/fr\/wp-json\/wp\/v2\/users\/2"}],"replies":[{"embeddable":true,"href":"https:\/\/www.europesays.com\/fr\/wp-json\/wp\/v2\/comments?post=26601"}],"version-history":[{"count":0,"href":"https:\/\/www.europesays.com\/fr\/wp-json\/wp\/v2\/posts\/26601\/revisions"}],"wp:featuredmedia":[{"embeddable":true,"href":"https:\/\/www.europesays.com\/fr\/wp-json\/wp\/v2\/media\/26602"}],"wp:attachment":[{"href":"https:\/\/www.europesays.com\/fr\/wp-json\/wp\/v2\/media?parent=26601"}],"wp:term":[{"taxonomy":"category","embeddable":true,"href":"https:\/\/www.europesays.com\/fr\/wp-json\/wp\/v2\/categories?post=26601"},{"taxonomy":"post_tag","embeddable":true,"href":"https:\/\/www.europesays.com\/fr\/wp-json\/wp\/v2\/tags?post=26601"}],"curies":[{"name":"wp","href":"https:\/\/api.w.org\/{rel}","templated":true}]}}