{"id":266013,"date":"2025-07-22T16:40:11","date_gmt":"2025-07-22T16:40:11","guid":{"rendered":"https:\/\/www.europesays.com\/fr\/266013\/"},"modified":"2025-07-22T16:40:11","modified_gmt":"2025-07-22T16:40:11","slug":"haute-saone-un-pompier-volontaire-de-51-ans-tue-apres-avoir-heurte-un-arbre-avec-son-camion-a-la-roche-morey","status":"publish","type":"post","link":"https:\/\/www.europesays.com\/fr\/266013\/","title":{"rendered":"Haute-Sa\u00f4ne. Un pompier volontaire de 51 ans tu\u00e9 apr\u00e8s avoir heurt\u00e9 un arbre avec son camion \u00e0 La Roche-Morey"},"content":{"rendered":"<p>Un homme de 51 ans a perdu la vie ce mardi 22 juillet. Il \u00e9tait aux alentours de 9\u00a0h\u00a015 lorsque ce chauffeur d\u2019un poids lourd transportant du gravier a perdu le contr\u00f4le de son engin sur la RD1 en direction de La Roche-Morey.<\/p>\n<p>La victime, qui travaillait dans une entreprise de TP du d\u00e9partement \u00e9tait \u00e9galement pompier volontaire sur son temps libre. Il faisait partie du corps d\u00e9partemental des sapeurs-pompiers de Haute-Sa\u00f4ne.<\/p>\n<p>Le camion a alors percut\u00e9 un arbre sur le bord de la route tout en se couchant sur le flanc gauche. Le conducteur a \u00e9t\u00e9 tu\u00e9 sur le coup, l\u2019arbre ayant transperc\u00e9 la cabine.<\/p>\n<p>Ce contenu est bloqu\u00e9 car vous n&rsquo;avez pas accept\u00e9 les cookies et autres traceurs.<\/p>\n<p>En cliquant sur \u00ab J\u2019accepte \u00bb, les cookies et autres traceurs seront d\u00e9pos\u00e9s et vous pourrez visualiser les contenus  (<a href=\"\" class=\"consentModule_policy\" target=\"_blank\" title=\"Consulter la politique de protection des donn\u00e9es du fournisseur\">plus d&rsquo;informations<\/a>).<\/p>\n<p>En cliquant sur \u00ab J\u2019accepte tous les cookies \u00bb, vous autorisez des d\u00e9p\u00f4ts de cookies et autres traceurs pour le stockage de vos donn\u00e9es sur nos sites et applications \u00e0 des fins de personnalisation et de ciblage publicitaire.<\/p>\n<p class=\"consentModule_secondaryText\">Vous gardez la possibilit\u00e9 de retirer votre consentement \u00e0 tout moment en consultant notre <a href=\"https:\/\/www.estrepublicain.fr\/protection-des-donnees\" target=\"_blank\" title=\"Consulter notre politique de protection des donn\u00e9es\" rel=\"noopener\">politique de protection des donn\u00e9es<\/a>. <br \/>&#13;<br \/>\n            <a href=\"https:\/\/www.estrepublicain.fr\/faits-divers-justice\/2025\/07\/22\/javascript:Didomi.notice.show()\" class=\"consentModule_cmp\" target=\"_blank\" rel=\"noopener\">G\u00e9rer mes choix<\/a>&#13;\n        <\/p>\n<p>&#13;<br \/>\n                        J&rsquo;accepte&#13;<br \/>\n            J&rsquo;accepte tous les cookies&#13;\n        <\/p>\n<p>  Une dizaine de pompiers mobilis\u00e9s<\/p>\n<p>Sur place, une dizaine de pompiers ainsi que le SMUR de Vesoul ont \u00e9t\u00e9 mobilis\u00e9s. Les gendarmes sont \u00e9galement sur place pour effectuer les premi\u00e8res constatations. Une enqu\u00eate a \u00e9t\u00e9 ouverte et des pr\u00e9l\u00e8vements vont \u00eatre r\u00e9alis\u00e9s sur la victime afin de savoir s\u2019il \u00e9tait sous l\u2019emprise de l&rsquo;alcool ou de stup\u00e9fiants. L&rsquo;exploitation du chronotachygraphe va \u00e9galement avoir lieu permettant de conna\u00eetre la vitesse du v\u00e9hicule et le temps de conduite de la victime au moment du drame.<\/p>\n<p>Selon les premiers \u00e9l\u00e9ments donn\u00e9s par <a href=\"https:\/\/www.estrepublicain.fr\/faits-divers-justice\/2024\/12\/26\/ils-veillent-sur-nous-24h-24-en-haute-saone-les-gendarmes-de-vesoul\" target=\"_blank\" rel=\"noopener\">les gendarmes <\/a>sur place, le conducteur aurait perdu le contr\u00f4le une centaine de m\u00e8tres avant le choc, en mordant l\u2019accotement droit de cette petite route de campagne. Il aurait alors tent\u00e9 de redresser la trajectoire, en vain.<\/p>\n<p>  La d\u00e9partementale 1 bloqu\u00e9e jusqu&rsquo;\u00e0 14h30<\/p>\n<p>La circulation sur la D1 a \u00e9t\u00e9 compl\u00e8tement bloqu\u00e9e dans les deux sens jusqu&rsquo;\u00e0 14h30 et la d\u00e9sincarc\u00e9ration de la victime et l&rsquo;\u00e9vacuation du poids lourd par la soci\u00e9t\u00e9 D\u00e9pannage Assistance Franche-Comt\u00e9.<\/p>\n","protected":false},"excerpt":{"rendered":"Un homme de 51 ans a perdu la vie ce mardi 22 juillet. Il \u00e9tait aux alentours de&hellip;\n","protected":false},"author":2,"featured_media":266014,"comment_status":"","ping_status":"","sticky":false,"template":"","format":"standard","meta":{"footnotes":""},"categories":[2],"tags":[11,8698,274,1011,27,3671,40552,12,11058],"class_list":{"0":"post-266013","1":"post","2":"type-post","3":"status-publish","4":"format-standard","5":"has-post-thumbnail","7":"category-actualites","8":"tag-actualites","9":"tag-edition-vesoul-haute-saone","10":"tag-faits-divers-justice","11":"tag-fr","12":"tag-france","13":"tag-haute-saone","14":"tag-la-roche-morey","15":"tag-news","16":"tag-region-franche-comte"},"share_on_mastodon":{"url":"https:\/\/pubeurope.com\/@fr\/114897880587838852","error":""},"_links":{"self":[{"href":"https:\/\/www.europesays.com\/fr\/wp-json\/wp\/v2\/posts\/266013","targetHints":{"allow":["GET"]}}],"collection":[{"href":"https:\/\/www.europesays.com\/fr\/wp-json\/wp\/v2\/posts"}],"about":[{"href":"https:\/\/www.europesays.com\/fr\/wp-json\/wp\/v2\/types\/post"}],"author":[{"embeddable":true,"href":"https:\/\/www.europesays.com\/fr\/wp-json\/wp\/v2\/users\/2"}],"replies":[{"embeddable":true,"href":"https:\/\/www.europesays.com\/fr\/wp-json\/wp\/v2\/comments?post=266013"}],"version-history":[{"count":0,"href":"https:\/\/www.europesays.com\/fr\/wp-json\/wp\/v2\/posts\/266013\/revisions"}],"wp:featuredmedia":[{"embeddable":true,"href":"https:\/\/www.europesays.com\/fr\/wp-json\/wp\/v2\/media\/266014"}],"wp:attachment":[{"href":"https:\/\/www.europesays.com\/fr\/wp-json\/wp\/v2\/media?parent=266013"}],"wp:term":[{"taxonomy":"category","embeddable":true,"href":"https:\/\/www.europesays.com\/fr\/wp-json\/wp\/v2\/categories?post=266013"},{"taxonomy":"post_tag","embeddable":true,"href":"https:\/\/www.europesays.com\/fr\/wp-json\/wp\/v2\/tags?post=266013"}],"curies":[{"name":"wp","href":"https:\/\/api.w.org\/{rel}","templated":true}]}}