{"id":266021,"date":"2025-07-22T16:44:11","date_gmt":"2025-07-22T16:44:11","guid":{"rendered":"https:\/\/www.europesays.com\/fr\/266021\/"},"modified":"2025-07-22T16:44:11","modified_gmt":"2025-07-22T16:44:11","slug":"asvel-nancy-pour-debuter-la-saison-2025-2026","status":"publish","type":"post","link":"https:\/\/www.europesays.com\/fr\/266021\/","title":{"rendered":"ASVEL-Nancy pour d\u00e9buter la saison 2025-2026"},"content":{"rendered":"<p itemprop=\"description\"><strong>Le calendrier de Betclic Elite a \u00e9t\u00e9 d\u00e9voil\u00e9 pour la saison 2025-2026.<\/strong><\/p>\n<p>Pour la premi\u00e8re journ\u00e9e, programm\u00e9e le week-end du 27-28 septembre, l\u2019ASVEL recevra Nancy.\u00a0<\/p>\n<p>Le premier choc face \u00e0 Monaco aura lieu d\u00e8s la 4e journ\u00e9e de championnat, \u00e0 domicile, le week-end du 18 octobre. On notera aussi la date du derby face \u00e0 Bourg-en-Bresse, dans l\u2019Ain le week-end du 26 d\u00e9cembre et dans le Rh\u00f4ne le week-end du 7 mars. Le duel face \u00e0 Paris aura lieu d\u00e9but janvier \u00e0 domicile pour le match aller et le match retour sera programm\u00e9 \u00e0 l\u2019occasion de la derni\u00e8re journ\u00e9e de championnat, le week-end du 16 mai \u00e0 l\u2019ext\u00e9rieur.<\/p>\n<p>Parmi les autres dates \u00e0 retenir, le All Star Game qui se d\u00e9roulera le 28 d\u00e9cembre \u00e0 l\u2019Accor Arena, la Leaders Cup pr\u00e9vue du vendredi 20 au dimanche 22 f\u00e9vrier au Futuroscope.<\/p>\n<p>Enfin, les playoffs se joueront du 25 mai au 11 juin avant de laisser place aux finales de Betclic Elite qui d\u00e9buteront le 14 juin.\u00a0<\/p>\n","protected":false},"excerpt":{"rendered":"Le calendrier de Betclic Elite a \u00e9t\u00e9 d\u00e9voil\u00e9 pour la saison 2025-2026. Pour la premi\u00e8re journ\u00e9e, programm\u00e9e le&hellip;\n","protected":false},"author":2,"featured_media":266022,"comment_status":"","ping_status":"","sticky":false,"template":"","format":"standard","meta":{"footnotes":""},"categories":[9635],"tags":[1111,11,2813,2190,1109,251,1112,2811,1777,674,118,1011,27,775,1922,1110,1114,2428,2810,1702,12,241,316,25,2812,517,800],"class_list":{"0":"post-266021","1":"post","2":"type-post","3":"status-publish","4":"format-standard","5":"has-post-thumbnail","7":"category-nancy","8":"tag-actu","9":"tag-actualites","10":"tag-article","11":"tag-asvel","12":"tag-breves","13":"tag-culture","14":"tag-depeches","15":"tag-economique","16":"tag-eu","17":"tag-europe","18":"tag-faits-divers","19":"tag-fr","20":"tag-france","21":"tag-grand-est","22":"tag-info","23":"tag-informations","24":"tag-infos","25":"tag-lyon","26":"tag-lyonmag","27":"tag-nancy","28":"tag-news","29":"tag-ol","30":"tag-politique","31":"tag-republique-francaise","32":"tag-sociale","33":"tag-sport","34":"tag-transports"},"share_on_mastodon":{"url":"https:\/\/pubeurope.com\/@fr\/114897896322222415","error":""},"_links":{"self":[{"href":"https:\/\/www.europesays.com\/fr\/wp-json\/wp\/v2\/posts\/266021","targetHints":{"allow":["GET"]}}],"collection":[{"href":"https:\/\/www.europesays.com\/fr\/wp-json\/wp\/v2\/posts"}],"about":[{"href":"https:\/\/www.europesays.com\/fr\/wp-json\/wp\/v2\/types\/post"}],"author":[{"embeddable":true,"href":"https:\/\/www.europesays.com\/fr\/wp-json\/wp\/v2\/users\/2"}],"replies":[{"embeddable":true,"href":"https:\/\/www.europesays.com\/fr\/wp-json\/wp\/v2\/comments?post=266021"}],"version-history":[{"count":0,"href":"https:\/\/www.europesays.com\/fr\/wp-json\/wp\/v2\/posts\/266021\/revisions"}],"wp:featuredmedia":[{"embeddable":true,"href":"https:\/\/www.europesays.com\/fr\/wp-json\/wp\/v2\/media\/266022"}],"wp:attachment":[{"href":"https:\/\/www.europesays.com\/fr\/wp-json\/wp\/v2\/media?parent=266021"}],"wp:term":[{"taxonomy":"category","embeddable":true,"href":"https:\/\/www.europesays.com\/fr\/wp-json\/wp\/v2\/categories?post=266021"},{"taxonomy":"post_tag","embeddable":true,"href":"https:\/\/www.europesays.com\/fr\/wp-json\/wp\/v2\/tags?post=266021"}],"curies":[{"name":"wp","href":"https:\/\/api.w.org\/{rel}","templated":true}]}}