{"id":266023,"date":"2025-07-22T16:45:10","date_gmt":"2025-07-22T16:45:10","guid":{"rendered":"https:\/\/www.europesays.com\/fr\/266023\/"},"modified":"2025-07-22T16:45:10","modified_gmt":"2025-07-22T16:45:10","slug":"pres-de-1600-cliches-collectes","status":"publish","type":"post","link":"https:\/\/www.europesays.com\/fr\/266023\/","title":{"rendered":"pr\u00e8s de 1600 clich\u00e9s collect\u00e9s"},"content":{"rendered":"<p>            Par<br \/>\n        <strong><br \/>\n            <a href=\"https:\/\/actu.fr\/auteur\/redaction-apei\" title=\"Consulter tous les articles de Agence de Presse APEI\" rel=\"nofollow noopener\" target=\"_blank\">Agence de Presse APEI<\/a><br \/>\n        <\/strong><\/p>\n<p>        Publi\u00e9 le<\/p>\n<p>            22 juil. 2025 \u00e0 17h54        <\/p>\n<p>Toulon et ses quartiers, <strong>Toulon<\/strong> en noir et blanc, Toulon au fil de l\u2019eau, Toulon et ses paysages, Toulon et son ciel, Toulon ville verte, Toulon et son histoire\u2009: <a href=\"https:\/\/actu.fr\/provence-alpes-cote-d-azur\/var_83\" rel=\"nofollow noopener\" target=\"_blank\">la capitale du Var<\/a> s\u2019expose en pr\u00e8s de 1\u2009600 clich\u00e9s, loin d\u2019\u00eatre clich\u00e9s.<\/p>\n<p class=\" wall-content\">Pr\u00e9sent\u00e9e \u00e0 la Mairie d\u2019honneur depuis le 16\u00a0juillet jusqu\u2019au 4\u00a0septembre, <strong>une exposition<\/strong> met en sc\u00e8ne les photos post\u00e9es par des <strong>amoureux de Toulon sur Instagram<\/strong>\u00a0dans le cadre du <strong>concours #toulonforever <\/strong>organis\u00e9 par la Ville.<\/p>\n<p class=\" wall-content\">Participant dans 6 cat\u00e9gories et pouvant poster jusqu\u2019\u00e0 3 photos dans chacune d\u2019entre elles les photographes ont redoubl\u00e9 de cr\u00e9ativit\u00e9 pour montrer des facettes inconnues de la capitale varoise.<\/p>\n<p>Les huit laur\u00e9ats du concours r\u00e9compens\u00e9s<\/p>\n<p class=\" wall-content\">Pour cette 9e \u00e9dition, <strong>1\u2009572 prises de vues<\/strong> remplissant les crit\u00e8res \u00e9tablis par le r\u00e8glement sont propos\u00e9es au grand public jusqu\u2019au 4\u00a0septembre. C\u2019est <strong>lors du vernissage que les 8 laur\u00e9ats (1 par th\u00e9matique et 2 prix sp\u00e9ciaux<\/strong>\u2009: \u00ab\u2009Coup de c\u0153ur du jury\u2009\u00bb et \u00ab\u2009Prix des <strong>Instagrameurs<\/strong>\u2009\u00bb) choisis par un jury compos\u00e9 d\u2019\u00e9lus et de photographes ont \u00e9t\u00e9 r\u00e9compens\u00e9s.<\/p>\n<p class=\" wall-content\">Le premier r\u00e9compensera le clich\u00e9 le plus appr\u00e9ci\u00e9 par le jury et le second, celui ayant obtenu le plus de \u00ab\u2009<strong>Like<\/strong>\u2009\u00bb. Ils offrent, ainsi, une chance suppl\u00e9mentaire \u00e0 2\u00a0participants de pouvoir remporter l\u2019un des nombreux lots offerts par les 41 partenaires de la ville.<\/p>\n<p class=\" wall-content\">Le jury a d\u00e9sign\u00e9 les laur\u00e9ats suivants\u2009:<\/p>\n<ul class=\" wall-content\">\n<li>Sous le ciel toulonnais\u2009: Enzo Romero<\/li>\n<li>Paysage de r\u00eave \u00e0 Toulon\u2009: Marcel Muller<\/li>\n<li>Toulon, ville verte\u2009: Edgars Brossard<\/li>\n<li>Vos quartiers en noir et blanc\u2009: Daniele Maglio<\/li>\n<li>Toulon histoire\u2009: Muriel Lecointe<\/li>\n<li>Au fil de l\u2019eau\u2009: Thomas Le Labousse<\/li>\n<li>Coup de c\u0153ur du jury\u2009: Axel Grail<\/li>\n<li>Prix des Instagrameurs\u2009: Patrick Limitari.<\/li>\n<\/ul>\n<p class=\" wall-content\">Suivez toute l\u2019actualit\u00e9 de vos villes et m\u00e9dias favoris en vous inscrivant \u00e0 <a href=\"https:\/\/moncompte.actu.fr\" title=\"D\u00e9couvez Mon Actu\" rel=\"nofollow noopener\" data-trk=\"{&quot;cta&quot;:{&quot;action&quot;:&quot;https:\\\/\\\/moncompte.actu.fr&quot;,&quot;category&quot;:&quot;mon compte&quot;,&quot;from&quot;:&quot;article footer&quot;,&quot;name&quot;:&quot;Mon actu&quot;,&quot;type&quot;:&quot;cta&quot;}}\" target=\"_blank\">Mon Actu<\/a>.<\/p>\n","protected":false},"excerpt":{"rendered":"Par Agence de Presse APEI Publi\u00e9 le 22 juil. 2025 \u00e0 17h54 Toulon et ses quartiers, Toulon en&hellip;\n","protected":false},"author":2,"featured_media":266024,"comment_status":"","ping_status":"","sticky":false,"template":"","format":"standard","meta":{"footnotes":""},"categories":[9619],"tags":[1111,11,1777,674,1011,27,12,1756,882,25,104,2310],"class_list":{"0":"post-266023","1":"post","2":"type-post","3":"status-publish","4":"format-standard","5":"has-post-thumbnail","7":"category-toulon","8":"tag-actu","9":"tag-actualites","10":"tag-eu","11":"tag-europe","12":"tag-fr","13":"tag-france","14":"tag-news","15":"tag-photographie","16":"tag-provence-alpes-cote-dazur","17":"tag-republique-francaise","18":"tag-societe","19":"tag-toulon"},"share_on_mastodon":{"url":"https:\/\/pubeurope.com\/@fr\/114897900166221815","error":""},"_links":{"self":[{"href":"https:\/\/www.europesays.com\/fr\/wp-json\/wp\/v2\/posts\/266023","targetHints":{"allow":["GET"]}}],"collection":[{"href":"https:\/\/www.europesays.com\/fr\/wp-json\/wp\/v2\/posts"}],"about":[{"href":"https:\/\/www.europesays.com\/fr\/wp-json\/wp\/v2\/types\/post"}],"author":[{"embeddable":true,"href":"https:\/\/www.europesays.com\/fr\/wp-json\/wp\/v2\/users\/2"}],"replies":[{"embeddable":true,"href":"https:\/\/www.europesays.com\/fr\/wp-json\/wp\/v2\/comments?post=266023"}],"version-history":[{"count":0,"href":"https:\/\/www.europesays.com\/fr\/wp-json\/wp\/v2\/posts\/266023\/revisions"}],"wp:featuredmedia":[{"embeddable":true,"href":"https:\/\/www.europesays.com\/fr\/wp-json\/wp\/v2\/media\/266024"}],"wp:attachment":[{"href":"https:\/\/www.europesays.com\/fr\/wp-json\/wp\/v2\/media?parent=266023"}],"wp:term":[{"taxonomy":"category","embeddable":true,"href":"https:\/\/www.europesays.com\/fr\/wp-json\/wp\/v2\/categories?post=266023"},{"taxonomy":"post_tag","embeddable":true,"href":"https:\/\/www.europesays.com\/fr\/wp-json\/wp\/v2\/tags?post=266023"}],"curies":[{"name":"wp","href":"https:\/\/api.w.org\/{rel}","templated":true}]}}