{"id":266031,"date":"2025-07-22T16:50:19","date_gmt":"2025-07-22T16:50:19","guid":{"rendered":"https:\/\/www.europesays.com\/fr\/266031\/"},"modified":"2025-07-22T16:50:19","modified_gmt":"2025-07-22T16:50:19","slug":"une-etape-majeure-franchie-dans-la-reconversion-du-site-vallourec-a-deville-les-rouen","status":"publish","type":"post","link":"https:\/\/www.europesays.com\/fr\/266031\/","title":{"rendered":"une \u00e9tape majeure franchie dans la reconversion du site Vallourec \u00e0 D\u00e9ville-l\u00e8s-Rouen"},"content":{"rendered":"<p>\t\t\t\t\t Depuis sa s\u00e9lection, Vinci Immobilier a affin\u00e9 son projet en concertation avec les autorit\u00e9s locales et Vallourec. Ce projet de reconversion vise \u00e0 transformer l\u2019ancien site industriel en un v\u00e9ritable p\u00f4le d\u2019activit\u00e9 \u00e9conomique, avec des b\u00e2timents modulables \u00ab cl\u00e9 en main \u00bb destin\u00e9s \u00e0 accueillir des entreprises et des industriels. \u00c0 terme, 300 emplois pourraient y \u00eatre cr\u00e9\u00e9s. <\/p>\n<p>L\u2019ambition est \u00e9galement environnementale : 25 % du site sera am\u00e9nag\u00e9 en espaces verts, avec une renaturation des berges du Cailly. La rivi\u00e8re, aujourd\u2019hui canalis\u00e9e, sera remise \u00e0 ciel ouvert, et une partie des anciennes voies ferr\u00e9es sera int\u00e9gr\u00e9e \u00e0 la future balade urbaine du Cailly, en lien avec la M\u00e9tropole Rouen Normandie.\n\t\t\t\t <\/p>\n","protected":false},"excerpt":{"rendered":"Depuis sa s\u00e9lection, Vinci Immobilier a affin\u00e9 son projet en concertation avec les autorit\u00e9s locales et Vallourec. Ce&hellip;\n","protected":false},"author":2,"featured_media":266032,"comment_status":"","ping_status":"","sticky":false,"template":"","format":"standard","meta":{"footnotes":""},"categories":[9587],"tags":[1111,11,1777,674,1011,27,1934,12,5161,25,9590,5163],"class_list":{"0":"post-266031","1":"post","2":"type-post","3":"status-publish","4":"format-standard","5":"has-post-thumbnail","7":"category-rouen","8":"tag-actu","9":"tag-actualites","10":"tag-eu","11":"tag-europe","12":"tag-fr","13":"tag-france","14":"tag-infos-locales","15":"tag-news","16":"tag-normandie","17":"tag-republique-francaise","18":"tag-rouen","19":"tag-seine-maritime"},"share_on_mastodon":{"url":"https:\/\/pubeurope.com\/@fr\/114897920012088719","error":""},"_links":{"self":[{"href":"https:\/\/www.europesays.com\/fr\/wp-json\/wp\/v2\/posts\/266031","targetHints":{"allow":["GET"]}}],"collection":[{"href":"https:\/\/www.europesays.com\/fr\/wp-json\/wp\/v2\/posts"}],"about":[{"href":"https:\/\/www.europesays.com\/fr\/wp-json\/wp\/v2\/types\/post"}],"author":[{"embeddable":true,"href":"https:\/\/www.europesays.com\/fr\/wp-json\/wp\/v2\/users\/2"}],"replies":[{"embeddable":true,"href":"https:\/\/www.europesays.com\/fr\/wp-json\/wp\/v2\/comments?post=266031"}],"version-history":[{"count":0,"href":"https:\/\/www.europesays.com\/fr\/wp-json\/wp\/v2\/posts\/266031\/revisions"}],"wp:featuredmedia":[{"embeddable":true,"href":"https:\/\/www.europesays.com\/fr\/wp-json\/wp\/v2\/media\/266032"}],"wp:attachment":[{"href":"https:\/\/www.europesays.com\/fr\/wp-json\/wp\/v2\/media?parent=266031"}],"wp:term":[{"taxonomy":"category","embeddable":true,"href":"https:\/\/www.europesays.com\/fr\/wp-json\/wp\/v2\/categories?post=266031"},{"taxonomy":"post_tag","embeddable":true,"href":"https:\/\/www.europesays.com\/fr\/wp-json\/wp\/v2\/tags?post=266031"}],"curies":[{"name":"wp","href":"https:\/\/api.w.org\/{rel}","templated":true}]}}