{"id":266033,"date":"2025-07-22T16:51:15","date_gmt":"2025-07-22T16:51:15","guid":{"rendered":"https:\/\/www.europesays.com\/fr\/266033\/"},"modified":"2025-07-22T16:51:15","modified_gmt":"2025-07-22T16:51:15","slug":"les-travaux-debuteront-en-septembre","status":"publish","type":"post","link":"https:\/\/www.europesays.com\/fr\/266033\/","title":{"rendered":"les travaux d\u00e9buteront en septembre"},"content":{"rendered":"<p>Des ann\u00e9es qu\u2019il est annonc\u00e9, d\u00e9battu, critiqu\u00e9\u2026 Le projet de <a href=\"https:\/\/www.ledauphine.com\/d\/reamenagement-de-l-esplanade-un-nouveau-visage-pour-l-entree-de-grenoble-89cba7aa-68b5-4a8d-bf62-bf1bfb1ad225\" target=\"_blank\" rel=\"noopener\">r\u00e9am\u00e9nagement de l\u2019Esplanade<\/a> va enfin commencer. Lors du dernier conseil m\u00e9tropolitain, les \u00e9lus de Grenoble Alpes m\u00e9tropole ont valid\u00e9 la mise en compatibilit\u00e9 du Plan local d\u2019urbanisme intercommunal (PLUi). Un dernier acte administratif \u2013 apr\u00e8s <a href=\"https:\/\/www.ledauphine.com\/transport\/2025\/04\/26\/isere-grenoble-dites-au-revoir-au-parking-de-l-esplanade-bientot-ce-sera-un-parc\" target=\"_blank\" rel=\"noopener\">l\u2019avis favorable<\/a> des commissaires enqu\u00eateurs \u2013 qui signe le lancement op\u00e9rationnel du projet. La premi\u00e8re phase devrait d\u00e9marrer en septembre.<\/p>\n<p>\u00ab\u00a0On vient de signer le march\u00e9, tout est pr\u00eat. Tout \u00e9tait pr\u00eat. On attendait juste le passage de la d\u00e9lib\u00e9ration m\u00e9tropolitaine\u00a0\u00bb, commente Margot Belair, adjointe en charge de l\u2019urbanisme,&#8230;<\/p>\n","protected":false},"excerpt":{"rendered":"Des ann\u00e9es qu\u2019il est annonc\u00e9, d\u00e9battu, critiqu\u00e9\u2026 Le projet de r\u00e9am\u00e9nagement de l\u2019Esplanade va enfin commencer. Lors du&hellip;\n","protected":false},"author":2,"featured_media":266034,"comment_status":"","ping_status":"","sticky":false,"template":"","format":"standard","meta":{"footnotes":""},"categories":[9566],"tags":[1111,11,2430,112,1777,674,1011,27,2731,2732,108,1985,12,316,25,104],"class_list":{"0":"post-266033","1":"post","2":"type-post","3":"status-publish","4":"format-standard","5":"has-post-thumbnail","7":"category-grenoble","8":"tag-actu","9":"tag-actualites","10":"tag-auvergne-rhone-alpes","11":"tag-edition-grenoble-agglomeration","12":"tag-eu","13":"tag-europe","14":"tag-fr","15":"tag-france","16":"tag-grenoble","17":"tag-grenoble-bassin","18":"tag-isere","19":"tag-metropole-de-grenoble","20":"tag-news","21":"tag-politique","22":"tag-republique-francaise","23":"tag-societe"},"share_on_mastodon":{"url":"https:\/\/pubeurope.com\/@fr\/114897923778691639","error":""},"_links":{"self":[{"href":"https:\/\/www.europesays.com\/fr\/wp-json\/wp\/v2\/posts\/266033","targetHints":{"allow":["GET"]}}],"collection":[{"href":"https:\/\/www.europesays.com\/fr\/wp-json\/wp\/v2\/posts"}],"about":[{"href":"https:\/\/www.europesays.com\/fr\/wp-json\/wp\/v2\/types\/post"}],"author":[{"embeddable":true,"href":"https:\/\/www.europesays.com\/fr\/wp-json\/wp\/v2\/users\/2"}],"replies":[{"embeddable":true,"href":"https:\/\/www.europesays.com\/fr\/wp-json\/wp\/v2\/comments?post=266033"}],"version-history":[{"count":0,"href":"https:\/\/www.europesays.com\/fr\/wp-json\/wp\/v2\/posts\/266033\/revisions"}],"wp:featuredmedia":[{"embeddable":true,"href":"https:\/\/www.europesays.com\/fr\/wp-json\/wp\/v2\/media\/266034"}],"wp:attachment":[{"href":"https:\/\/www.europesays.com\/fr\/wp-json\/wp\/v2\/media?parent=266033"}],"wp:term":[{"taxonomy":"category","embeddable":true,"href":"https:\/\/www.europesays.com\/fr\/wp-json\/wp\/v2\/categories?post=266033"},{"taxonomy":"post_tag","embeddable":true,"href":"https:\/\/www.europesays.com\/fr\/wp-json\/wp\/v2\/tags?post=266033"}],"curies":[{"name":"wp","href":"https:\/\/api.w.org\/{rel}","templated":true}]}}