{"id":266035,"date":"2025-07-22T16:52:10","date_gmt":"2025-07-22T16:52:10","guid":{"rendered":"https:\/\/www.europesays.com\/fr\/266035\/"},"modified":"2025-07-22T16:52:10","modified_gmt":"2025-07-22T16:52:10","slug":"le-grenoble-foot-38-devoile-son-nouveau-maillot-domicile","status":"publish","type":"post","link":"https:\/\/www.europesays.com\/fr\/266035\/","title":{"rendered":"le Grenoble Foot 38 d\u00e9voile son nouveau maillot domicile !"},"content":{"rendered":"<p>\t\t\t\t\t\t\t\t\t\t\t<img loading=\"lazy\" decoding=\"async\" width=\"1110\" title=\"Football : le Grenoble Foot 38 d\u00e9voile son nouveau maillot domicile !\" class=\"img-fluid  mb-3\" src=\"https:\/\/grandgrenoble.alpes1.com\/media\/news\/thumb\/1110x624_football-le-grenoble-foot-38-devoile-son-nouveau-maillot-domicile_687fb5a218248.webp\" alt=\"Football : le Grenoble Foot 38 d\u00e9voile son nouveau maillot domicile !\" itemprop=\"image\" height=\"624\"\/>\t\t\t\t\t\t\t\t\t\t\t\t<\/p>\n<p>Football : le Grenoble Foot 38 d\u00e9voile son nouveau maillot domicile ! &#8211; DR<\/p>\n<p itemprop=\"description\"><strong>La saison 2025-2026 est lanc\u00e9e pour le GF38.<\/strong><\/p>\n<p>Ce mardi apr\u00e8s-midi, le Grenoble Foot 38 a r\u00e9v\u00e9l\u00e9 la nouvelle tunique domicile pour la prochaine saison de Ligue 2. Comme le veux la tradition, le maillot est majoritairement de couleur bleu. Petite particularit\u00e9 pour cette ann\u00e9e : le motif design\u00e9 au centre avec un bleu plus fonc\u00e9. Il s\u2019agit d\u2019un clin d\u2019\u0153il aux Alpes de la part de l\u2019\u00e9quipementier Nike, dont Grenoble en est la capitale.<\/p>\n<p>Nous pouvons \u00e9galement retrouver la marque Carrefour plac\u00e9 au milieu du maillot, l\u2019unique sponsor pour le moment. Au dos, juste en-dessous du col, le blason du Dauphin\u00e9 a \u00e9t\u00e9 ajout\u00e9.<\/p>\n<p><strong>\u00ab\u00a0Ensemble, Gagnons les Sommets\u00a0\u00bb<\/strong><\/p>\n<p>\u00ab\u00a0Jouer \u00e0 Grenoble, c\u2019est \u00e9voluer entre deux mondes : la ville comme point de d\u00e9part, la montagne comme horizon. Chez nous, chaque match est une mont\u00e9e, chaque action un pas de plus vers les sommets. Plus on grimpe, plus le jeu devient exigeant, mais \u00e9galement plus beau. Ici, notre stade est entour\u00e9 de pics et \u00e7a change tout. L\u2019ambition prend de l\u2019altitude, l\u2019effort devient collectif. Car on ne grimpe jamais seul : Ensemble, Gagnons les Sommets\u00a0\u00bb, peut-on lire dans le communiqu\u00e9 du club.<\/p>\n<p>Pour les fans du club is\u00e9rois, le nouveau maillot domicile est d\u00e9j\u00e0 disponible sur la boutique en ligne. Il le sera d\u00e8s ce mercredi au sein de la boutique du Stade des Alpes. Il faut tout de m\u00eame compter 79,90 euros pour se le procurer, sans badge, ni flocage.<\/p>\n","protected":false},"excerpt":{"rendered":"Football : le Grenoble Foot 38 d\u00e9voile son nouveau maillot domicile ! &#8211; DR La saison 2025-2026 est&hellip;\n","protected":false},"author":2,"featured_media":266036,"comment_status":"","ping_status":"","sticky":false,"template":"","format":"standard","meta":{"footnotes":""},"categories":[9566],"tags":[1111,11,7733,8279,2430,7736,650,7734,2889,2263,1777,674,1011,27,2731,8280,6417,1114,108,4662,12,3725,1825,25,7737],"class_list":{"0":"post-266035","1":"post","2":"type-post","3":"status-publish","4":"format-standard","5":"has-post-thumbnail","7":"category-grenoble","8":"tag-actu","9":"tag-actualites","10":"tag-alpes","11":"tag-alpes1","12":"tag-auvergne-rhone-alpes","13":"tag-cds","14":"tag-cinema","15":"tag-ecoute","16":"tag-emission","17":"tag-equipe","18":"tag-eu","19":"tag-europe","20":"tag-fr","21":"tag-france","22":"tag-grenoble","23":"tag-haute","24":"tag-information","25":"tag-infos","26":"tag-isere","27":"tag-journal","28":"tag-news","29":"tag-podcast","30":"tag-radio","31":"tag-republique-francaise","32":"tag-winamp"},"share_on_mastodon":{"url":"https:\/\/pubeurope.com\/@fr\/114897927759800845","error":""},"_links":{"self":[{"href":"https:\/\/www.europesays.com\/fr\/wp-json\/wp\/v2\/posts\/266035","targetHints":{"allow":["GET"]}}],"collection":[{"href":"https:\/\/www.europesays.com\/fr\/wp-json\/wp\/v2\/posts"}],"about":[{"href":"https:\/\/www.europesays.com\/fr\/wp-json\/wp\/v2\/types\/post"}],"author":[{"embeddable":true,"href":"https:\/\/www.europesays.com\/fr\/wp-json\/wp\/v2\/users\/2"}],"replies":[{"embeddable":true,"href":"https:\/\/www.europesays.com\/fr\/wp-json\/wp\/v2\/comments?post=266035"}],"version-history":[{"count":0,"href":"https:\/\/www.europesays.com\/fr\/wp-json\/wp\/v2\/posts\/266035\/revisions"}],"wp:featuredmedia":[{"embeddable":true,"href":"https:\/\/www.europesays.com\/fr\/wp-json\/wp\/v2\/media\/266036"}],"wp:attachment":[{"href":"https:\/\/www.europesays.com\/fr\/wp-json\/wp\/v2\/media?parent=266035"}],"wp:term":[{"taxonomy":"category","embeddable":true,"href":"https:\/\/www.europesays.com\/fr\/wp-json\/wp\/v2\/categories?post=266035"},{"taxonomy":"post_tag","embeddable":true,"href":"https:\/\/www.europesays.com\/fr\/wp-json\/wp\/v2\/tags?post=266035"}],"curies":[{"name":"wp","href":"https:\/\/api.w.org\/{rel}","templated":true}]}}