{"id":266039,"date":"2025-07-22T16:54:12","date_gmt":"2025-07-22T16:54:12","guid":{"rendered":"https:\/\/www.europesays.com\/fr\/266039\/"},"modified":"2025-07-22T16:54:12","modified_gmt":"2025-07-22T16:54:12","slug":"pourquoi-le-stade-rennais-a-offert-une-chevre-a-sa-premiere-recrue-du-mercato","status":"publish","type":"post","link":"https:\/\/www.europesays.com\/fr\/266039\/","title":{"rendered":"pourquoi le Stade Rennais a offert une ch\u00e8vre \u00e0 sa premi\u00e8re recrue du mercato\u00a0?"},"content":{"rendered":"<p>            Par<br \/>\n        <strong><br \/>\n            <a href=\"https:\/\/actu.fr\/auteur\/clemence-pays02-actu-fr\" title=\"Consulter tous les articles de Cl\u00e9mence Pays\" target=\"_blank\" rel=\"noopener\">Cl\u00e9mence Pays<\/a><br \/>\n        <\/strong><\/p>\n<p>        Publi\u00e9 le<\/p>\n<p>            22 juil. 2025 \u00e0 18h28        <\/p>\n<p>Le <a href=\"https:\/\/actu.fr\/tag\/stade-rennais\" target=\"_blank\" rel=\"noopener\">Stade Rennais<\/a> a annonc\u00e9, lundi 21\u00a0juillet 2025, l\u2019arriv\u00e9e de sa nouvelle recrue\u2009: <strong>Valentin Rongier.<\/strong> Loin d\u2019\u00eatre inconnu des supporters des Rouge et Noir, ce nom a suscit\u00e9 de nombreuses <strong>r\u00e9actions positives, mais aussi n\u00e9gatives.<\/strong> La raison de cette d\u00e9fiance\u2009? Le joueur de 30 ans a \u00e9t\u00e9 form\u00e9 et a d\u00e9marr\u00e9 sa carri\u00e8re professionnelle au <a href=\"https:\/\/actu.fr\/tag\/fc-nantes\" target=\"_blank\" rel=\"noopener\">FC Nantes<\/a>. \u00c0 plusieurs reprises, il n\u2019a pas manqu\u00e9 de chambrer ses plus proches adversaires. Alors, pour contrer les remarques des plus r\u00e9ticents, le club de Rennes a mis\u00e9 sur une communication d\u00e9cal\u00e9e en offrant <strong>une figurine en forme de ch\u00e8vre<\/strong> \u00e0 Valentin Rongier.<\/p>\n<p class=\" wall-content\">Ce \u00ab\u2009cadeau de bienvenue\u2009\u00bb fait \u00e9cho \u00e0 une <strong>photo publi\u00e9e<\/strong> sur les r\u00e9seaux sociaux du Maconnais d\u2019origine quand il \u00e9voluait sous le maillot Jaune et Vert. Sur ces images, on pouvait voir des ch\u00e8vres et la phrase \u00ab\u2009coucou les Rennais\u2009\u00bb.<\/p>\n<p class=\" wall-content\">\n<p>\u00ab\u2009Cela a toujours \u00e9t\u00e9 bon enfant\u2009\u00bb<\/p>\n<p class=\" wall-content\">Dans <a href=\"https:\/\/www.staderennais.com\/actualites\/mercato\/valentin-rongier-rejoint-le-stade-rennais-fc\" target=\"_blank\" rel=\"noopener\">un entretien r\u00e9alis\u00e9 avec le Stade Rennais F.C.<\/a>, Valentin Rongier tient \u00e0 revenir sur ces \u00ab\u2009piques\u2009\u00bb envoy\u00e9s aux Rennais.<\/p>\n<blockquote class=\"ac-article-quote wall-content\">\n<p>C&rsquo;\u00e9tait il y a longtemps. C&rsquo;\u00e9tait un contexte diff\u00e9rent, j&rsquo;\u00e9tais joueur de Nantes. Quand on est pass\u00e9 par le centre de formation, que ce soit \u00e0 Rennes ou Nantes, on essaye de cultiver cette rivalit\u00e9, ce derby. Mais pour moi, si vous reprenez mes propos, mes chambrages, cela a toujours \u00e9t\u00e9 bon enfant et je n&rsquo;ai jamais voulu manquer de respect.<\/p>\n<p>    <strong>Valentin Rongier<\/strong>\n            <\/p><\/blockquote>\n<p class=\" wall-content\">Celui qui doit \u00e9voluer au poste de milieu de terrain, se dit \u00ab\u2009d\u00e9\u00e7u de voir la tournure que \u00e7a prend\u2009\u00bb. Lui qui estime que <strong>les \u00ab\u2009chambrages\u2009\u00bb sont \u00ab\u2009du plus\u2009\u00bb pour le football.<\/strong><\/p>\n<p>Capitaine \u00e0 Nantes et Marseille<\/p>\n<p class=\" wall-content\">Apr\u00e8s avoir port\u00e9 le maillot nantais et le brassard de capitaine, Valentin Rongier rejoint l\u2019<a href=\"https:\/\/actu.fr\/tag\/olympique-de-marseille-om\" target=\"_blank\" rel=\"noopener\">Olympique de Marseille<\/a> en 2019. \u00ab\u2009Pr\u00e9cis, infatigable, il s\u2019impose quels que soient ses entra\u00eeneurs successifs, de Jorge Sampaoli \u00e0 Igor Tudor\u2009\u00bb, note le Stade Rennais F.C.<\/p>\n<blockquote class=\"ac-article-quote wall-content\">\n<p>Surnomm\u00e9 \u00ab le g\u00e9om\u00e8tre \u00bb par le coach italien car \u00ab il met de l\u2019ordre sur le terrain \u00bb, Valentin Rongier est tout simplement le meilleur joueur du Big 5 europ\u00e9en sur le plan des interceptions en janvier (dix par match en moyenne).<\/p>\n<p>    <strong>Stade Rennais F.C.<\/strong>\n            <\/p><\/blockquote>\n<p class=\" wall-content\">Avec l\u2019OM, le joueur se fait remarquer et retrouve le <strong>brassard de capitaine.<\/strong><\/p>\n<p>Retrouver le championnat europ\u00e9en<\/p>\n<p class=\" wall-content\">Une nouvelle \u00e9tape d\u00e9bute donc dans la carri\u00e8re de Valentin Rongier avec son arriv\u00e9e \u00e0 Rennes, avec qui il a <strong>sign\u00e9 jusqu\u2019en 2028.<\/strong> \u00ab\u2009Un choix qui a \u00e9t\u00e9 m\u00fbrement r\u00e9fl\u00e9chi\u2009\u00bb, affirme le footballeur.<\/p>\n<blockquote class=\"ac-article-quote wall-content\">\n<p>Pour moi, c&rsquo;est important de rejoindre un club qui a beaucoup d&rsquo;ambition avec pour projet de retrouver l&rsquo;Europe le plus rapidement possible. [&#8230;] Je viens ici pour retrouver de la comp\u00e9titivit\u00e9, de la gagne tout simplement.<\/p>\n<p>    <strong>Valentin Rongier<\/strong><br \/>\n        Entretien accord\u00e9 au Stade Rennais F.C.    <\/p><\/blockquote>\n<p class=\" wall-content\">Fort de son exp\u00e9rience, il souhaite<strong> \u00ab\u2009amener une maturit\u00e9\u2009\u00bb<\/strong> et un \u00ab\u2009leadership\u2009\u00bb pour entourer les jeunes joueurs.<\/p>\n<p class=\" wall-content\">Des qualit\u00e9s qu\u2019il aura l\u2019occasion de d\u00e9voiler aux supporters rennais d\u00e8s le 15 ao\u00fbt lors d\u2019un match face \u00e0 ses anciens co\u00e9quipiers de l\u2019OM dans le cadre de la premi\u00e8re journ\u00e9e de Ligue 1.<\/p>\n<p class=\" wall-content\">Suivez toute l\u2019actualit\u00e9 de vos villes et m\u00e9dias favoris en vous inscrivant \u00e0 <a href=\"https:\/\/moncompte.actu.fr\" title=\"D\u00e9couvez Mon Actu\" rel=\"nofollow noopener\" data-trk=\"{&quot;cta&quot;:{&quot;action&quot;:&quot;https:\\\/\\\/moncompte.actu.fr&quot;,&quot;category&quot;:&quot;mon compte&quot;,&quot;from&quot;:&quot;article footer&quot;,&quot;name&quot;:&quot;Mon actu&quot;,&quot;type&quot;:&quot;cta&quot;}}\" target=\"_blank\">Mon Actu<\/a>.<\/p>\n","protected":false},"excerpt":{"rendered":"Par Cl\u00e9mence Pays Publi\u00e9 le 22 juil. 2025 \u00e0 18h28 Le Stade Rennais a annonc\u00e9, lundi 21\u00a0juillet 2025,&hellip;\n","protected":false},"author":2,"featured_media":266040,"comment_status":"","ping_status":"","sticky":false,"template":"","format":"standard","meta":{"footnotes":""},"categories":[2821],"tags":[1111,11,829,1777,674,462,63,1011,27,12,2333,584,25,60,3087],"class_list":{"0":"post-266039","1":"post","2":"type-post","3":"status-publish","4":"format-standard","5":"has-post-thumbnail","7":"category-rennes","8":"tag-actu","9":"tag-actualites","10":"tag-bretagne","11":"tag-eu","12":"tag-europe","13":"tag-fc-nantes","14":"tag-football","15":"tag-fr","16":"tag-france","17":"tag-news","18":"tag-olympique-de-marseille-om","19":"tag-rennes","20":"tag-republique-francaise","21":"tag-sports","22":"tag-stade-rennais"},"share_on_mastodon":{"url":"https:\/\/pubeurope.com\/@fr\/114897935651859711","error":""},"_links":{"self":[{"href":"https:\/\/www.europesays.com\/fr\/wp-json\/wp\/v2\/posts\/266039","targetHints":{"allow":["GET"]}}],"collection":[{"href":"https:\/\/www.europesays.com\/fr\/wp-json\/wp\/v2\/posts"}],"about":[{"href":"https:\/\/www.europesays.com\/fr\/wp-json\/wp\/v2\/types\/post"}],"author":[{"embeddable":true,"href":"https:\/\/www.europesays.com\/fr\/wp-json\/wp\/v2\/users\/2"}],"replies":[{"embeddable":true,"href":"https:\/\/www.europesays.com\/fr\/wp-json\/wp\/v2\/comments?post=266039"}],"version-history":[{"count":0,"href":"https:\/\/www.europesays.com\/fr\/wp-json\/wp\/v2\/posts\/266039\/revisions"}],"wp:featuredmedia":[{"embeddable":true,"href":"https:\/\/www.europesays.com\/fr\/wp-json\/wp\/v2\/media\/266040"}],"wp:attachment":[{"href":"https:\/\/www.europesays.com\/fr\/wp-json\/wp\/v2\/media?parent=266039"}],"wp:term":[{"taxonomy":"category","embeddable":true,"href":"https:\/\/www.europesays.com\/fr\/wp-json\/wp\/v2\/categories?post=266039"},{"taxonomy":"post_tag","embeddable":true,"href":"https:\/\/www.europesays.com\/fr\/wp-json\/wp\/v2\/tags?post=266039"}],"curies":[{"name":"wp","href":"https:\/\/api.w.org\/{rel}","templated":true}]}}