{"id":266041,"date":"2025-07-22T16:55:12","date_gmt":"2025-07-22T16:55:12","guid":{"rendered":"https:\/\/www.europesays.com\/fr\/266041\/"},"modified":"2025-07-22T16:55:12","modified_gmt":"2025-07-22T16:55:12","slug":"voici-a-quoi-vont-ressembler-les-deux-nouvelles-lignes-de-bus-de-la-cts","status":"publish","type":"post","link":"https:\/\/www.europesays.com\/fr\/266041\/","title":{"rendered":"voici \u00e0 quoi vont ressembler les deux nouvelles lignes de bus de la CTS"},"content":{"rendered":"<p>            Par<br \/>\n        <strong><br \/>\n            <a href=\"https:\/\/actu.fr\/auteur\/emil-vautrin\" title=\"Consulter tous les articles de Emil Vautrin\" target=\"_blank\" rel=\"noopener\">Emil Vautrin<\/a><br \/>\n        <\/strong><\/p>\n<p>        Publi\u00e9 le<\/p>\n<p>            22 juil. 2025 \u00e0 18h29        <\/p>\n<p>Du 10 au 21 juillet, la <a href=\"https:\/\/actu.fr\/grand-est\/strasbourg_67482\/strasbourg-le-trafic-cts-tres-perturbe-a-partir-de-ce-lundi-plusieurs-arrets-du-centre-ville-non-desservis_62775371.html\" target=\"_blank\" rel=\"noopener\">CTS<\/a> et <a href=\"https:\/\/actu.fr\/grand-est\/strasbourg_67482\/pia-imbs-presidente-de-l-eurometropole-de-strasbourg-ne-briguera-pas-de-nouveau-mandat-voici-pourquoi_62767929.html\" target=\"_blank\" rel=\"noopener\">l\u2019Eurom\u00e9tropole de Strasbourg<\/a> proposaient au public de voter pour <a href=\"https:\/\/actu.fr\/grand-est\/strasbourg_67482\/strasbourg-vous-pouvez-choisir-l-habillage-des-nouvelles-lignes-de-bus-voici-comment_62916453.html\" target=\"_blank\" rel=\"noopener\">choisir l\u2019habillage des nouvelles lignes<\/a> de bus : les Chron\u2019hop C4 et C5.<\/p>\n<p class=\" wall-content\">Les r\u00e9sultats sont tomb\u00e9s ce mardi.<\/p>\n<p>Samuel Bas habillera la ligne C4<\/p>\n<p class=\" wall-content\">Pour la ligne <strong>C4<\/strong>, c\u2019est la proposition de Samuel Bas qui a \u00e9t\u00e9 retenue.\u00a0<\/p>\n<p>    <img   decoding=\"async\" loading=\"lazy\" src=\"https:\/\/www.europesays.com\/fr\/wp-content\/uploads\/2025\/07\/samuel-bas-bon-format-960x640.jpg\" alt=\"Le visuel de Samuel Bas a \u00e9t\u00e9 choisi face aux deux autres propos\u00e9s pour la ligne C4.\" width=\"960\" height=\"640\"\/><br \/>\n    Le visuel de Samuel Bas a \u00e9t\u00e9 choisi face aux deux autres propos\u00e9s pour la ligne C4. (\u00a9Samuel Bas)<\/p>\n<p class=\" wall-content\">L\u2019artiste, qui a voulu cr\u00e9er \u00ab\u00a0une repr\u00e9sentation <strong>festive et color\u00e9e<\/strong>, rappelant les films d\u2019animation des ann\u00e9es 30\u2033 selon ses propos, \u00e9tait face \u00e0 deux autres artistes, St\u00e9phane Clor et Nahrae Lee.<\/p>\n<p>Un hommage \u00e0 la femme, par Camille Fischer<\/p>\n<p class=\" wall-content\">La ligne <strong>C5<\/strong>, qui avait comme th\u00e9matique \u00ab\u00a0la femme\u00a0\u00bb sera quant \u00e0 elle habill\u00e9e par l\u2019\u0153uvre de <strong>Camille Fischer<\/strong>.<\/p>\n<p>    <img   decoding=\"async\" loading=\"lazy\" src=\"https:\/\/www.europesays.com\/fr\/wp-content\/uploads\/2025\/07\/camille-fischer-bon-format-960x640.jpg\" alt=\"La ligne Chron'hop C5 sera habill\u00e9e par l'\u0153uvre de Camille Fischer, qui avait comme th\u00e9matique obligatoire \" width=\"960\" height=\"640\"\/><br \/>\n    La ligne Chron\u2019hop C5 sera habill\u00e9e par l\u2019\u0153uvre de Camille Fischer, qui avait comme th\u00e9matique obligatoire \u00ab\u00a0la femme\u00a0\u00bb. (\u00a9Camille Fischer)<\/p>\n<p class=\" wall-content\">D\u2019apr\u00e8s les propos de la laur\u00e9ate, la r\u00e9alisation rend hommage \u00e0 la premi\u00e8re femme \u00e0 avoir fait le <strong>tour du monde<\/strong>, la botaniste Jeanne Barret.\u00a0<\/p>\n<p class=\" wall-content\">La CTS d\u00e9clare avoir recens\u00e9 <strong>1443 votes<\/strong> pour ce concours.<\/p>\n<p class=\" wall-content\">Suivez toute l\u2019actualit\u00e9 de vos villes et m\u00e9dias favoris en vous inscrivant \u00e0 <a href=\"https:\/\/moncompte.actu.fr\" title=\"D\u00e9couvez Mon Actu\" rel=\"nofollow noopener\" data-trk=\"{&quot;cta&quot;:{&quot;action&quot;:&quot;https:\\\/\\\/moncompte.actu.fr&quot;,&quot;category&quot;:&quot;mon compte&quot;,&quot;from&quot;:&quot;article footer&quot;,&quot;name&quot;:&quot;Mon actu&quot;,&quot;type&quot;:&quot;cta&quot;}}\" target=\"_blank\">Mon Actu<\/a>.<\/p>\n","protected":false},"excerpt":{"rendered":"Par Emil Vautrin Publi\u00e9 le 22 juil. 2025 \u00e0 18h29 Du 10 au 21 juillet, la CTS et&hellip;\n","protected":false},"author":2,"featured_media":266042,"comment_status":"","ping_status":"","sticky":false,"template":"","format":"standard","meta":{"footnotes":""},"categories":[2820],"tags":[1111,11,7344,1777,5342,674,1011,27,775,12,25,104,640,2803],"class_list":{"0":"post-266041","1":"post","2":"type-post","3":"status-publish","4":"format-standard","5":"has-post-thumbnail","7":"category-strasbourg","8":"tag-actu","9":"tag-actualites","10":"tag-compagnie-des-transports-strasbourgeois-cts","11":"tag-eu","12":"tag-eurometropole-de-strasbourg","13":"tag-europe","14":"tag-fr","15":"tag-france","16":"tag-grand-est","17":"tag-news","18":"tag-republique-francaise","19":"tag-societe","20":"tag-strasbourg","21":"tag-transport"},"share_on_mastodon":{"url":"https:\/\/pubeurope.com\/@fr\/114897939636865319","error":""},"_links":{"self":[{"href":"https:\/\/www.europesays.com\/fr\/wp-json\/wp\/v2\/posts\/266041","targetHints":{"allow":["GET"]}}],"collection":[{"href":"https:\/\/www.europesays.com\/fr\/wp-json\/wp\/v2\/posts"}],"about":[{"href":"https:\/\/www.europesays.com\/fr\/wp-json\/wp\/v2\/types\/post"}],"author":[{"embeddable":true,"href":"https:\/\/www.europesays.com\/fr\/wp-json\/wp\/v2\/users\/2"}],"replies":[{"embeddable":true,"href":"https:\/\/www.europesays.com\/fr\/wp-json\/wp\/v2\/comments?post=266041"}],"version-history":[{"count":0,"href":"https:\/\/www.europesays.com\/fr\/wp-json\/wp\/v2\/posts\/266041\/revisions"}],"wp:featuredmedia":[{"embeddable":true,"href":"https:\/\/www.europesays.com\/fr\/wp-json\/wp\/v2\/media\/266042"}],"wp:attachment":[{"href":"https:\/\/www.europesays.com\/fr\/wp-json\/wp\/v2\/media?parent=266041"}],"wp:term":[{"taxonomy":"category","embeddable":true,"href":"https:\/\/www.europesays.com\/fr\/wp-json\/wp\/v2\/categories?post=266041"},{"taxonomy":"post_tag","embeddable":true,"href":"https:\/\/www.europesays.com\/fr\/wp-json\/wp\/v2\/tags?post=266041"}],"curies":[{"name":"wp","href":"https:\/\/api.w.org\/{rel}","templated":true}]}}