{"id":266043,"date":"2025-07-22T16:56:11","date_gmt":"2025-07-22T16:56:11","guid":{"rendered":"https:\/\/www.europesays.com\/fr\/266043\/"},"modified":"2025-07-22T16:56:11","modified_gmt":"2025-07-22T16:56:11","slug":"et-les-gagnants-pour-lhabillage-des-bus-des-lignes-chronhop-c4-et-c5-sont","status":"publish","type":"post","link":"https:\/\/www.europesays.com\/fr\/266043\/","title":{"rendered":"et les gagnants pour l&rsquo;habillage des bus des lignes Chron\u2019hop C4 et C5 sont\u2026"},"content":{"rendered":"<p>Apr\u00e8s <a href=\"https:\/\/www.dna.fr\/culture-loisirs\/2025\/07\/18\/suspicion-de-faux-comptes-la-cts-change-le-vote-sur-l-habillage-de-nouveaux-bus\" target=\"_blank\" rel=\"nofollow noopener\">une n\u00e9cessaire remise \u00e0 plat du processus de vote en ligne<\/a>, un communiqu\u00e9 de presse de la CTS et de l\u2019Eurom\u00e9tropole de Strasbourg a d\u00e9voil\u00e9 ce mardi les (vrais) laur\u00e9ats du concours pour l\u2019habillage artistique des bus des lignes Chron\u2019hop C4 et C5.<\/p>\n<p>1 443 suffrages<\/p>\n<p>Pour m\u00e9moire, les gagnants ont \u00e9t\u00e9 d\u00e9sign\u00e9s par un vote en ligne qui s\u2019est d\u00e9roul\u00e9 du 10 au 20\u00a0juillet et a recueilli 1\u00a0443 suffrages sur le site de la CTS, le seul qui pr\u00e9munissait le r\u00e9sultat contre les faux comptes.\u00a0<\/p>\n<p>Pour la ligne C4, le th\u00e8me libre, c\u2019est le projet de Samuel Bas qui a \u00e9t\u00e9 pl\u00e9biscit\u00e9 avec 370 voix. Son \u0153uvre est un \u00ab\u00a0d\u00e9fil\u00e9 carnavalesque\u00a0\u00bb, joyeux et color\u00e9, \u00ab\u00a0inspir\u00e9 des dessins anim\u00e9s des ann\u00e9es 30\u00a0\u00bb. L\u2019illustration explore le th\u00e8me du \u00ab\u00a0mouvement\u00a0\u00bb, faisant \u00e9cho aux d\u00e9placements du bus, pr\u00e9cise le communiqu\u00e9.<\/p>\n<p>Pour la ligne C5, qui avait pour th\u00e8me \u00ab\u00a0la femme\u00a0\u00bb, le public a choisi la cr\u00e9ation de Camille Fischer avec 304 voix. Son design rend hommage \u00e0 Jeanne Barret, la premi\u00e8re femme ayant accompli un tour du monde au XVIIIe\u00a0\u00a0si\u00e8cle. Botaniste, elle \u00ab\u00a0avait d\u00fb se travestir en homme pour participer \u00e0 l\u2019exp\u00e9dition de Bougainville\u00a0\u00bb, rappelle le texte. L\u2019\u0153uvre se pr\u00e9sente comme \u00ab\u00a0un motif fleuri symbolisant l\u2019aventure\u00a0\u00bb.<\/p>\n<p>Les cr\u00e9ations visibles sur les bus \u00e0 partir d&rsquo;octobre 2025<\/p>\n<p>Ces deux cr\u00e9ations artistiques seront visibles sur les bus \u00e0 partir d\u2019octobre\u00a02025. Cette initiative s\u2019inscrit dans la continuit\u00e9 d\u2019une politique de la CTS visant \u00e0 int\u00e9grer l\u2019art dans l\u2019espace public\u00a0; 212 bus du r\u00e9seau sont d\u00e9j\u00e0 d\u00e9cor\u00e9s par des \u0153uvres d\u2019artistes vari\u00e9s depuis 2011.<\/p>\n","protected":false},"excerpt":{"rendered":"Apr\u00e8s une n\u00e9cessaire remise \u00e0 plat du processus de vote en ligne, un communiqu\u00e9 de presse de la&hellip;\n","protected":false},"author":2,"featured_media":266044,"comment_status":"","ping_status":"","sticky":false,"template":"","format":"standard","meta":{"footnotes":""},"categories":[2820],"tags":[1111,11,2880,1777,674,107,1011,27,775,12,25,640,2879,2803],"class_list":{"0":"post-266043","1":"post","2":"type-post","3":"status-publish","4":"format-standard","5":"has-post-thumbnail","7":"category-strasbourg","8":"tag-actu","9":"tag-actualites","10":"tag-edition-strasbourg","11":"tag-eu","12":"tag-europe","13":"tag-fil-info","14":"tag-fr","15":"tag-france","16":"tag-grand-est","17":"tag-news","18":"tag-republique-francaise","19":"tag-strasbourg","20":"tag-strasbourg-ville","21":"tag-transport"},"share_on_mastodon":{"url":"https:\/\/pubeurope.com\/@fr\/114897943502282101","error":""},"_links":{"self":[{"href":"https:\/\/www.europesays.com\/fr\/wp-json\/wp\/v2\/posts\/266043","targetHints":{"allow":["GET"]}}],"collection":[{"href":"https:\/\/www.europesays.com\/fr\/wp-json\/wp\/v2\/posts"}],"about":[{"href":"https:\/\/www.europesays.com\/fr\/wp-json\/wp\/v2\/types\/post"}],"author":[{"embeddable":true,"href":"https:\/\/www.europesays.com\/fr\/wp-json\/wp\/v2\/users\/2"}],"replies":[{"embeddable":true,"href":"https:\/\/www.europesays.com\/fr\/wp-json\/wp\/v2\/comments?post=266043"}],"version-history":[{"count":0,"href":"https:\/\/www.europesays.com\/fr\/wp-json\/wp\/v2\/posts\/266043\/revisions"}],"wp:featuredmedia":[{"embeddable":true,"href":"https:\/\/www.europesays.com\/fr\/wp-json\/wp\/v2\/media\/266044"}],"wp:attachment":[{"href":"https:\/\/www.europesays.com\/fr\/wp-json\/wp\/v2\/media?parent=266043"}],"wp:term":[{"taxonomy":"category","embeddable":true,"href":"https:\/\/www.europesays.com\/fr\/wp-json\/wp\/v2\/categories?post=266043"},{"taxonomy":"post_tag","embeddable":true,"href":"https:\/\/www.europesays.com\/fr\/wp-json\/wp\/v2\/tags?post=266043"}],"curies":[{"name":"wp","href":"https:\/\/api.w.org\/{rel}","templated":true}]}}