{"id":266045,"date":"2025-07-22T16:57:09","date_gmt":"2025-07-22T16:57:09","guid":{"rendered":"https:\/\/www.europesays.com\/fr\/266045\/"},"modified":"2025-07-22T16:57:09","modified_gmt":"2025-07-22T16:57:09","slug":"apres-lunoc-pas-daccord-sur-lexploitation-miniere-les-grands-fonds-marins-en-sursis","status":"publish","type":"post","link":"https:\/\/www.europesays.com\/fr\/266045\/","title":{"rendered":"Apr\u00e8s l\u2019Unoc, pas d\u2019accord sur l\u2019exploitation mini\u00e8re: les grands fonds marins en sursis"},"content":{"rendered":"<p>\u00ab\u00a0Les abysses ne sont pas \u00e0 vendre\u00a0\u00bb. C\u2019est par ces mots que le chef de l\u2019\u00c9tat Emmanuel Macron avait introduit, \u00e0 Nice, <a href=\"https:\/\/www.nicematin.com\/environnement\/sommet-sur-l-ocean-macron-appelle-a-la-mobilisation-989528\" rel=\"nofollow noopener\" target=\"_blank\">la 3e conf\u00e9rence des Nations unies sur l\u2019oc\u00e9an, qui s\u2019est tenue du 9 au 13 juin<\/a>.<\/p>\n<p>Un message adress\u00e9 \u00e0 Donald Trump. En avril, le pr\u00e9sident des \u00c9tats-Unis avait donn\u00e9 instruction \u00e0 son administration d\u2019acc\u00e9l\u00e9rer la d\u00e9livrance de permis pour l\u2019extraction mini\u00e8re sous-marine, y compris en dehors des eaux am\u00e9ricaines.<\/p>\n<p>Ces derniers jours, s\u2019est tenue, \u00e0 Kingston, en Jama\u00efque, la r\u00e9union du Conseil de l\u2019Autorit\u00e9 internationale des fonds marins (AIFM), qui compte environ 150 membres, dont la France. Les \u00c9tats-Unis n\u2019en font pas partie.<\/p>\n<p>L\u2019enjeu: l\u2019adoption d\u2019un code minier pour encadrer l\u2019exploitation des grands fonds marins. Ce rendez-vous s\u2019est achev\u00e9 lundi 21 juillet sans qu\u2019aucun consensus n\u2019ait \u00e9t\u00e9 trouv\u00e9.<\/p>\n<p>\u00ab\u00a0Sans code, pas d\u2019exploitation\u00a0\u00bb<\/p>\n<p>\u00ab\u00a0Sans code, pas d\u2019exploitation\u00a0\u00bb, veut en substance rassurer Olivier Poivre d\u2019Arvor, envoy\u00e9 sp\u00e9cial du pr\u00e9sident de la R\u00e9publique fran\u00e7aise pour l\u2019oc\u00e9an et les p\u00f4les. \u00ab\u00a0Nous sommes 37 pays \u00e0 constituer une minorit\u00e9 de blocage et \u00e0 nous opposer \u00e0 l\u2019adoption de ce code minier. Donc les activit\u00e9s l\u00e9gales d\u2019exploitation ne pourront pas commencer\u00a0\u00bb.<\/p>\n<p>\u00ab\u00a0Nous allons faire en sorte de rallier des dizaines d\u2019autres pays \u00e0 la coalition pour une pause de pr\u00e9caution quant \u00e0 la r\u00e9daction du code minier pour les grands fonds marins. \u00c0 Kingston, nous avons beaucoup \u00e9chang\u00e9 avec de tr\u00e8s nombreux pays qui sont sensibles \u00e0 nos arguments\u00a0\u00bb, s\u2019est f\u00e9licit\u00e9 l\u2019ambassadeur des p\u00f4les.<\/p>\n<p>L\u2019AIFM a par ailleurs mis en garde ceux qui voudraient exploiter les minerais en haute mer hors du droit international.<\/p>\n<p>La protection des grands fonds marins fait partie des <a href=\"https:\/\/www.nicematin.com\/climat\/-nice-a-gagne-le-pari-de-l-ocean-la-satisfaction-d-olivier-poivre-d-arvor-a-la-cloture-de-la-conference-des-nations-unies-sur-l-ocean-990116\" rel=\"nofollow noopener\" target=\"_blank\">cinq principaux enjeux du sommet des oc\u00e9ans de Nice<\/a>, avec la protection des aires marines, la limitation de la pollution plastique, l\u2019acc\u00e9l\u00e9ration de la d\u00e9carbonation du transport maritime, la lutte contre la p\u00eache ill\u00e9gale.<\/p>\n","protected":false},"excerpt":{"rendered":"\u00ab\u00a0Les abysses ne sont pas \u00e0 vendre\u00a0\u00bb. C\u2019est par ces mots que le chef de l\u2019\u00c9tat Emmanuel Macron&hellip;\n","protected":false},"author":2,"featured_media":266046,"comment_status":"","ping_status":"","sticky":false,"template":"","format":"standard","meta":{"footnotes":""},"categories":[2819],"tags":[1111,11,436,1777,674,1011,27,12,2401,882,25],"class_list":{"0":"post-266045","1":"post","2":"type-post","3":"status-publish","4":"format-standard","5":"has-post-thumbnail","7":"category-nice","8":"tag-actu","9":"tag-actualites","10":"tag-environnement","11":"tag-eu","12":"tag-europe","13":"tag-fr","14":"tag-france","15":"tag-news","16":"tag-nice","17":"tag-provence-alpes-cote-dazur","18":"tag-republique-francaise"},"share_on_mastodon":{"url":"https:\/\/pubeurope.com\/@fr\/114897947560357724","error":""},"_links":{"self":[{"href":"https:\/\/www.europesays.com\/fr\/wp-json\/wp\/v2\/posts\/266045","targetHints":{"allow":["GET"]}}],"collection":[{"href":"https:\/\/www.europesays.com\/fr\/wp-json\/wp\/v2\/posts"}],"about":[{"href":"https:\/\/www.europesays.com\/fr\/wp-json\/wp\/v2\/types\/post"}],"author":[{"embeddable":true,"href":"https:\/\/www.europesays.com\/fr\/wp-json\/wp\/v2\/users\/2"}],"replies":[{"embeddable":true,"href":"https:\/\/www.europesays.com\/fr\/wp-json\/wp\/v2\/comments?post=266045"}],"version-history":[{"count":0,"href":"https:\/\/www.europesays.com\/fr\/wp-json\/wp\/v2\/posts\/266045\/revisions"}],"wp:featuredmedia":[{"embeddable":true,"href":"https:\/\/www.europesays.com\/fr\/wp-json\/wp\/v2\/media\/266046"}],"wp:attachment":[{"href":"https:\/\/www.europesays.com\/fr\/wp-json\/wp\/v2\/media?parent=266045"}],"wp:term":[{"taxonomy":"category","embeddable":true,"href":"https:\/\/www.europesays.com\/fr\/wp-json\/wp\/v2\/categories?post=266045"},{"taxonomy":"post_tag","embeddable":true,"href":"https:\/\/www.europesays.com\/fr\/wp-json\/wp\/v2\/tags?post=266045"}],"curies":[{"name":"wp","href":"https:\/\/api.w.org\/{rel}","templated":true}]}}