{"id":266049,"date":"2025-07-22T16:59:14","date_gmt":"2025-07-22T16:59:14","guid":{"rendered":"https:\/\/www.europesays.com\/fr\/266049\/"},"modified":"2025-07-22T16:59:14","modified_gmt":"2025-07-22T16:59:14","slug":"un-octogenaire-condamne-a-nantes","status":"publish","type":"post","link":"https:\/\/www.europesays.com\/fr\/266049\/","title":{"rendered":"un octog\u00e9naire condamn\u00e9 \u00e0 Nantes"},"content":{"rendered":"<p>            Par<br \/>\n        <strong><br \/>\n            <a href=\"https:\/\/actu.fr\/auteur\/laure-gentil\" title=\"Consulter tous les articles de Laure Gentil\" target=\"_blank\" rel=\"noopener\">Laure Gentil<\/a><br \/>\n        <\/strong><\/p>\n<p>        Publi\u00e9 le<\/p>\n<p>            22 juil. 2025 \u00e0 18h02        <\/p>\n<p>Le<strong> tribunal correctionnel de Nantes<\/strong> a condamn\u00e9, ce lundi 21 juillet 2025, un homme de 87 ans qui avait frapp\u00e9 sa femme, \u00e0 laquelle il est mari\u00e9 depuis 1956, lors d\u2019un d\u00e9jeuner, chez eux \u00e0 <strong>Cou\u00ebron<\/strong> (Loire-Atlantique), suite \u00e0 une altercation concernant le poste de t\u00e9l\u00e9vision.<\/p>\n<p class=\" wall-content\">Une dispute avait en effet \u00e9clat\u00e9 deux jours plus t\u00f4t, samedi 19 juillet 2025, au sein de ce couple originaire de Croatie. Alors qu\u2019ils partageaient le repas du midi, Ernest C. et Melkior C. s\u2019\u00e9taient accroch\u00e9s au sujet de la t\u00e9l\u00e9vision, que le mari voulait \u00e9teindre pour \u00ab\u00a0manger tranquillement\u00a0\u00bb.<\/p>\n<p class=\" wall-content\">Ensuite, \u00ab\u00a0elle s\u2019est lev\u00e9e, a tourn\u00e9 autour de la table, a cri\u00e9 sur moi et m\u2019a tap\u00e9 avec sa canne sur le bras gauche\u00a0\u00bb, a relat\u00e9 le retrait\u00e9 lors de l\u2019audience de <strong>comparution imm\u00e9diate.<\/strong> \u00ab\u00a0Je l\u2019ai attrap\u00e9e, je lui ai dit \u00ab\u00a0assez\u00a0\u00bb et elle a \u00ab\u00a0gliss\u00e9 par terre\u00a0\u00bb, a-t-il aussi d\u00e9crit aux magistrats.<\/p>\n<p>\u00ab\u00a0Il la consid\u00e8re comme son esclave\u00a0\u00bb<\/p>\n<p class=\" wall-content\">La version de sa femme \u00e9tait toutefois tr\u00e8s diff\u00e9rente : celle-ci, qui n\u2019\u00e9tait <strong>ni pr\u00e9sente ni repr\u00e9sent\u00e9e \u00e0 l\u2019audience<\/strong> publique, avait affirm\u00e9 aux enqu\u00eateurs que c\u2019\u00e9tait bien le \u00ab\u00a0coup de poing\u00a0\u00bb de son mari qui l\u2019avait fait \u00ab\u00a0tomber par terre\u00a0\u00bb.<\/p>\n<p class=\" wall-content\">Le<strong> bracelet anti-chute<\/strong> qu\u2019elle portait avait alors automatiquement pr\u00e9venu les pompiers qui avaient eux-m\u00eames contact\u00e9 les gendarmes dans la foul\u00e9e. La femme a cependant refus\u00e9 d\u2019\u00eatre examin\u00e9e par un m\u00e9decin l\u00e9giste : aucune incapacit\u00e9 totale de travail (ITT) n\u2019a donc pu \u00eatre fix\u00e9e.<\/p>\n<p class=\" wall-content\">L\u2019un de leurs quatre enfants, seul \u00e0 demeurer dans la r\u00e9gion, n\u2019a pas souhait\u00e9 \u00eatre entendu au cours de la proc\u00e9dure en tant que t\u00e9moin. Il a toutefois confi\u00e9 \u00e0 l\u2019enqu\u00eateur social son \u00ab\u00a0inqui\u00e9tude\u00a0\u00bb quant \u00e0 un retour au domicile de son p\u00e8re.<\/p>\n<p class=\" wall-content\">\u00ab\u00a0Cela dure depuis des ann\u00e9es, il la consid\u00e8re comme son esclave\u00a0\u00bb a-t-il martel\u00e9. La victime a elle aussi confirm\u00e9<strong> subir des violences<\/strong> mais a dit esp\u00e9rer qu\u2019il soit \u00ab\u00a0sage\u00a0\u00bb. \u00ab\u00a0Si \u00e7a se passe mal, il ira en maison de retraite\u00a0\u00bb a-t-elle certifi\u00e9 aux gendarmes.<\/p>\n<p>Il pourra rester au domicile<\/p>\n<p class=\" wall-content\">La veille de cette dispute, cet ancien menuisier avait \u00ab\u00a0d\u00e9j\u00e0 \u00e9t\u00e9 interpell\u00e9\u00a0\u00bb pour \u00eatre entendu en audition libre, a rappel\u00e9 le procureur de la R\u00e9publique. L\u2019octog\u00e9naire avait m\u00eame \u00e9t\u00e9<strong> condamn\u00e9 en d\u00e9cembre 2024<\/strong> en son absence \u2013 il \u00e9tait \u00e0 l\u2019h\u00f4pital \u2013 pour d\u2019autres faits de \u00ab\u00a0violences conjugales\u00a0\u00bb sur son \u00e9pouse. Pour \u00ab\u00a0mettre madame \u00e0 l\u2019abri\u00a0\u00bb, le magistrat a requis une \u00ab\u00a0interdiction de para\u00eetre au domicile\u00a0\u00bb.<\/p>\n<p class=\" wall-content\">L\u2019avocate du pr\u00e9venu s\u2019est toutefois fermement oppos\u00e9e \u00e0 cette mesure. \u00ab\u00a0Le dossier n\u2019est pas si clair que cela. Le 18 juillet, elle avait tent\u00e9 de le frapper avec un porte-assiette\u00a0\u00bb, a-t-elle nuanc\u00e9 en s\u2019appuyant sur les dires de leur fils. Son client souffre par ailleurs de nombreux probl\u00e8mes de sant\u00e9 : \u00ab\u00a0diab\u00e8te\u00a0\u00bb, \u00ab\u00a0tension\u00a0\u00bb, \u00ab\u00a0goutte\u00a0\u00bb, \u00ab\u00a0hernie discale\u00a0\u00bb ou encore \u00ab\u00a0r\u00e9cente amputation d\u2019orteils\u00a0\u00bb.<\/p>\n<p class=\" wall-content\">Le tribunal correctionnel de Nantes a donc finalement<strong> condamn\u00e9 l\u2019homme de 87 ans \u00e0 six mois de prison avec sursis probatoire<\/strong> pendant dix-huit mois avec une<strong> obligation de soins.<\/strong><\/p>\n<p class=\" wall-content\">Aucune mesure d\u2019\u00e9loignement n\u2019a \u00e9t\u00e9 prononc\u00e9e \u00e0 l\u2019encontre du pr\u00e9venu. \u00ab\u00a0Je souhaite que \u00e7a continue en bon chemin\u00a0\u00bb, a conclu le principal concern\u00e9, apr\u00e8s avoir r\u00e9p\u00e9t\u00e9 qu\u2019il n\u2019\u00e9tait \u00ab\u00a0pas un danger\u00a0\u00bb pour sa femme.<\/p>\n<p class=\" wall-content\"><strong>ED et CB (PressPepper)<\/strong><\/p>\n<p class=\" wall-content\">Suivez toute l\u2019actualit\u00e9 de vos villes et m\u00e9dias favoris en vous inscrivant \u00e0 <a href=\"https:\/\/moncompte.actu.fr\" title=\"D\u00e9couvez Mon Actu\" rel=\"nofollow noopener\" data-trk=\"{&quot;cta&quot;:{&quot;action&quot;:&quot;https:\\\/\\\/moncompte.actu.fr&quot;,&quot;category&quot;:&quot;mon compte&quot;,&quot;from&quot;:&quot;article footer&quot;,&quot;name&quot;:&quot;Mon actu&quot;,&quot;type&quot;:&quot;cta&quot;}}\" target=\"_blank\">Mon Actu<\/a>.<\/p>\n<ul class=\"ac-article-tag wall-content\">\n<li><a href=\"https:\/\/actu.fr\/tag\/justice\" data-trk=\"{&quot;cta&quot;:{&quot;action&quot;:&quot;Justice&quot;,&quot;category&quot;:&quot;tag&quot;,&quot;from&quot;:&quot;article footer&quot;,&quot;name&quot;:&quot;Justice&quot;,&quot;type&quot;:&quot;cta&quot;}}\" target=\"_blank\" rel=\"noopener\">#Justice<\/a><\/li>\n<li><a href=\"https:\/\/actu.fr\/tag\/violences-conjugales\" data-trk=\"{&quot;cta&quot;:{&quot;action&quot;:&quot;Violences conjugales&quot;,&quot;category&quot;:&quot;tag&quot;,&quot;from&quot;:&quot;article footer&quot;,&quot;name&quot;:&quot;Violences conjugales&quot;,&quot;type&quot;:&quot;cta&quot;}}\" target=\"_blank\" rel=\"noopener\">#Violences conjugales<\/a><\/li>\n<\/ul>\n","protected":false},"excerpt":{"rendered":"Par Laure Gentil Publi\u00e9 le 22 juil. 2025 \u00e0 18h02 Le tribunal correctionnel de Nantes a condamn\u00e9, ce&hellip;\n","protected":false},"author":2,"featured_media":266050,"comment_status":"","ping_status":"","sticky":false,"template":"","format":"standard","meta":{"footnotes":""},"categories":[2818],"tags":[1111,11,1777,674,118,1011,27,303,766,12,2636,25,798],"class_list":{"0":"post-266049","1":"post","2":"type-post","3":"status-publish","4":"format-standard","5":"has-post-thumbnail","7":"category-nantes","8":"tag-actu","9":"tag-actualites","10":"tag-eu","11":"tag-europe","12":"tag-faits-divers","13":"tag-fr","14":"tag-france","15":"tag-justice","16":"tag-nantes","17":"tag-news","18":"tag-pays-de-la-loire","19":"tag-republique-francaise","20":"tag-violences-conjugales"},"share_on_mastodon":{"url":"https:\/\/pubeurope.com\/@fr\/114897955364565547","error":""},"_links":{"self":[{"href":"https:\/\/www.europesays.com\/fr\/wp-json\/wp\/v2\/posts\/266049","targetHints":{"allow":["GET"]}}],"collection":[{"href":"https:\/\/www.europesays.com\/fr\/wp-json\/wp\/v2\/posts"}],"about":[{"href":"https:\/\/www.europesays.com\/fr\/wp-json\/wp\/v2\/types\/post"}],"author":[{"embeddable":true,"href":"https:\/\/www.europesays.com\/fr\/wp-json\/wp\/v2\/users\/2"}],"replies":[{"embeddable":true,"href":"https:\/\/www.europesays.com\/fr\/wp-json\/wp\/v2\/comments?post=266049"}],"version-history":[{"count":0,"href":"https:\/\/www.europesays.com\/fr\/wp-json\/wp\/v2\/posts\/266049\/revisions"}],"wp:featuredmedia":[{"embeddable":true,"href":"https:\/\/www.europesays.com\/fr\/wp-json\/wp\/v2\/media\/266050"}],"wp:attachment":[{"href":"https:\/\/www.europesays.com\/fr\/wp-json\/wp\/v2\/media?parent=266049"}],"wp:term":[{"taxonomy":"category","embeddable":true,"href":"https:\/\/www.europesays.com\/fr\/wp-json\/wp\/v2\/categories?post=266049"},{"taxonomy":"post_tag","embeddable":true,"href":"https:\/\/www.europesays.com\/fr\/wp-json\/wp\/v2\/tags?post=266049"}],"curies":[{"name":"wp","href":"https:\/\/api.w.org\/{rel}","templated":true}]}}