{"id":266061,"date":"2025-07-22T17:05:11","date_gmt":"2025-07-22T17:05:11","guid":{"rendered":"https:\/\/www.europesays.com\/fr\/266061\/"},"modified":"2025-07-22T17:05:11","modified_gmt":"2025-07-22T17:05:11","slug":"vieux-lille-le-chef-le-plus-etoile-au-monde-va-bientot-ouvrir-sa-boutique-de-chocolats-de-luxe","status":"publish","type":"post","link":"https:\/\/www.europesays.com\/fr\/266061\/","title":{"rendered":"Vieux-Lille. Le chef le plus \u00e9toil\u00e9 au monde va bient\u00f4t ouvrir sa boutique de chocolats de luxe"},"content":{"rendered":"<p>            Par<br \/>\n        <strong><br \/>\n            <a href=\"https:\/\/actu.fr\/auteur\/hervine-mahaud\" title=\"Consulter tous les articles de Hervine Mahaud\" target=\"_blank\" rel=\"noopener\">Hervine Mahaud<\/a><br \/>\n        <\/strong><\/p>\n<p>        Publi\u00e9 le<\/p>\n<p>            22 juil. 2025 \u00e0 18h50        <\/p>\n<p>C\u2019est l\u2019une des nouvelles les plus incroyablement gourmandes de l\u2019\u00e9t\u00e9 que nous tenions \u00e0 vous partager (en exclusivit\u00e9 !). Tr\u00e8s prochainement, le <b>Vieux-Lille<\/b> va accueillir une <b>boutique \u00ab\u00a0Le Chocolat Alain Ducasse\u00a0\u00bb<\/b>. Le <b>chef cuisinier mon\u00e9gasque<\/b>, qui est <b>le plus \u00e9toil\u00e9 au monde avec ses 21 \u00e9toiles au Guide Michelin<\/b>, y proposera du <b>\u00ab\u00a0chocolat de luxe\u00a0\u00bb<\/b> sous forme de bonbons, tablettes et autres gourmandises. Pour l\u2019heure, le local est en plein travaux.<\/p>\n<p>Une boutique durable apr\u00e8s un corner test \u00e0 la gare Lille-Flandres<\/p>\n<p class=\" wall-content\">En jetant un coup d\u2019\u0153il \u00e0 l\u2019int\u00e9rieur du local totalement \u00e0 nu, difficile de dire quand la future boutique Alain Ducasse sera livr\u00e9e. \u00ab\u00a0Nous n\u2019avons pas encore de date officielle d\u2019ouverture de la boutique du Vieux-Lille\u00a0\u00bb, nous confirme la responsable presse de la Maison.<\/p>\n<p>    <img   decoding=\"async\" loading=\"lazy\" class=\"size-large\" src=\"https:\/\/www.europesays.com\/fr\/wp-content\/uploads\/2025\/07\/d0f2fbde4e786e4f2fbde4e7809f2fv-960x640.jpg\" alt=\"D'ici quelques semaines, une boutique de chocolat de luxe va ouvrir ses portes dans le Vieux-Lille. La marque a \u00e9t\u00e9 lanc\u00e9e par le chef cuisinier le plus \u00e9toil\u00e9 au monde.\" width=\"960\" height=\"640\"\/><br \/>\n    D\u2019ici quelques semaines, une boutique de chocolat de luxe va ouvrir ses portes dans le Vieux-Lille. La marque a \u00e9t\u00e9 lanc\u00e9e par le chef cuisinier le plus \u00e9toil\u00e9 au monde. \u00a9Hervine Mahaud<\/p>\n<p class=\" wall-content\">Ce que nous pouvons cependant vous affirmer, c\u2019est qu\u2019elle sera situ\u00e9e au <b>90, rue Esquermoise, \u00e0 la place de la boutique de bijoux Les Georgettes<\/b>. Auparavant, c\u2019\u00e9tait d\u00e9j\u00e0 une entreprise gourmande qui y proposait ses produits : <a href=\"https:\/\/actu.fr\/hauts-de-france\/lille_59350\/toutes-les-saveurs-du-calisson-avec-le-roy-rene_6835906.html\" target=\"_blank\" rel=\"noopener\">les calissons du Roy Ren\u00e9<\/a>. L\u2019am\u00e9nagement de l\u2019espace a \u00e9t\u00e9 confi\u00e9 \u00e0 Atelier \u00c8S, un <b>cabinet d\u2019architectes<\/b> auquel la marque \u00e0 l\u2019habitude de faire appel.<\/p>\n<p class=\" wall-content\"><a href=\"https:\/\/www.instagram.com\/p\/C9hIXuIIZ-N\/embed\" title=\"Ouvrir le lien sur Instagram\" target=\"_blank\" rel=\"noopener\">Visualiser le contenu sur Instagram<\/a><\/p>\n<p class=\" wall-content\">Cette future ouverture signe le retour durable d\u2019Alain Ducasse \u00e0 Lille. La marque avait en effet d\u00e9j\u00e0 fait ouvert un <b>corner \u00e0 la gare Lille-Flandres<\/b> en novembre 2021, avant de le refermer quelques mois plus tard.<\/p>\n<p>Tablettes grand cru, bonbons au pralin\u00e9<\/p>\n<p class=\" wall-content\">Que pourra-t-on d\u00e9couvrir dans cette future boutique de chocolats de luxe ? La c\u00e9l\u00e8bre Maison, reconnue pour son chocolat fabriqu\u00e9 de la f\u00e8ve jusqu\u2019au bonbon dans sa Manufacture parisienne, proposera un <b data-end=\"1243\">chocolat haut de gamme, tra\u00e7able et artisanal<\/b>, \u00e9labor\u00e9 selon un savoir-faire unique en France. L\u2019offre sera vari\u00e9e\u00a0: <b>tablettes, bonbons, pralin\u00e9s, biscuits, caf\u00e9s, glaces<\/b>\u2026 pour tous les moments gourmands.<\/p>\n<p class=\" wall-content\"><a href=\"https:\/\/www.instagram.com\/p\/DKyokUIIMPS\/embed\" title=\"Ouvrir le lien sur Instagram\" target=\"_blank\" rel=\"noopener\">Visualiser le contenu sur Instagram<\/a><\/p>\n<p class=\" wall-content\">On pourra aussi bien croquer dans une <b>tablette \u00ab\u00a0cru d\u2019exception\u00a0\u00bb au chocolat noir \u00e0 75 %<\/b> (Congo, P\u00e9rou, Madagascar\u2026), vendue 14 \u20ac. Mais aussi offrir, ou s\u2019offrir, des <b>coffrets de bonbons chocolat\u00e9s<\/b>. Ces ballotins de luxe seront vendus \u00e0 partir de 22 \u20ac (12 pi\u00e8ces pour 100g).\u00a0<\/p>\n<p class=\" wall-content\">Les becs fins et sucr\u00e9s pourront retrouver des <b>b<\/b><b>arres chocolat\u00e9es, drag\u00e9es gourmandes, oranges confites, biscuits<\/b> (cookies, palets\u2026), pour chaque instant de la journ\u00e9e.<\/p>\n<p class=\" wall-content\">La marque propose aussi des <b>glaces artisanales<\/b> et une s\u00e9lection de <b>caf\u00e9s<\/b> d\u2019exception, issus de l\u2019univers Ducasse. Reste \u00e0 savoir si la boutique lilloise en proposera aussi. Il ne reste plus qu\u2019\u00e0 patienter pour le savoir.<\/p>\n<p class=\" wall-content\">Suivez toute l\u2019actualit\u00e9 de vos villes et m\u00e9dias favoris en vous inscrivant \u00e0 <a href=\"https:\/\/moncompte.actu.fr\" title=\"D\u00e9couvez Mon Actu\" rel=\"nofollow noopener\" data-trk=\"{&quot;cta&quot;:{&quot;action&quot;:&quot;https:\\\/\\\/moncompte.actu.fr&quot;,&quot;category&quot;:&quot;mon compte&quot;,&quot;from&quot;:&quot;article footer&quot;,&quot;name&quot;:&quot;Mon actu&quot;,&quot;type&quot;:&quot;cta&quot;}}\" target=\"_blank\">Mon Actu<\/a>.<\/p>\n<p>                    <script async src=\"\/\/www.instagram.com\/embed.js\"><\/script><\/p>\n","protected":false},"excerpt":{"rendered":"Par Hervine Mahaud Publi\u00e9 le 22 juil. 2025 \u00e0 18h50 C\u2019est l\u2019une des nouvelles les plus incroyablement gourmandes&hellip;\n","protected":false},"author":2,"featured_media":266062,"comment_status":"","ping_status":"","sticky":false,"template":"","format":"standard","meta":{"footnotes":""},"categories":[2815],"tags":[1111,11,1477,33,1777,674,1011,27,1661,811,1307,12,3147,25],"class_list":{"0":"post-266061","1":"post","2":"type-post","3":"status-publish","4":"format-standard","5":"has-post-thumbnail","7":"category-lille","8":"tag-actu","9":"tag-actualites","10":"tag-artisanat","11":"tag-economie","12":"tag-eu","13":"tag-europe","14":"tag-fr","15":"tag-france","16":"tag-gastronomie","17":"tag-hauts-de-france","18":"tag-lille","19":"tag-news","20":"tag-nouveaux-commerces","21":"tag-republique-francaise"},"share_on_mastodon":{"url":"https:\/\/pubeurope.com\/@fr\/114897978900303625","error":""},"_links":{"self":[{"href":"https:\/\/www.europesays.com\/fr\/wp-json\/wp\/v2\/posts\/266061","targetHints":{"allow":["GET"]}}],"collection":[{"href":"https:\/\/www.europesays.com\/fr\/wp-json\/wp\/v2\/posts"}],"about":[{"href":"https:\/\/www.europesays.com\/fr\/wp-json\/wp\/v2\/types\/post"}],"author":[{"embeddable":true,"href":"https:\/\/www.europesays.com\/fr\/wp-json\/wp\/v2\/users\/2"}],"replies":[{"embeddable":true,"href":"https:\/\/www.europesays.com\/fr\/wp-json\/wp\/v2\/comments?post=266061"}],"version-history":[{"count":0,"href":"https:\/\/www.europesays.com\/fr\/wp-json\/wp\/v2\/posts\/266061\/revisions"}],"wp:featuredmedia":[{"embeddable":true,"href":"https:\/\/www.europesays.com\/fr\/wp-json\/wp\/v2\/media\/266062"}],"wp:attachment":[{"href":"https:\/\/www.europesays.com\/fr\/wp-json\/wp\/v2\/media?parent=266061"}],"wp:term":[{"taxonomy":"category","embeddable":true,"href":"https:\/\/www.europesays.com\/fr\/wp-json\/wp\/v2\/categories?post=266061"},{"taxonomy":"post_tag","embeddable":true,"href":"https:\/\/www.europesays.com\/fr\/wp-json\/wp\/v2\/tags?post=266061"}],"curies":[{"name":"wp","href":"https:\/\/api.w.org\/{rel}","templated":true}]}}