{"id":266063,"date":"2025-07-22T17:06:18","date_gmt":"2025-07-22T17:06:18","guid":{"rendered":"https:\/\/www.europesays.com\/fr\/266063\/"},"modified":"2025-07-22T17:06:18","modified_gmt":"2025-07-22T17:06:18","slug":"les-itinerances-de-lorchestre-national-de-lille-onl","status":"publish","type":"post","link":"https:\/\/www.europesays.com\/fr\/266063\/","title":{"rendered":"Les Itin\u00e9rances de l&rsquo;Orchestre National de Lille (ONL)"},"content":{"rendered":"\n<p>L\u2019Orchestre National de Lille (ONL), revient \u00e0 Steene avec les Itin\u00e9rances, au sein de l&rsquo;\u00e9glise Saint Martin, \u00e9difice class\u00e9 aux monuments historiques.<br \/>Au programme de ce concert \u00e0 cordes d&rsquo;une heure : Grieg, Suite Holberg et Tcha\u00efkovski, S\u00e9r\u00e9nade pour cordes sous la baguette de Julien Szulman, Chef d&rsquo;orchestre et violon solo.<br \/>R\u00e9servation en mairie, par t\u00e9l\u00e9phone ou par mail \u00e0 l&rsquo;adresse<\/p>\n","protected":false},"excerpt":{"rendered":"L\u2019Orchestre National de Lille (ONL), revient \u00e0 Steene avec les Itin\u00e9rances, au sein de l&rsquo;\u00e9glise Saint Martin, \u00e9difice&hellip;\n","protected":false},"author":2,"featured_media":266064,"comment_status":"","ping_status":"","sticky":false,"template":"","format":"standard","meta":{"footnotes":""},"categories":[2815],"tags":[1111,11,4763,10804,11679,14637,25892,25891,1777,674,25893,1349,4434,1011,27,811,1114,1307,1393,10265,12,25890,20891,25,6290,1669,3140],"class_list":{"0":"post-266063","1":"post","2":"type-post","3":"status-publish","4":"format-standard","5":"has-post-thumbnail","7":"category-lille","8":"tag-actu","9":"tag-actualites","10":"tag-agenda","11":"tag-braderies","12":"tag-brocantes","13":"tag-delta-fm","14":"tag-delta-plus","15":"tag-delta","16":"tag-eu","17":"tag-europe","18":"tag-evenements-concerts","19":"tag-expositions","20":"tag-foire","21":"tag-fr","22":"tag-france","23":"tag-hauts-de-france","24":"tag-infos","25":"tag-lille","26":"tag-loisirs","27":"tag-loto","28":"tag-news","29":"tag-radio-delta","30":"tag-randonnees","31":"tag-republique-francaise","32":"tag-salon","33":"tag-sorties","34":"tag-spectacle"},"share_on_mastodon":{"url":"https:\/\/pubeurope.com\/@fr\/114897983015274277","error":""},"_links":{"self":[{"href":"https:\/\/www.europesays.com\/fr\/wp-json\/wp\/v2\/posts\/266063","targetHints":{"allow":["GET"]}}],"collection":[{"href":"https:\/\/www.europesays.com\/fr\/wp-json\/wp\/v2\/posts"}],"about":[{"href":"https:\/\/www.europesays.com\/fr\/wp-json\/wp\/v2\/types\/post"}],"author":[{"embeddable":true,"href":"https:\/\/www.europesays.com\/fr\/wp-json\/wp\/v2\/users\/2"}],"replies":[{"embeddable":true,"href":"https:\/\/www.europesays.com\/fr\/wp-json\/wp\/v2\/comments?post=266063"}],"version-history":[{"count":0,"href":"https:\/\/www.europesays.com\/fr\/wp-json\/wp\/v2\/posts\/266063\/revisions"}],"wp:featuredmedia":[{"embeddable":true,"href":"https:\/\/www.europesays.com\/fr\/wp-json\/wp\/v2\/media\/266064"}],"wp:attachment":[{"href":"https:\/\/www.europesays.com\/fr\/wp-json\/wp\/v2\/media?parent=266063"}],"wp:term":[{"taxonomy":"category","embeddable":true,"href":"https:\/\/www.europesays.com\/fr\/wp-json\/wp\/v2\/categories?post=266063"},{"taxonomy":"post_tag","embeddable":true,"href":"https:\/\/www.europesays.com\/fr\/wp-json\/wp\/v2\/tags?post=266063"}],"curies":[{"name":"wp","href":"https:\/\/api.w.org\/{rel}","templated":true}]}}