{"id":266069,"date":"2025-07-22T17:09:13","date_gmt":"2025-07-22T17:09:13","guid":{"rendered":"https:\/\/www.europesays.com\/fr\/266069\/"},"modified":"2025-07-22T17:09:13","modified_gmt":"2025-07-22T17:09:13","slug":"le-radar-a-30-km-h-installe-fin-juin-en-bord-de-saone-est-toujours-inactif","status":"publish","type":"post","link":"https:\/\/www.europesays.com\/fr\/266069\/","title":{"rendered":"le radar \u00e0 30\u00a0km\/h install\u00e9 fin juin en bord de Sa\u00f4ne est toujours inactif"},"content":{"rendered":"<p>Trois semaines sont pass\u00e9es, et toujours aucun flash. Le radar de chantier mis en place dans la nuit du 27 au 28\u00a0juin en bord de Sa\u00f4ne, \u00e0 la jonction entre les quais Tilsitt et Mar\u00e9chal-Joffre (Lyon 2e), au niveau de la rue Franklin, est pour le moment hors service.<\/p>\n<p>Contact\u00e9e par la r\u00e9daction ce mardi 22\u00a0juillet, la pr\u00e9fecture du Rh\u00f4ne justifie ce retard \u00e0 l\u2019allumage par \u00ab\u00a0un probl\u00e8me technique\u00a0\u00bb, confirmant une information du site <a href=\"https:\/\/actu.fr\/auvergne-rhone-alpes\/lyon_69123\/lyon-le-radar-sur-ces-quais-dangereux-toujours-inactif-un-mois-apres-son-installation_62941079.html\" target=\"_blank\" rel=\"nofollow noopener\">Actu Lyon<\/a>. Elle indique par ailleurs avoir demand\u00e9 aux services de maintenance comp\u00e9tents l\u2019acc\u00e9l\u00e9ration du processus, de mani\u00e8re \u00e0 r\u00e9soudre le probl\u00e8me au plus vite.<\/p>\n<p>  Une portion accidentog\u00e8ne<\/p>\n<p>Ces derni\u00e8res ann\u00e9es, cette portion \u00e0 30\u00a0km\/h s\u2019est r\u00e9v\u00e9l\u00e9e tr\u00e8s dangereuse. C\u2019est m\u00eame <a href=\"https:\/\/www.leprogres.fr\/transport\/2025\/04\/04\/radar-ralentisseurs-passages-pietons-la-transformation-des-quais-tilsitt-et-joffre-commence-cet-ete\" target=\"_blank\" rel=\"nofollow noopener\">l\u2019une des plus accidentog\u00e8nes<\/a> de la m\u00e9tropole.\u00a0En ao\u00fbt\u00a02022, c\u2019est justement \u00e0 cet endroit que deux adolescents, Iris et Warren, ont perdu la vie, fauch\u00e9s par une ambulance priv\u00e9e, alors qu\u2019ils circulaient \u00e0 deux sur une trottinette \u00e9lectrique.<\/p>\n<p>Depuis, la Ville et la M\u00e9tropole de Lyon ont multipli\u00e9 les adresses \u00e0 la pr\u00e9fecture pour que ce lieu fasse l\u2019objet de contr\u00f4les de vitesse g\u00e9n\u00e9ralis\u00e9s par la mise en place d\u2019un radar. Fin f\u00e9vrier, la pr\u00e9f\u00e8te du Rh\u00f4ne avait fait une demande d\u2019installation sur cet axe Tilsitt &#8211; Joffre aupr\u00e8s de la d\u00e9l\u00e9gu\u00e9e interminist\u00e9rielle \u00e0 la S\u00e9curit\u00e9 routi\u00e8re.<\/p>\n<p>Apr\u00e8s ce radar de chantier, une unit\u00e9 automatique permanente devrait \u00eatre install\u00e9e.<\/p>\n","protected":false},"excerpt":{"rendered":"Trois semaines sont pass\u00e9es, et toujours aucun flash. Le radar de chantier mis en place dans la nuit&hellip;\n","protected":false},"author":2,"featured_media":266070,"comment_status":"","ping_status":"","sticky":false,"template":"","format":"standard","meta":{"footnotes":""},"categories":[1889],"tags":[1111,11,2430,3542,2757,1777,674,107,1011,27,2428,2756,12,25,2429,2803],"class_list":{"0":"post-266069","1":"post","2":"type-post","3":"status-publish","4":"format-standard","5":"has-post-thumbnail","7":"category-lyon","8":"tag-actu","9":"tag-actualites","10":"tag-auvergne-rhone-alpes","11":"tag-circulation","12":"tag-edition-lyon-villeurbanne","13":"tag-eu","14":"tag-europe","15":"tag-fil-info","16":"tag-fr","17":"tag-france","18":"tag-lyon","19":"tag-lyon-bassin","20":"tag-news","21":"tag-republique-francaise","22":"tag-rhone","23":"tag-transport"},"share_on_mastodon":{"url":"https:\/\/pubeurope.com\/@fr\/114897994614078203","error":""},"_links":{"self":[{"href":"https:\/\/www.europesays.com\/fr\/wp-json\/wp\/v2\/posts\/266069","targetHints":{"allow":["GET"]}}],"collection":[{"href":"https:\/\/www.europesays.com\/fr\/wp-json\/wp\/v2\/posts"}],"about":[{"href":"https:\/\/www.europesays.com\/fr\/wp-json\/wp\/v2\/types\/post"}],"author":[{"embeddable":true,"href":"https:\/\/www.europesays.com\/fr\/wp-json\/wp\/v2\/users\/2"}],"replies":[{"embeddable":true,"href":"https:\/\/www.europesays.com\/fr\/wp-json\/wp\/v2\/comments?post=266069"}],"version-history":[{"count":0,"href":"https:\/\/www.europesays.com\/fr\/wp-json\/wp\/v2\/posts\/266069\/revisions"}],"wp:featuredmedia":[{"embeddable":true,"href":"https:\/\/www.europesays.com\/fr\/wp-json\/wp\/v2\/media\/266070"}],"wp:attachment":[{"href":"https:\/\/www.europesays.com\/fr\/wp-json\/wp\/v2\/media?parent=266069"}],"wp:term":[{"taxonomy":"category","embeddable":true,"href":"https:\/\/www.europesays.com\/fr\/wp-json\/wp\/v2\/categories?post=266069"},{"taxonomy":"post_tag","embeddable":true,"href":"https:\/\/www.europesays.com\/fr\/wp-json\/wp\/v2\/tags?post=266069"}],"curies":[{"name":"wp","href":"https:\/\/api.w.org\/{rel}","templated":true}]}}