{"id":266077,"date":"2025-07-22T17:14:11","date_gmt":"2025-07-22T17:14:11","guid":{"rendered":"https:\/\/www.europesays.com\/fr\/266077\/"},"modified":"2025-07-22T17:14:11","modified_gmt":"2025-07-22T17:14:11","slug":"dassault-aviation-soitec-ubisoft-les-valeurs-a-suivre-demain-a-paris-22-07-2025-a-1828","status":"publish","type":"post","link":"https:\/\/www.europesays.com\/fr\/266077\/","title":{"rendered":"Dassault Aviation, Soitec, Ubisoft&#8230;les valeurs \u00e0 suivre demain \u00e0 Paris &#8211; &#8211; 22\/07\/2025 \u00e0 18:28"},"content":{"rendered":"<p>\n (AOF) &#8211;<br \/>\n <strong><br \/>\n  <a href=\"https:\/\/www.boursorama.com\/cours\/1rPALO\/\" rel=\"nofollow noopener\" target=\"_blank\"><br \/>\n   Alstom<br \/>\n  <\/a><br \/>\n <\/strong>\n<\/p>\n<p>\n Le sp\u00e9cialiste de la mobilit\u00e9 durable et intelligente annoncera son chiffre d&rsquo;affaires du premier trimestre.\n<\/p>\n<p>\n <strong><br \/>\n  Aubay<br \/>\n <\/strong>\n<\/p>\n<p>\n Le sp\u00e9cialiste des services num\u00e9riques rendra compte de son chiffre d&rsquo;affaires du deuxi\u00e8me trimestre.\n<\/p>\n<p>\n <strong><br \/>\n  Bilendi<br \/>\n <\/strong>\n<\/p>\n<p>\n Le sp\u00e9cialiste des donn\u00e9es et des solutions d&rsquo;IA pour le secteur des \u00e9tudes de march\u00e9 d\u00e9voilera son chiffre d&rsquo;affaires du premier semestre.\n<\/p>\n<p>\n <strong><br \/>\n  <a href=\"https:\/\/www.boursorama.com\/cours\/1rPCARM\/\" rel=\"nofollow noopener\" target=\"_blank\"><br \/>\n   Carmila<br \/>\n  <\/a><br \/>\n <\/strong>\n<\/p>\n<p>\n La fonci\u00e8re commerciale communiquera ses r\u00e9sultats du premier semestre.\n<\/p>\n<p>\n <strong><br \/>\n  <a href=\"https:\/\/www.boursorama.com\/cours\/1rPAM\/\" rel=\"nofollow noopener\" target=\"_blank\"><br \/>\n   Dassault Aviation<br \/>\n  <\/a><br \/>\n <\/strong>\n<\/p>\n<p>\n Au premier semestre 2025, le r\u00e9sultat op\u00e9rationnel de Dassault Aviation a progress\u00e9 de 6% par rapport au premier semestre 2024 pour s&rsquo;\u00e9tablir \u00e0 180 millions d&rsquo;euros. Le r\u00e9sultat net sur les six premiers mois de 2025 est de 386 millions d&rsquo;euros, en baisse de 56 millions d&rsquo;euros par rapport au premier semestre 2024. Ce r\u00e9sultat net comprend la surtaxe d&rsquo;imp\u00f4ts en France de 67 millions d&rsquo;euros. Le chiffre d&rsquo;affaires sur ce semestre s&rsquo;\u00e9l\u00e8ve \u00e0 2,8 milliards d&rsquo;euros, en hausse de 12% par rapport au premier semestre 2024.\n<\/p>\n<p>\n <strong><br \/>\n  <a href=\"https:\/\/www.boursorama.com\/cours\/1rPEDEN\/\" rel=\"nofollow noopener\" target=\"_blank\"><br \/>\n   Edenred<br \/>\n  <\/a><br \/>\n <\/strong>\n<\/p>\n<p>\n Le sp\u00e9cialiste des syst\u00e8mes de paiement \u00e0 usages sp\u00e9cifiques au service des entreprises, des salari\u00e9s et des commer\u00e7ants divulguera ses r\u00e9sultats du premier semestre.\n<\/p>\n<p>\n <strong><br \/>\n  Exail Technologies<br \/>\n <\/strong>\n<\/p>\n<p>\n L&rsquo;entreprise de d\u00e9fense de haute technologie pr\u00e9sentera son chiffre d&rsquo;affaires du deuxi\u00e8me trimestre.\n<\/p>\n<p>\n <strong><br \/>\n  Fnac-Darty<br \/>\n <\/strong>\n<\/p>\n<p>\n Le distributeur livrera ses r\u00e9sultats du premier semestre.\n<\/p>\n<p>\n <strong><br \/>\n  GL events<br \/>\n <\/strong>\n<\/p>\n<p>\n Le groupe int\u00e9gr\u00e9 des m\u00e9tiers de l&rsquo;\u00e9v\u00e8nement diffusera ses r\u00e9sultats du premier semestre.\n<\/p>\n<p>\n <strong><br \/>\n  Groupe Crit<br \/>\n <\/strong>\n<\/p>\n<p>\n Le sp\u00e9cialiste du travail temporaire et de l&rsquo;assistance a\u00e9roportuaire en France et \u00e0 l&rsquo;international annoncera son chiffre d&rsquo;affaires du deuxi\u00e8me trimestre.\n<\/p>\n<p>\n <strong><br \/>\n  Herige<br \/>\n <\/strong>\n<\/p>\n<p>\n Herige a d\u00e9voil\u00e9 un chiffre d&rsquo;affaires au deuxi\u00e8me trimestre en retrait de 5,6% \u00e0 101,3 millions d&rsquo;euros \u00ab\u00a0dans un environnement de march\u00e9 toujours difficile\u00a0\u00bb. Sur l&rsquo;ensemble du premier semestre 2025, le chiffre d&rsquo;affaires du sp\u00e9cialiste des mat\u00e9riaux de construction s&rsquo;\u00e9l\u00e8ve \u00e0 198,9 millions d&rsquo;euros, en retrait de 7,1%. Dans un march\u00e9 qui peine \u00e0 amorcer une reprise claire et rapide, le groupe \u00ab\u00a0reste mobilis\u00e9 pour consolider ses fondamentaux et cr\u00e9er les conditions n\u00e9cessaires afin de b\u00e9n\u00e9ficier pleinement du rebond \u00e0 venir du secteur\u00a0\u00bb.\n<\/p>\n<p>\n <strong><br \/>\n  <a href=\"https:\/\/www.boursorama.com\/cours\/1rPICAD\/\" rel=\"nofollow noopener\" target=\"_blank\"><br \/>\n   Icade<br \/>\n  <\/a><br \/>\n <\/strong>\n<\/p>\n<p>\n Le groupe immobilier signalera ses r\u00e9sultats du premier semestre.\n<\/p>\n<p>\n <strong><br \/>\n  <a href=\"https:\/\/www.boursorama.com\/cours\/1rPIDL\/\" rel=\"nofollow noopener\" target=\"_blank\"><br \/>\n   ID Logistics<br \/>\n  <\/a><br \/>\n <\/strong>\n<\/p>\n<p>\n L&rsquo;entreprise d\u00e9di\u00e9e \u00e0 la logistique contractuelle publiera son chiffre d&rsquo;affaires du deuxi\u00e8me trimestre.\n<\/p>\n<p>\n <strong><br \/>\n  <a href=\"https:\/\/www.boursorama.com\/cours\/1rPIPS\/\" rel=\"nofollow noopener\" target=\"_blank\"><br \/>\n   Ipsos<br \/>\n  <\/a><br \/>\n <\/strong>\n<\/p>\n<p>\n La soci\u00e9t\u00e9 sp\u00e9cialis\u00e9e dans les \u00e9tudes de march\u00e9 d\u00e9voilera ses r\u00e9sultats du premier semestre.\n<\/p>\n<p>\n <strong><br \/>\n  Lacroix<br \/>\n <\/strong>\n<\/p>\n<p>\n Le sp\u00e9cialiste des \u00e9quipements et des technologies connect\u00e9s pr\u00e9cisera son chiffre d&rsquo;affaires du premier semestre.\n<\/p>\n<p>\n <strong><br \/>\n  Riber<br \/>\n <\/strong>\n<\/p>\n<p>\n L&rsquo;\u00e9quipementier pour le secteur des semi-conducteurs livrera son chiffre d&rsquo;affaires du premier semestre.\n<\/p>\n<p>\n <strong><br \/>\n  Roche Bobois<br \/>\n <\/strong>\n<\/p>\n<p>\n Roche Bobois a fait \u00e9tat d&rsquo;un chiffre d&rsquo;affaires en hausse de 1,1% \u00e0 206 millions d&rsquo;euros au premier semestre 2025. Le sp\u00e9cialiste de l&rsquo;ameublement haut de gamme, compte tenu de l&rsquo;\u00e9volution d\u00e9favorable de la parit\u00e9 euro-dollar et dans un contexte d&rsquo;incertitudes li\u00e9 aux droits de douane aux Etats-Unis, ajuste par prudence ses objectifs 2025 et vise d\u00e9sormais un chiffre d&rsquo;affaires annuel stable et un Ebitda stable voire en l\u00e9ger repli par rapport \u00e0 2024.\n<\/p>\n<p>\n <strong><br \/>\n  <a href=\"https:\/\/www.boursorama.com\/cours\/1rPSK\/\" rel=\"nofollow noopener\" target=\"_blank\"><br \/>\n   Seb<br \/>\n  <\/a><br \/>\n <\/strong>\n<\/p>\n<p>\n Le sp\u00e9cialiste du petit \u00e9lectrom\u00e9nager communiquera ses r\u00e9sultats du premier semestre.\n<\/p>\n<p>\n <strong><br \/>\n  <a href=\"https:\/\/www.boursorama.com\/cours\/1rPSOI\/\" rel=\"nofollow noopener\" target=\"_blank\"><br \/>\n   Soitec<br \/>\n  <\/a><br \/>\n <\/strong>\n<\/p>\n<p>\n Soitec a g\u00e9n\u00e9r\u00e9 un chiffre d&rsquo;affaires de 92 millions d&rsquo;euros au premier trimestre, en baisse organique de 16%. \u00a0\u00bb Comme attendu \u00ab\u00a0, explique le sp\u00e9cialiste des mat\u00e9riaux semi-conducteurs, cette baisse \u00a0\u00bb refl\u00e8te la poursuite de l&rsquo;ajustement des stocks de RF-SOI chez les clients, la faiblesse du march\u00e9 automobile et l&rsquo;impact de l&rsquo;arr\u00eat programm\u00e9 de la premi\u00e8re g\u00e9n\u00e9ration d&rsquo;Imager-SOI, partiellement compens\u00e9s par une forte dynamique des ventes de Photonics-SOI \u00ab\u00a0. Il a chut\u00e9 de 24% en donn\u00e9es publi\u00e9es. Soitec anticipait une baisse de 20% \u00e0 p\u00e9rim\u00e8tre et taux de change constants.\n<\/p>\n<p>\n <strong><br \/>\n  Solutions30<br \/>\n <\/strong>\n<\/p>\n<p>\n Le sp\u00e9cialiste des solutions pour les nouvelles technologies pr\u00e9sentera son chiffre d&rsquo;affaires du premier semestre.\n<\/p>\n<p>\n <strong><br \/>\n  <a href=\"https:\/\/www.boursorama.com\/cours\/1rPHO\/\" rel=\"nofollow noopener\" target=\"_blank\"><br \/>\n   Thales<br \/>\n  <\/a><br \/>\n <\/strong>\n<\/p>\n<p>\n Le groupe de d\u00e9fense signalera ses r\u00e9sultats du premier semestre.\n<\/p>\n<p>\n <strong><br \/>\n  <a href=\"https:\/\/www.boursorama.com\/cours\/1rPUBI\/\" rel=\"nofollow noopener\" target=\"_blank\"><br \/>\n   Ubisoft<br \/>\n  <\/a><br \/>\n <\/strong>\n<\/p>\n<p>\n Ubisoft a confirm\u00e9 ses objectifs annuels \u00e0 l&rsquo;occasion de la publication des revenus du premier trimestre. Sur l&rsquo;exercice 2025-26, l&rsquo;\u00e9diteur de jeux vid\u00e9o vise un net bookings stable &#8211; l&rsquo;\u00e9quivalent du chiffre d&rsquo;affaires &#8211; (1,846 milliard d&rsquo;euros), ainsi qu&rsquo;un r\u00e9sultat op\u00e9rationnel ajust\u00e9 proche de l&rsquo;\u00e9quilibre et un free cash-flow n\u00e9gatif. Suite \u00e0 la cl\u00f4ture de la transaction avec Tencent, le groupe pr\u00e9voit de maintenir une position de dette nette non-IFRS consolid\u00e9e autour de z\u00e9ro. Le net bookings du deuxi\u00e8me trimestre 2025-26 est attendu aux alentours de 450 millions d&rsquo;euros.\n<\/p>\n<p>\n <strong><br \/>\n  <a href=\"https:\/\/www.boursorama.com\/cours\/1rPVIV\/\" rel=\"nofollow noopener\" target=\"_blank\"><br \/>\n   Vivendi<br \/>\n  <\/a><br \/>\n <\/strong>\n<\/p>\n<p>\n Le groupe de communication alertera sur ses r\u00e9sultats du premier semestre.\n<\/p>\n<p>\n <strong><br \/>\n  <a href=\"https:\/\/www.boursorama.com\/cours\/1rPVLTSA\/\" rel=\"nofollow noopener\" target=\"_blank\"><br \/>\n   Voltalia<br \/>\n  <\/a><br \/>\n <\/strong>\n<\/p>\n<p>\n Le sp\u00e9cialiste des \u00e9nergies renouvelables d\u00e9voilera son chiffre d&rsquo;affaires du premier semestre.<\/p>\n","protected":false},"excerpt":{"rendered":"(AOF) &#8211; Alstom Le sp\u00e9cialiste de la mobilit\u00e9 durable et intelligente annoncera son chiffre d&rsquo;affaires du premier trimestre.&hellip;\n","protected":false},"author":2,"featured_media":2956,"comment_status":"","ping_status":"","sticky":false,"template":"","format":"standard","meta":{"footnotes":""},"categories":[1888],"tags":[400,1111,1928,11,1927,398,408,405,1777,674,1011,27,403,402,399,404,12,1926,626,1925,25,401,406,407],"class_list":{"0":"post-266077","1":"post","2":"type-post","3":"status-publish","4":"format-standard","5":"has-post-thumbnail","7":"category-paris","8":"tag-action-cac-40","9":"tag-actu","10":"tag-actu-paris","11":"tag-actualites","12":"tag-actualites-paris","13":"tag-bourse-de-paris","14":"tag-boursorama","15":"tag-cotations","16":"tag-eu","17":"tag-europe","18":"tag-fr","19":"tag-france","20":"tag-indices-devises","21":"tag-investir","22":"tag-investissement","23":"tag-marche-boursier","24":"tag-news","25":"tag-news-paris","26":"tag-paris","27":"tag-paris-news","28":"tag-republique-francaise","29":"tag-sicav","30":"tag-trackers","31":"tag-warrants"},"share_on_mastodon":{"url":"https:\/\/pubeurope.com\/@fr\/114898014257267645","error":""},"_links":{"self":[{"href":"https:\/\/www.europesays.com\/fr\/wp-json\/wp\/v2\/posts\/266077","targetHints":{"allow":["GET"]}}],"collection":[{"href":"https:\/\/www.europesays.com\/fr\/wp-json\/wp\/v2\/posts"}],"about":[{"href":"https:\/\/www.europesays.com\/fr\/wp-json\/wp\/v2\/types\/post"}],"author":[{"embeddable":true,"href":"https:\/\/www.europesays.com\/fr\/wp-json\/wp\/v2\/users\/2"}],"replies":[{"embeddable":true,"href":"https:\/\/www.europesays.com\/fr\/wp-json\/wp\/v2\/comments?post=266077"}],"version-history":[{"count":0,"href":"https:\/\/www.europesays.com\/fr\/wp-json\/wp\/v2\/posts\/266077\/revisions"}],"wp:featuredmedia":[{"embeddable":true,"href":"https:\/\/www.europesays.com\/fr\/wp-json\/wp\/v2\/media\/2956"}],"wp:attachment":[{"href":"https:\/\/www.europesays.com\/fr\/wp-json\/wp\/v2\/media?parent=266077"}],"wp:term":[{"taxonomy":"category","embeddable":true,"href":"https:\/\/www.europesays.com\/fr\/wp-json\/wp\/v2\/categories?post=266077"},{"taxonomy":"post_tag","embeddable":true,"href":"https:\/\/www.europesays.com\/fr\/wp-json\/wp\/v2\/tags?post=266077"}],"curies":[{"name":"wp","href":"https:\/\/api.w.org\/{rel}","templated":true}]}}