{"id":266080,"date":"2025-07-22T17:16:17","date_gmt":"2025-07-22T17:16:17","guid":{"rendered":"https:\/\/www.europesays.com\/fr\/266080\/"},"modified":"2025-07-22T17:16:17","modified_gmt":"2025-07-22T17:16:17","slug":"la-bourse-de-paris-termine-en-recul-22-07-2025-a-1848","status":"publish","type":"post","link":"https:\/\/www.europesays.com\/fr\/266080\/","title":{"rendered":"La Bourse de Paris termine en recul &#8211; 22\/07\/2025 \u00e0 18:48"},"content":{"rendered":"<p>        <img fetchpriority=\"high\" decoding=\"async\" src=\"https:\/\/www.europesays.com\/fr\/wp-content\/uploads\/2025\/06\/72389d91e15f3820d7c744b25c376a03-760x392.jpg\" alt=\"La salle de contr\u00f4le d'Euronext, soci\u00e9t\u00e9 qui g\u00e8re la Bourse de Paris ( AFP \/ ERIC PIERMONT )\" loading=\"eager\" width=\"760\" height=\"392\" style=\"max-width: 100%!important; height: auto;\"\/><\/p>\n<p class=\"c-image-news__legend\">La salle de contr\u00f4le d&rsquo;Euronext, soci\u00e9t\u00e9 qui g\u00e8re la Bourse de Paris ( AFP \/ ERIC PIERMONT )<\/p>\n<p>\n La Bourse de Paris a fini dans le rouge mardi, attentiste avant la publication d&rsquo;une salve de r\u00e9sultats d&rsquo;entreprises, qui donneront des \u00e9l\u00e9ments sur l&rsquo;impact des droits de douane am\u00e9ricains.\n<\/p>\n<p>\n L&rsquo;indice vedette CAC 40 a c\u00e9d\u00e9 0,69%, soit 53,81 points \u00e0 7.744,41 points. La veille, l&rsquo;indice phare de la place parisienne avait conclu la s\u00e9ance en repli de 0,31%.\n<\/p>\n<p>\n \u00ab\u00a0La saison de la publication des r\u00e9sultats s&rsquo;intensifie cette semaine\u00a0\u00bb, commente Valentin Urrutiaguer, responsable de la gestion multi-actifs \u00e0 Auris Gestion. Elles permettront \u00ab\u00a0aux investisseurs d&rsquo;avoir davantage de visibilit\u00e9 sur les premiers impacts des droits de douane\u00a0\u00bb, a-t-il poursuivi.\n<\/p>\n<p>\n Les r\u00e9sultats de 189 des entreprises cot\u00e9es sur l&rsquo;indice paneurop\u00e9en Stoxx Europe 600 sont publi\u00e9s cette semaine.\n<\/p>\n<p>\n A Paris, apr\u00e8s la cl\u00f4ture de la Bourse mardi, les investisseurs prendront connaissance des r\u00e9sultats du sp\u00e9cialiste des jeux vid\u00e9os Ubisoft, de l&rsquo;entreprise de d\u00e9fense Dassault Aviation et du groupe de semi-conducteurs Soitec.\n<\/p>\n<p>\n Les investisseurs seront ensuite, au fil de la semaine, attentifs aux publications du g\u00e9ant du luxe LVMH, de l&rsquo;\u00e9nerg\u00e9ticien TotalEnergies et du groupe bancaire BNP Paribas.\n<\/p>\n<p>\n Outre les r\u00e9sultats, \u00ab\u00a0les march\u00e9s s&rsquo;inqui\u00e8tent de ce que sera l&rsquo;accord commercial entre l&rsquo;Union europ\u00e9enne et les \u00c9tats-Unis avant la date butoir du 1er ao\u00fbt\u00a0\u00bb, note Jim Reid, \u00e9conomiste de Deutsche Bank, Donald Trump ayant d\u00e9cid\u00e9 d&rsquo;imposer des droits de douane de 30% aux produits import\u00e9s de l&rsquo;UE aux \u00c9tats-Unis.\n<\/p>\n<p>\n \u00ab\u00a0L&rsquo;absence de progr\u00e8s concrets continue de faire h\u00e9siter les investisseurs\u00a0\u00bb, poursuit-il.\n<\/p>\n<p>\n La France a r\u00e9clam\u00e9 mardi plus de fermet\u00e9 \u00e0 l&rsquo;Union europ\u00e9enne dans ses n\u00e9gociations.\n<\/p>\n<p>\n \u00ab\u00a0La position de l&rsquo;Europe doit \u00eatre une position de n\u00e9gociation, mais \u00e9galement une position de fermet\u00e9\u00a0\u00bb, a estim\u00e9 le ministre de l\u2019Industrie Marc Ferracci, \u00e0 l&rsquo;issue d&rsquo;un conseil rassemblant les repr\u00e9sentants des principales fili\u00e8res industrielles ainsi que des organisations syndicales et patronales.\n<\/p>\n<p>\n C\u00f4t\u00e9 valeurs, le vendeur fran\u00e7ais d&rsquo;\u00e9lectrom\u00e9nager Seb a chut\u00e9 de 8,16% \u00e0 73,15 euros, apr\u00e8s une r\u00e9vision \u00e0 la baisse de la recommandation des analystes de Berenberg, passant de \u00ab\u00a0acheter\u00a0\u00bb \u00e0 \u00ab\u00a0conserver\u00a0\u00bb, en raison notamment des l&rsquo;impact attendu des droits de douane am\u00e9ricains.\n<\/p>\n<p>\n Euronext CAC40<\/p>\n","protected":false},"excerpt":{"rendered":"La salle de contr\u00f4le d&rsquo;Euronext, soci\u00e9t\u00e9 qui g\u00e8re la Bourse de Paris ( AFP \/ ERIC PIERMONT )&hellip;\n","protected":false},"author":2,"featured_media":200284,"comment_status":"","ping_status":"","sticky":false,"template":"","format":"standard","meta":{"footnotes":""},"categories":[1888],"tags":[400,11,398,408,405,1777,674,1011,27,403,402,399,404,12,626,25,401,406,407],"class_list":{"0":"post-266080","1":"post","2":"type-post","3":"status-publish","4":"format-standard","5":"has-post-thumbnail","7":"category-paris","8":"tag-action-cac-40","9":"tag-actualites","10":"tag-bourse-de-paris","11":"tag-boursorama","12":"tag-cotations","13":"tag-eu","14":"tag-europe","15":"tag-fr","16":"tag-france","17":"tag-indices-devises","18":"tag-investir","19":"tag-investissement","20":"tag-marche-boursier","21":"tag-news","22":"tag-paris","23":"tag-republique-francaise","24":"tag-sicav","25":"tag-trackers","26":"tag-warrants"},"share_on_mastodon":{"url":"https:\/\/pubeurope.com\/@fr\/114898022304091038","error":""},"_links":{"self":[{"href":"https:\/\/www.europesays.com\/fr\/wp-json\/wp\/v2\/posts\/266080","targetHints":{"allow":["GET"]}}],"collection":[{"href":"https:\/\/www.europesays.com\/fr\/wp-json\/wp\/v2\/posts"}],"about":[{"href":"https:\/\/www.europesays.com\/fr\/wp-json\/wp\/v2\/types\/post"}],"author":[{"embeddable":true,"href":"https:\/\/www.europesays.com\/fr\/wp-json\/wp\/v2\/users\/2"}],"replies":[{"embeddable":true,"href":"https:\/\/www.europesays.com\/fr\/wp-json\/wp\/v2\/comments?post=266080"}],"version-history":[{"count":0,"href":"https:\/\/www.europesays.com\/fr\/wp-json\/wp\/v2\/posts\/266080\/revisions"}],"wp:featuredmedia":[{"embeddable":true,"href":"https:\/\/www.europesays.com\/fr\/wp-json\/wp\/v2\/media\/200284"}],"wp:attachment":[{"href":"https:\/\/www.europesays.com\/fr\/wp-json\/wp\/v2\/media?parent=266080"}],"wp:term":[{"taxonomy":"category","embeddable":true,"href":"https:\/\/www.europesays.com\/fr\/wp-json\/wp\/v2\/categories?post=266080"},{"taxonomy":"post_tag","embeddable":true,"href":"https:\/\/www.europesays.com\/fr\/wp-json\/wp\/v2\/tags?post=266080"}],"curies":[{"name":"wp","href":"https:\/\/api.w.org\/{rel}","templated":true}]}}