{"id":266081,"date":"2025-07-22T17:17:20","date_gmt":"2025-07-22T17:17:20","guid":{"rendered":"https:\/\/www.europesays.com\/fr\/266081\/"},"modified":"2025-07-22T17:17:20","modified_gmt":"2025-07-22T17:17:20","slug":"story-3-barrot-accentuer-la-pression-sur-la-russie","status":"publish","type":"post","link":"https:\/\/www.europesays.com\/fr\/266081\/","title":{"rendered":"Story 3 : Barrot, \u00ab\u00a0Accentuer la pression sur la Russie\u00a0\u00bb"},"content":{"rendered":"<p>Story 3 : Barrot, \u00ab\u00a0Accentuer la pression sur la Russie\u00a0\u00bb &#8211; 22\/07Sur le m\u00eame sujet<a href=\"https:\/\/www.bfmtv.com\/replay-emissions\/bfm-story\/video-story-5-fillette-fauchee-a-velo-une-octogenaire-condamnee-22-07_VN-202507220493.html\" title=\"Story 5 : Fillette fauch\u00e9e \u00e0 v\u00e9lo, une octog\u00e9naire condamn\u00e9e - 22\/07\" rel=\"nofollow noopener\" target=\"_blank\"><img width=\"16\" height=\"9\" class=\"lozad\"  alt=\"Story 5 : Fillette fauch\u00e9e \u00e0 v\u00e9lo, une octog\u00e9naire condamn\u00e9e - 22\/07\"\/>11:10Story 5 : Fillette fauch\u00e9e \u00e0 v\u00e9lo, une octog\u00e9naire condamn\u00e9e &#8211; 22\/07<\/a><a href=\"https:\/\/www.bfmtv.com\/replay-emissions\/bfm-story\/video-story-4-17-premiers-narcotrafiquants-transferes-dans-une-prison-de-haute-securite-22-07_VN-202507220490.html\" title=\"Story 4 : &quot;17 premiers narcotrafiquants&quot; transf\u00e9r\u00e9s dans une prison de haute s\u00e9curit\u00e9 - 22\/07\" rel=\"nofollow noopener\" target=\"_blank\"><img width=\"16\" height=\"9\" class=\"lozad\"  alt=\"Story 4 : &quot;17 premiers narcotrafiquants&quot; transf\u00e9r\u00e9s dans une prison de haute s\u00e9curit\u00e9 - 22\/07\"\/>17:11Story 4 : \u00ab\u00a017 premiers narcotrafiquants\u00a0\u00bb transf\u00e9r\u00e9s dans une prison de haute s\u00e9curit\u00e9 &#8211; 22\/07<\/a><a href=\"https:\/\/www.bfmtv.com\/replay-emissions\/bfm-story\/video-story-2-rachida-dati-renvoyee-en-proces-pour-corruption-22-07_VN-202507220476.html\" title=\"Story 2 : Rachida Dati renvoy\u00e9e en proc\u00e8s pour corruption - 22\/07 \" rel=\"nofollow noopener\" target=\"_blank\"><img width=\"16\" height=\"9\" class=\"lozad\"  alt=\"Story 2 : Rachida Dati renvoy\u00e9e en proc\u00e8s pour corruption - 22\/07 \"\/>11:22Story 2 : Rachida Dati renvoy\u00e9e en proc\u00e8s pour corruption &#8211; 22\/07<\/a><a href=\"https:\/\/www.bfmtv.com\/replay-emissions\/bfm-story\/video-story-3-barrot-accentuer-la-pression-sur-la-russie-22-07_VN-202507220475.html\" title=\"Story 3 : Barrot, &quot;Accentuer la pression sur la Russie&quot; - 22\/07\" rel=\"nofollow noopener\" target=\"_blank\"><img width=\"16\" height=\"9\" class=\"lozad\"  alt=\"Story 3 : Barrot, &quot;Accentuer la pression sur la Russie&quot; - 22\/07\"\/>en lectureStory 3 : Barrot, \u00ab\u00a0Accentuer la pression sur la Russie\u00a0\u00bb &#8211; 22\/07<\/a><a href=\"https:\/\/www.bfmtv.com\/replay-emissions\/bfm-story\/video-story-1-epstein-c-est-une-chasse-aux-sorcieres-trump-22-07_VN-202507220461.html\" title=\"Story 1 : Epstein, \u201cc\u2019est une chasse aux sorci\u00e8res\u201d (Trump) - 22\/07\" rel=\"nofollow noopener\" target=\"_blank\"><img width=\"16\" height=\"9\" class=\"lozad\"  alt=\"Story 1 : Epstein, \u201cc\u2019est une chasse aux sorci\u00e8res\u201d (Trump) - 22\/07\"\/>3:35Story 1 : Epstein, \u201cc\u2019est une chasse aux sorci\u00e8res\u201d (Trump) &#8211; 22\/07<\/a><a href=\"https:\/\/www.bfmtv.com\/replay-emissions\/bfm-story\/video-story-7-faces-aux-violences-un-couvre-feu-suffisant-21-07_VN-202507210500.html\" title=\"Story 7 : Faces aux violences, un couvre-feu suffisant ? - 21\/07\" rel=\"nofollow noopener\" target=\"_blank\"><img width=\"16\" height=\"9\" class=\"lozad\"  alt=\"Story 7 : Faces aux violences, un couvre-feu suffisant ? - 21\/07\"\/>20:12Story 7 : Faces aux violences, un couvre-feu suffisant ? &#8211; 21\/07<\/a><a href=\"https:\/\/www.bfmtv.com\/replay-emissions\/bfm-story\/video-story-6-compagne-jubillar-revelations-ou-affabulations-21-07_VN-202507210491.html\" title=\"Story 6 : Compagne\/Jubillar, r\u00e9v\u00e9lations ou affabulations ? - 21\/07\" rel=\"nofollow noopener\" target=\"_blank\"><img width=\"16\" height=\"9\" class=\"lozad\"  alt=\"Story 6 : Compagne\/Jubillar, r\u00e9v\u00e9lations ou affabulations ? - 21\/07\"\/>13:24Story 6 : Compagne\/Jubillar, r\u00e9v\u00e9lations ou affabulations ? &#8211; 21\/07<\/a><a href=\"https:\/\/www.bfmtv.com\/replay-emissions\/bfm-story\/video-story-5-segolene-royal-j-ai-signe-la-petition-duplomb-21-07_VN-202507210489.html\" title=\"Story 5 : S\u00e9gol\u00e8ne Royal, &quot;J&#039;ai sign\u00e9 la p\u00e9tition&quot; Duplomb - 21\/07\" rel=\"nofollow noopener\" target=\"_blank\"><img width=\"16\" height=\"9\" class=\"lozad\"  alt=\"Story 5 : S\u00e9gol\u00e8ne Royal, &quot;J'ai sign\u00e9 la p\u00e9tition&quot; Duplomb - 21\/07\"\/>16:01Story 5 : S\u00e9gol\u00e8ne Royal, \u00ab\u00a0J&rsquo;ai sign\u00e9 la p\u00e9tition\u00a0\u00bb Duplomb &#8211; 21\/07<\/a><a href=\"https:\/\/www.bfmtv.com\/replay-emissions\/bfm-story\/video-story-4-petition-quel-avenir-pour-la-loi-duplomb-21-07_VN-202507210472.html\" title=\"Story 4 : P\u00e9tition, quel avenir pour la loi Duplomb ? - 21\/07\" rel=\"nofollow noopener\" target=\"_blank\"><img width=\"16\" height=\"9\" class=\"lozad\"  alt=\"Story 4 : P\u00e9tition, quel avenir pour la loi Duplomb ? - 21\/07\"\/>11:05Story 4 : P\u00e9tition, quel avenir pour la loi Duplomb ? &#8211; 21\/07<\/a><a href=\"https:\/\/www.bfmtv.com\/replay-emissions\/bfm-story\/video-story-3-a-nimes-un-couvre-feu-pour-les-mineurs-21-07_VN-202507210466.html\" title=\"Story 3 : \u00e0 N\u00eemes, un couvre-feu pour les mineurs - 21\/07\" rel=\"nofollow noopener\" target=\"_blank\"><img width=\"16\" height=\"9\" class=\"lozad\"  alt=\"Story 3 : \u00e0 N\u00eemes, un couvre-feu pour les mineurs - 21\/07\"\/>15:56Story 3 : \u00e0 N\u00eemes, un couvre-feu pour les mineurs &#8211; 21\/07<\/a><a href=\"https:\/\/www.bfmtv.com\/replay-emissions\/bfm-story\/video-story-2-violences-urbaines-crs-deployes-et-couvre-feu-21-07_VN-202507210454.html\" title=\"Story 2 : Violences urbaines, CRS d\u00e9ploy\u00e9s et couvre-feu - 21\/07\" rel=\"nofollow noopener\" target=\"_blank\"><img width=\"16\" height=\"9\" class=\"lozad\"  alt=\"Story 2 : Violences urbaines, CRS d\u00e9ploy\u00e9s et couvre-feu - 21\/07\"\/>12:53Story 2 : Violences urbaines, CRS d\u00e9ploy\u00e9s et couvre-feu &#8211; 21\/07<\/a><a href=\"https:\/\/www.bfmtv.com\/replay-emissions\/bfm-story\/video-story-1-jubillar-la-justice-decide-de-rouvrir-l-enquete-21-07_VN-202507210445.html\" title=\"Story 1 : Jubillar, la justice d\u00e9cide de rouvrir l&#039;enqu\u00eate - 21\/07\" rel=\"nofollow noopener\" target=\"_blank\"><img width=\"16\" height=\"9\" class=\"lozad\"  alt=\"Story 1 : Jubillar, la justice d\u00e9cide de rouvrir l'enqu\u00eate - 21\/07\"\/>10:51Story 1 : Jubillar, la justice d\u00e9cide de rouvrir l&rsquo;enqu\u00eate &#8211; 21\/07<\/a><a href=\"https:\/\/www.bfmtv.com\/replay-emissions\/bfm-story\/video-story-7-la-mauvaise-semaine-de-donald-trump-18-07_VN-202507180494.html\" title=\"Story 7 : La mauvaise semaine de Donald Trump - 18\/07\" rel=\"nofollow noopener\" target=\"_blank\"><img width=\"16\" height=\"9\" class=\"lozad\"  alt=\"Story 7 : La mauvaise semaine de Donald Trump - 18\/07\"\/>15:14Story 7 : La mauvaise semaine de Donald Trump &#8211; 18\/07<\/a><a href=\"https:\/\/www.bfmtv.com\/replay-emissions\/bfm-story\/video-story-6-martigues-le-feu-continu-mais-pas-fixe-18-07_VN-202507180488.html\" title=\"Story 6 : Martigues, le feu &quot;continu&quot; mais pas fix\u00e9 - 18\/07\" rel=\"nofollow noopener\" target=\"_blank\"><img width=\"16\" height=\"9\" class=\"lozad\"  alt=\"Story 6 : Martigues, le feu &quot;continu&quot; mais pas fix\u00e9 - 18\/07\"\/>13:45Story 6 : Martigues, le feu \u00ab\u00a0continu\u00a0\u00bb mais pas fix\u00e9 &#8211; 18\/07<\/a><a class=\"jumpToVideo\" target=\"_blank\"><img class=\"thumbnailPreview\"\/><\/a><\/p>\n","protected":false},"excerpt":{"rendered":"Story 3 : Barrot, \u00ab\u00a0Accentuer la pression sur la Russie\u00a0\u00bb &#8211; 22\/07Sur le m\u00eame sujet11:10Story 5 : Fillette&hellip;\n","protected":false},"author":2,"featured_media":266082,"comment_status":"","ping_status":"","sticky":false,"template":"","format":"standard","meta":{"footnotes":""},"categories":[1591],"tags":[11,1887,12,1885,1886,132],"class_list":{"0":"post-266081","1":"post","2":"type-post","3":"status-publish","4":"format-standard","5":"has-post-thumbnail","7":"category-russie","8":"tag-actualites","9":"tag-federation-de-russie","10":"tag-news","11":"tag-russia","12":"tag-russian-federation","13":"tag-russie"},"share_on_mastodon":{"url":"https:\/\/pubeurope.com\/@fr\/114898026073416837","error":""},"_links":{"self":[{"href":"https:\/\/www.europesays.com\/fr\/wp-json\/wp\/v2\/posts\/266081","targetHints":{"allow":["GET"]}}],"collection":[{"href":"https:\/\/www.europesays.com\/fr\/wp-json\/wp\/v2\/posts"}],"about":[{"href":"https:\/\/www.europesays.com\/fr\/wp-json\/wp\/v2\/types\/post"}],"author":[{"embeddable":true,"href":"https:\/\/www.europesays.com\/fr\/wp-json\/wp\/v2\/users\/2"}],"replies":[{"embeddable":true,"href":"https:\/\/www.europesays.com\/fr\/wp-json\/wp\/v2\/comments?post=266081"}],"version-history":[{"count":0,"href":"https:\/\/www.europesays.com\/fr\/wp-json\/wp\/v2\/posts\/266081\/revisions"}],"wp:featuredmedia":[{"embeddable":true,"href":"https:\/\/www.europesays.com\/fr\/wp-json\/wp\/v2\/media\/266082"}],"wp:attachment":[{"href":"https:\/\/www.europesays.com\/fr\/wp-json\/wp\/v2\/media?parent=266081"}],"wp:term":[{"taxonomy":"category","embeddable":true,"href":"https:\/\/www.europesays.com\/fr\/wp-json\/wp\/v2\/categories?post=266081"},{"taxonomy":"post_tag","embeddable":true,"href":"https:\/\/www.europesays.com\/fr\/wp-json\/wp\/v2\/tags?post=266081"}],"curies":[{"name":"wp","href":"https:\/\/api.w.org\/{rel}","templated":true}]}}