{"id":266085,"date":"2025-07-22T17:19:14","date_gmt":"2025-07-22T17:19:14","guid":{"rendered":"https:\/\/www.europesays.com\/fr\/266085\/"},"modified":"2025-07-22T17:19:14","modified_gmt":"2025-07-22T17:19:14","slug":"le-club-usa-des-indices-en-forte-progression","status":"publish","type":"post","link":"https:\/\/www.europesays.com\/fr\/266085\/","title":{"rendered":"Le Club : USA, des indices en forte progression"},"content":{"rendered":"<p><img loading=\"lazy\" decoding=\"async\" src=\"https:\/\/www.europesays.com\/fr\/wp-content\/uploads\/2025\/07\/Le-Club-USA-des-indices-en-forte-progression-22-07-2114606.webp.webp\" width=\"1200\" height=\"675\" alt=\"placeholder video\"\/><\/p>\n<p>Ce mardi 22 juillet, Xavier Patrolin, pr\u00e9sident d&rsquo;Albatros Capital, et Antoine Fraysse-Soulier, responsable de l&rsquo;analyse des March\u00e9s chez eToro, se sont pench\u00e9s sur la forte progression des indices am\u00e9ricains, l&rsquo;abaissement des pr\u00e9visions chez Lockheed Martin, la sanction de l\u2019automobile par les droits de douane, le durcicement du cr\u00e9dit en zone euro, et la position de la BCE, dans l&rsquo;\u00e9mission BFM Bourse pr\u00e9sent\u00e9e par Aude Kersulec. BFM Bourse est \u00e0 voir ou \u00e9couter du lundi au vendredi sur BFM Business.<\/p>\n<p>Aujourd&rsquo;hui \u00e0 18h00 | Dur\u00e9e : 22:15<\/p>\n","protected":false},"excerpt":{"rendered":"Ce mardi 22 juillet, Xavier Patrolin, pr\u00e9sident d&rsquo;Albatros Capital, et Antoine Fraysse-Soulier, responsable de l&rsquo;analyse des March\u00e9s chez&hellip;\n","protected":false},"author":2,"featured_media":266086,"comment_status":"","ping_status":"","sticky":false,"template":"","format":"standard","meta":{"footnotes":""},"categories":[1589],"tags":[11,73,1866,12,1864,1865,1863,308],"class_list":{"0":"post-266085","1":"post","2":"type-post","3":"status-publish","4":"format-standard","5":"has-post-thumbnail","7":"category-etats-unis","8":"tag-actualites","9":"tag-etats-unis","10":"tag-etats-unis-damerique","11":"tag-news","12":"tag-united-states","13":"tag-united-states-of-america","14":"tag-us","15":"tag-usa"},"share_on_mastodon":{"url":"https:\/\/pubeurope.com\/@fr\/114898034027181191","error":""},"_links":{"self":[{"href":"https:\/\/www.europesays.com\/fr\/wp-json\/wp\/v2\/posts\/266085","targetHints":{"allow":["GET"]}}],"collection":[{"href":"https:\/\/www.europesays.com\/fr\/wp-json\/wp\/v2\/posts"}],"about":[{"href":"https:\/\/www.europesays.com\/fr\/wp-json\/wp\/v2\/types\/post"}],"author":[{"embeddable":true,"href":"https:\/\/www.europesays.com\/fr\/wp-json\/wp\/v2\/users\/2"}],"replies":[{"embeddable":true,"href":"https:\/\/www.europesays.com\/fr\/wp-json\/wp\/v2\/comments?post=266085"}],"version-history":[{"count":0,"href":"https:\/\/www.europesays.com\/fr\/wp-json\/wp\/v2\/posts\/266085\/revisions"}],"wp:featuredmedia":[{"embeddable":true,"href":"https:\/\/www.europesays.com\/fr\/wp-json\/wp\/v2\/media\/266086"}],"wp:attachment":[{"href":"https:\/\/www.europesays.com\/fr\/wp-json\/wp\/v2\/media?parent=266085"}],"wp:term":[{"taxonomy":"category","embeddable":true,"href":"https:\/\/www.europesays.com\/fr\/wp-json\/wp\/v2\/categories?post=266085"},{"taxonomy":"post_tag","embeddable":true,"href":"https:\/\/www.europesays.com\/fr\/wp-json\/wp\/v2\/tags?post=266085"}],"curies":[{"name":"wp","href":"https:\/\/api.w.org\/{rel}","templated":true}]}}