{"id":266087,"date":"2025-07-22T17:20:09","date_gmt":"2025-07-22T17:20:09","guid":{"rendered":"https:\/\/www.europesays.com\/fr\/266087\/"},"modified":"2025-07-22T17:20:09","modified_gmt":"2025-07-22T17:20:09","slug":"les-actions-anti-immigration-a-epping-font-craindre-a-la-presse-britannique-une-poudriere","status":"publish","type":"post","link":"https:\/\/www.europesays.com\/fr\/266087\/","title":{"rendered":"Les actions anti-immigration \u00e0 Epping font craindre \u00e0 la presse britannique une \u201cpoudri\u00e8re\u201d"},"content":{"rendered":"\n<p>\u201cEpping Forest, ses arbres centenaires, son terrain de chasse royal, son site d\u2019int\u00e9r\u00eat scientifique particulier et\u2026 ses violents affrontements entre policiers et manifestants sur la question br\u00fblante de l\u2019accueil des migrants\u201d, <a class=\"ithalc\" data-ithal=\"lien_externe\" data-ithalc=\"[nav_article]\" target=\"_blank\" href=\"https:\/\/www.telegraph.co.uk\/news\/2025\/07\/21\/essex-anti-migrant-protests-epping\/\" rel=\"noopener\">\u00e9crit <strong>The\u00a0Telegraph<\/strong><\/a><strong>. <\/strong>Au centre de ces tensions, l\u2019h\u00f4tel Bell d\u2019Epping, utilis\u00e9 pour h\u00e9berger des demandeurs d\u2019asile depuis huit ans dans cette ville du comt\u00e9 d\u2019Essex, dans le nord-est de Londres. L\u2019affaire a d\u00e9but\u00e9 il y a neuf jours, et plusieurs manifestations ont eu lieu depuis lors, rapporte le quotidien conservateur.<\/p>\n<p>Tout a commenc\u00e9 le soir du 13\u00a0juillet, avec une manifestation de 300\u00a0personnes devant l\u2019h\u00f4tel Bell qui a d\u00e9g\u00e9n\u00e9r\u00e9 lorsque la police a d\u00fb intervenir pour s\u00e9parer deux hommes, <a class=\"ithalc\" data-ithal=\"lien_externe\" data-ithalc=\"[nav_article]\" target=\"_blank\" href=\"https:\/\/www.thetimes.com\/uk\/crime\/article\/asylum-seeker-sexually-assaulted-girl-days-after-boat-crossing-mz98t9s9x?region=global\" rel=\"noopener\">rapportait<strong> The Times<\/strong><\/a><strong>.<\/strong> Le sujet principal de ce rassemblement \u00e9tait les accusations d\u2019agression sexuelle portant sur l\u2019un des r\u00e9sidents de cet h\u00f4tel, un demandeur d\u2019asile de 38\u00a0ans, qui<strong> <\/strong>serait arriv\u00e9 sur les c\u00f4tes du Royaume-Uni \u00e0 bord d\u2019une embarcation huit jours avant les incidents pr\u00e9sum\u00e9s.<\/p>\n<p>Le jeudi 17\u00a0juillet, il a \u00e9t\u00e9 inculp\u00e9 pour trois chefs d\u2019accusation li\u00e9s \u00e0 des agressions sexuelles, notamment pour avoir tent\u00e9 d\u2019embrasser une adolescente de 14\u00a0ans. L\u2019homme, qui a ni\u00e9 les faits, a \u00e9t\u00e9 plac\u00e9 en d\u00e9tention provisoire avant un proc\u00e8s qui se tiendra en ao\u00fbt, au tri<\/p>\n","protected":false},"excerpt":{"rendered":"\u201cEpping Forest, ses arbres centenaires, son terrain de chasse royal, son site d\u2019int\u00e9r\u00eat scientifique particulier et\u2026 ses violents&hellip;\n","protected":false},"author":2,"featured_media":266088,"comment_status":"","ping_status":"","sticky":false,"template":"","format":"standard","meta":{"footnotes":""},"categories":[1588],"tags":[11,1777,674,19865,12,10162,473,1853,1857,1851,1850,1852],"class_list":{"0":"post-266087","1":"post","2":"type-post","3":"status-publish","4":"format-standard","5":"has-post-thumbnail","7":"category-royaume-uni","8":"tag-actualites","9":"tag-eu","10":"tag-europe","11":"tag-migrants-et-flux-migratoires","12":"tag-news","13":"tag-racisme","14":"tag-royaume-uni","15":"tag-royaume-uni-de-grande-bretagne-et-dirlande-du-nord","16":"tag-sociu00e9tu00e9","17":"tag-uk","18":"tag-united-kingdom","19":"tag-united-kingdom-of-great-britain-and-northern-ireland"},"share_on_mastodon":{"url":"https:\/\/pubeurope.com\/@fr\/114898037864727739","error":""},"_links":{"self":[{"href":"https:\/\/www.europesays.com\/fr\/wp-json\/wp\/v2\/posts\/266087","targetHints":{"allow":["GET"]}}],"collection":[{"href":"https:\/\/www.europesays.com\/fr\/wp-json\/wp\/v2\/posts"}],"about":[{"href":"https:\/\/www.europesays.com\/fr\/wp-json\/wp\/v2\/types\/post"}],"author":[{"embeddable":true,"href":"https:\/\/www.europesays.com\/fr\/wp-json\/wp\/v2\/users\/2"}],"replies":[{"embeddable":true,"href":"https:\/\/www.europesays.com\/fr\/wp-json\/wp\/v2\/comments?post=266087"}],"version-history":[{"count":0,"href":"https:\/\/www.europesays.com\/fr\/wp-json\/wp\/v2\/posts\/266087\/revisions"}],"wp:featuredmedia":[{"embeddable":true,"href":"https:\/\/www.europesays.com\/fr\/wp-json\/wp\/v2\/media\/266088"}],"wp:attachment":[{"href":"https:\/\/www.europesays.com\/fr\/wp-json\/wp\/v2\/media?parent=266087"}],"wp:term":[{"taxonomy":"category","embeddable":true,"href":"https:\/\/www.europesays.com\/fr\/wp-json\/wp\/v2\/categories?post=266087"},{"taxonomy":"post_tag","embeddable":true,"href":"https:\/\/www.europesays.com\/fr\/wp-json\/wp\/v2\/tags?post=266087"}],"curies":[{"name":"wp","href":"https:\/\/api.w.org\/{rel}","templated":true}]}}