{"id":266091,"date":"2025-07-22T17:22:15","date_gmt":"2025-07-22T17:22:15","guid":{"rendered":"https:\/\/www.europesays.com\/fr\/266091\/"},"modified":"2025-07-22T17:22:15","modified_gmt":"2025-07-22T17:22:15","slug":"leurope-termine-dans-le-rouge-apres-des-resultats-mitiges-inquietudes-commerciales","status":"publish","type":"post","link":"https:\/\/www.europesays.com\/fr\/266091\/","title":{"rendered":"L&rsquo;Europe termine dans le rouge apr\u00e8s des r\u00e9sultats mitig\u00e9s, inqui\u00e9tudes commerciales"},"content":{"rendered":"<p>\u00c0 Paris, le CAC 40 a perdu 0,69% \u00e0 53,81 points. Le Footsie britannique a c\u00e9d\u00e9 0,12% et le Dax allemand 1,15%, touchant en s\u00e9ance sa plus forte baisse depuis avril.      L&rsquo;indice EuroStoxx 50 a perdu 1,04% et le Stoxx 600 a chut\u00e9 de 0,46%.<\/p>\n<p>La hausse de l&rsquo;euro, qui a atteint jusqu&rsquo;\u00e0 9% sur le trimestre avril-juin, est surveill\u00e9e de pr\u00e8s en raison de son impact sur les b\u00e9n\u00e9fices des entreprises de l&rsquo;Union europ\u00e9enne, d\u00e9pendantes des exportations, alors que la saison des r\u00e9sultats sur le Vieux continent s&rsquo;appr\u00eate \u00e0 acc\u00e9l\u00e9rer. <\/p>\n<p>\u00ab\u00a0Si l&rsquo;on consid\u00e8re le produit int\u00e9rieur brut (PIB) nominal [des pays de l&rsquo;UE] et les ventes des entreprises europ\u00e9ennes, nous nous attendons \u00e0 une croissance assez modeste\u00a0\u00bb, a mis en garde Joost van Leenders, strat\u00e8ge en investissement senior chez Van Lanschot Kempen. <\/p>\n<p>Il souligne \u00e9galement la faiblesse du dollar et son effet direct qui conduit \u00e0 une baisse des attentes sur les b\u00e9n\u00e9fices.<\/p>\n<p>Une enqu\u00eate de la Banque centrale europ\u00e9enne (BCE) a montr\u00e9 lundi que, m\u00eame si les entreprises de la zone euro restent optimistes quant \u00e0 leurs perspectives de croissance, elles sont confront\u00e9es \u00e0 des pressions sur leurs b\u00e9n\u00e9fices en partie li\u00e9es aux tensions commerciales.<\/p>\n<p>VALEURS <\/p>\n<p>Le secteur europ\u00e9en de la Chimie a accus\u00e9 la plus forte baisse de la journ\u00e9e (1,15%), p\u00e9nalis\u00e9 par l&rsquo;abaissement par Akzo Nobel de son objectif annuel d&rsquo;Ebitda. <\/p>\n<p>Les actions des fabriquants de semi-conducteurs comme Infineon et ASML ont baiss\u00e9 respectivement de 1,98% et 3,48%, apr\u00e8s que leur homologue am\u00e9ricain NXP Semiconductor a publi\u00e9 de faibles r\u00e9sultats au deuxi\u00e8me trimestre.<\/p>\n<p>Sartorius Stedim Biotech a accus\u00e9 la plus forte baisse du STOXX 600, \u00e0 8,11%, apr\u00e8s avoir conserv\u00e9 ses perspectives annuelles malgr\u00e9 de solides r\u00e9sultats trimestriels. <\/p>\n<p>Le chocolatier suisse Lindt &amp; Spruengli a chut\u00e9 de 6,38% malgr\u00e9 une hausse de sa pr\u00e9vision de croissance organique des ventes apr\u00e8s un b\u00e9n\u00e9fice d&rsquo;exploitation trimestriel d\u00e9cevant. <\/p>\n<p>\u00c0 l&rsquo;oppos\u00e9, le sp\u00e9cialiste britannique de la restauration collective Compass s&rsquo;est affich\u00e9 en lanterne verte du STOXX 600 avec une hausse de 5,39%, apr\u00e8s avoir annonc\u00e9 le rachat de Vermaat Groep. <\/p>\n<p>Centrica a progress\u00e9 de 4,76% apr\u00e8s l&rsquo;approbation par le Royaume-Uni du projet de centrale nucl\u00e9aire Sizewell C dans l&rsquo;est de l&rsquo;Angleterre. L&rsquo;entreprise d\u00e9tient une participation de 15% dans le projet.<\/p>\n<p>A WALL STREET <\/p>\n<p>\u00c0 l&rsquo;heure de la cl\u00f4ture des march\u00e9s en Europe, la Bourse de New York avan\u00e7ait sans direction, avec une hausse de 0,1% pour le Dow Jones, un recul de 0,2% pour le Standard &amp; Poor&rsquo;s 500 et une baisse de 0,45% pour le Nasdaq Composite. <\/p>\n<p>Les valeurs \u00e0 suivre \u00e0 Wall Street :<\/p>\n<p>CHANGES<\/p>\n<p>Le dollar a recul\u00e9 mardi et le yen est l&rsquo;un des principaux gagnants face au billet vert, les investisseurs suivant de pr\u00e8s les discussions commerciales \u00e0 l&rsquo;approche de la date limite du 1er ao\u00fbt dans le dossier des droits de douane. <\/p>\n<p>Le dollar recule de 0,42% face \u00e0 un panier de devises de r\u00e9f\u00e9rence, tandis que l&rsquo;euro perd 0,15% \u00e0 1,1742 dollar.<\/p>\n<p>TAUX<\/p>\n<p>Les prix des obligations d&rsquo;Etat de la zone euro ont augment\u00e9 mardi, prolongeant de peu les gains de la veille obtenus lors d&rsquo;un rallye exacerb\u00e9 par une faible liquidit\u00e9 qui a fait chuter les rendements des obligations allemandes \u00e0 10 ans \u00e0 leur plus bas niveau en quatre mois.<\/p>\n<p>Le rendement du Bund allemand \u00e0 dix ans a perdu 3 points de base \u00e0 2,5880% et le deux ans 1,5 point de base \u00e0 1,7950%.<\/p>\n<p>Aux Etat-Unis, le rendement des Treasuries \u00e0 dix ans perd 3,4 points de base \u00e0 4,3361% et le deux ans 2,3 points de base \u00e0 3,8292%.<\/p>\n<p>P\u00c9TROLE<\/p>\n<p>Les prix du p\u00e9trole ont recul\u00e9 mardi pour la troisi\u00e8me s\u00e9ance cons\u00e9cutive. Les investisseurs craignent que la guerre commerciale qui couve entre les principaux consommateurs de brut, les Etats-Unis et l&rsquo;Union europ\u00e9enne, ne freine la croissance de la demande en r\u00e9duisant l&rsquo;activit\u00e9 \u00e9conomique.<\/p>\n<p>Le Brent d\u00e9cline de 0,8% \u00e0 68,63 dollars le baril, tandis que le brut l\u00e9ger am\u00e9ricain (West Texas Intermediate, WTI) perd 0,8% \u00e0 66,36 dollars<\/p>\n<p>A SUIVRE mercredi : <\/p>\n<p>LA SITUATION SUR LES MARCH\u00c9S<\/p>\n<p>(Certaines donn\u00e9es peuvent accuser un l\u00e9ger d\u00e9calage)<\/p>\n<p> (Version fran\u00e7aise Kate Entringer, \u00e9dit\u00e9 par Augustin Turpin)<\/p>\n","protected":false},"excerpt":{"rendered":"\u00c0 Paris, le CAC 40 a perdu 0,69% \u00e0 53,81 points. Le Footsie britannique a c\u00e9d\u00e9 0,12% et&hellip;\n","protected":false},"author":2,"featured_media":266092,"comment_status":"","ping_status":"","sticky":false,"template":"","format":"standard","meta":{"footnotes":""},"categories":[1586],"tags":[11,2125,1777,674,1011,27,2124,12,25],"class_list":{"0":"post-266091","1":"post","2":"type-post","3":"status-publish","4":"format-standard","5":"has-post-thumbnail","7":"category-europe","8":"tag-actualites","9":"tag-depeches-reuters","10":"tag-eu","11":"tag-europe","12":"tag-fr","13":"tag-france","14":"tag-infos-reuters","15":"tag-news","16":"tag-republique-francaise"},"share_on_mastodon":{"url":"https:\/\/pubeurope.com\/@fr\/114898045739379694","error":""},"_links":{"self":[{"href":"https:\/\/www.europesays.com\/fr\/wp-json\/wp\/v2\/posts\/266091","targetHints":{"allow":["GET"]}}],"collection":[{"href":"https:\/\/www.europesays.com\/fr\/wp-json\/wp\/v2\/posts"}],"about":[{"href":"https:\/\/www.europesays.com\/fr\/wp-json\/wp\/v2\/types\/post"}],"author":[{"embeddable":true,"href":"https:\/\/www.europesays.com\/fr\/wp-json\/wp\/v2\/users\/2"}],"replies":[{"embeddable":true,"href":"https:\/\/www.europesays.com\/fr\/wp-json\/wp\/v2\/comments?post=266091"}],"version-history":[{"count":0,"href":"https:\/\/www.europesays.com\/fr\/wp-json\/wp\/v2\/posts\/266091\/revisions"}],"wp:featuredmedia":[{"embeddable":true,"href":"https:\/\/www.europesays.com\/fr\/wp-json\/wp\/v2\/media\/266092"}],"wp:attachment":[{"href":"https:\/\/www.europesays.com\/fr\/wp-json\/wp\/v2\/media?parent=266091"}],"wp:term":[{"taxonomy":"category","embeddable":true,"href":"https:\/\/www.europesays.com\/fr\/wp-json\/wp\/v2\/categories?post=266091"},{"taxonomy":"post_tag","embeddable":true,"href":"https:\/\/www.europesays.com\/fr\/wp-json\/wp\/v2\/tags?post=266091"}],"curies":[{"name":"wp","href":"https:\/\/api.w.org\/{rel}","templated":true}]}}