{"id":266093,"date":"2025-07-22T17:23:14","date_gmt":"2025-07-22T17:23:14","guid":{"rendered":"https:\/\/www.europesays.com\/fr\/266093\/"},"modified":"2025-07-22T17:23:14","modified_gmt":"2025-07-22T17:23:14","slug":"ce-que-dit-lue-sur-lacetamipride-interdit-en-france-mais-toujours-autorise-par-bruxelles","status":"publish","type":"post","link":"https:\/\/www.europesays.com\/fr\/266093\/","title":{"rendered":"ce que dit l\u2019UE sur l\u2019ac\u00e9tamipride, interdit en France mais toujours autoris\u00e9 par Bruxelles"},"content":{"rendered":"<p><strong>D\u00c9CRYPTAGE &#8211; <\/strong>Avant l\u2019\u00e9ventuelle promulgation de la loi Duplomb, adopt\u00e9e le 8 juillet dernier, l\u2019usage du n\u00e9onicotino\u00efde controvers\u00e9 reste interdit en France alors que l\u2019Union europ\u00e9enne l\u2019a autoris\u00e9 jusqu\u2019en 2033. Le Figaro fait le point sur l\u2019\u00e9tat du droit europ\u00e9en \u00e0 ce sujet.<\/p>\n<p class=\"fig-paragraph\">La\u00a0<a href=\"http:\/\/www.lefigaro.fr\/politique\/agriculture-qui-a-vote-la-proposition-de-loi-duplomb-a-l-assemblee-nationale-20250721\" target=\"_blank\" data-fig-type=\"Article\" rel=\"noopener\" data-gtm-custom-categorie=\"navigation\" data-gtm-custom-action=\"crossclick\" data-gtm-custom-label=\"Contextuel\" data-gtm-event=\"customEventSPE\" data-fig-domain=\"LEFIGARO\">loi Duplomb<\/a>, d\u00e9finitivement adopt\u00e9e au Palais Bourbon il y a deux semaines, fait aujourd\u2019hui face \u00e0 une grande contestation. Celle-ci est incarn\u00e9e par une\u00a0<a href=\"http:\/\/www.lefigaro.fr\/politique\/loi-duplomb-une-petition-citoyenne-qui-prone-l-abrogation-du-texte-bat-des-records-sur-le-site-de-l-assemblee-nationale-20250718\" target=\"_blank\" data-fig-type=\"NewsFlash\" rel=\"noopener\" data-gtm-custom-categorie=\"navigation\" data-gtm-custom-action=\"crossclick\" data-gtm-custom-label=\"Contextuel\" data-gtm-event=\"customEventSPE\" data-fig-domain=\"LEFIGARO\">p\u00e9tition<\/a>\u00a0d\u00e9pos\u00e9e sur le site de l\u2019Assembl\u00e9e nationale par\u00a0<a href=\"http:\/\/www.lefigaro.fr\/actualite-france\/je-ne-suis-pas-indispensable-a-ce-debat-qui-est-eleonore-pattery-l-etudiante-a-l-origine-de-la-petition-contre-la-loi-duplomb-20250721\" target=\"_blank\" data-fig-type=\"Article\" rel=\"noopener\" data-gtm-custom-categorie=\"navigation\" data-gtm-custom-action=\"crossclick\" data-gtm-custom-label=\"Contextuel\" data-gtm-event=\"customEventSPE\" data-fig-domain=\"LEFIGARO\">une \u00e9tudiante de 23 ans<\/a>\u00a0qui a recueilli plus d\u20191,6 million de signatures en seulement 12 jours, faisant r\u00e9agir l\u2019ensemble de la classe politique. Les d\u00e9bats se cristallisent autour de la r\u00e9introduction \u00e0 titre d\u00e9rogatoire et sous conditions de l\u2019ac\u00e9tamipride, un pesticide de la famille des n\u00e9onicotino\u00efdes dont les cons\u00e9quences sur l\u2019environnement et la sant\u00e9 humaine inqui\u00e8tent sans \u00eatre consensuelles. Des acteurs du monde agricole comme le pr\u00e9sident de la FNSEA Arnaud Rousseau ont mis en parall\u00e8le l\u2019\u00e9tat du droit fran\u00e7ais avec celui du droit europ\u00e9en pour justifier une telle mesure.<\/p>\n<p class=\"fig-paragraph\">En France, la\u00a0<a href=\"https:\/\/www.vie-publique.fr\/loi\/20711-loi-reconquete-de-la-biodiversite-de-la-nature-et-des-paysages\" target=\"_blank\" rel=\"sponsored noopener\" data-gtm-custom-categorie=\"navigation\" data-gtm-custom-action=\"crossclick\" data-gtm-custom-label=\"Contextuel\" data-gtm-event=\"customEventSPE\">loi pour la reconqu\u00eate de la biodiversit\u00e9 du 8 ao\u00fbt 2016<\/a>\u00a0a interdit l\u2019utilisation de l\u2019ensemble des substances actives de la famille des n\u00e9onicotino\u00efdes dans les produits phytopharmaceutiques\u2026<\/p>\n<p class=\"fig-premium-paywall__infos\">\n        Cet article est r\u00e9serv\u00e9 aux abonn\u00e9s.        Il vous reste 84% \u00e0 d\u00e9couvrir.\n    <\/p>\n<p>                <img  data- alt=\"Le Figaro\" class=\"fig-img--complete fig-img\"\/><\/p>\n<p class=\"fig-premium-paywall__title\">Vous avez envie de lire la suite ?<\/p>\n<p class=\"fig-premium-paywall__subtitle\">D\u00e9bloquez tous les articles imm\u00e9diatement.<\/p>\n<p class=\"fig-premium-paywall__connect\">\n                D\u00e9j\u00e0 abonn\u00e9\u00a0?                <a class=\"fig-premium-paywall__connect-link\" href=\"https:\/\/connect.lefigaro.fr\/login?client=horizon_web&amp;type=main&amp;redirect_uri=https%3A%2F%2Fwww.lefigaro.fr%2Fsciences%2Floi-duplomb-ce-que-dit-l-ue-sur-l-acetamipride-interdit-en-france-mais-toujours-autorise-par-bruxelles-20250722\" data-js-gtm=\"{&quot;customCategorie&quot;: &quot;conversion&quot;, &quot;customAction&quot;: &quot;before_Landing_Connexion_paywall_auto&quot;, &quot;customLabel&quot;: &quot;bGVmaWdhcm8uZnJfXzFmMDY2ZTQ2LTViNmMtNmQyZS1iNDA1LTQxYmQ1YWFjM2JhZV9fQXJ0aWNsZQ==_Loi Duplomb\u00a0: ce que dit l\u2019UE sur l\u2019ac\u00e9tamipride, interdit en France mais toujours autoris\u00e9 par Bruxelles_195&quot;, &quot;customIDSPE&quot;: &quot;bGVmaWdhcm8uZnJfXzFmMDY2ZTQ2LTViNmMtNmQyZS1iNDA1LTQxYmQ1YWFjM2JhZV9fQXJ0aWNsZQ==&quot;, &quot;event&quot;: &quot;customEventSPE&quot;}\" target=\"_blank\" rel=\"noopener\"><br \/>\n                    Connectez-vous<br \/>\n                <\/a>\n            <\/p>\n","protected":false},"excerpt":{"rendered":"D\u00c9CRYPTAGE &#8211; Avant l\u2019\u00e9ventuelle promulgation de la loi Duplomb, adopt\u00e9e le 8 juillet dernier, l\u2019usage du n\u00e9onicotino\u00efde controvers\u00e9&hellip;\n","protected":false},"author":2,"featured_media":266094,"comment_status":"","ping_status":"","sticky":false,"template":"","format":"standard","meta":{"footnotes":""},"categories":[1586],"tags":[11,327,1777,674,1779,1011,27,25756,12,25,1778,364],"class_list":{"0":"post-266093","1":"post","2":"type-post","3":"status-publish","4":"format-standard","5":"has-post-thumbnail","7":"category-europe","8":"tag-actualites","9":"tag-agriculture","10":"tag-eu","11":"tag-europe","12":"tag-european-union","13":"tag-fr","14":"tag-france","15":"tag-neonicotinoides","16":"tag-news","17":"tag-republique-francaise","18":"tag-ue","19":"tag-union-europeenne"},"share_on_mastodon":{"url":"https:\/\/pubeurope.com\/@fr\/114898049700403076","error":""},"_links":{"self":[{"href":"https:\/\/www.europesays.com\/fr\/wp-json\/wp\/v2\/posts\/266093","targetHints":{"allow":["GET"]}}],"collection":[{"href":"https:\/\/www.europesays.com\/fr\/wp-json\/wp\/v2\/posts"}],"about":[{"href":"https:\/\/www.europesays.com\/fr\/wp-json\/wp\/v2\/types\/post"}],"author":[{"embeddable":true,"href":"https:\/\/www.europesays.com\/fr\/wp-json\/wp\/v2\/users\/2"}],"replies":[{"embeddable":true,"href":"https:\/\/www.europesays.com\/fr\/wp-json\/wp\/v2\/comments?post=266093"}],"version-history":[{"count":0,"href":"https:\/\/www.europesays.com\/fr\/wp-json\/wp\/v2\/posts\/266093\/revisions"}],"wp:featuredmedia":[{"embeddable":true,"href":"https:\/\/www.europesays.com\/fr\/wp-json\/wp\/v2\/media\/266094"}],"wp:attachment":[{"href":"https:\/\/www.europesays.com\/fr\/wp-json\/wp\/v2\/media?parent=266093"}],"wp:term":[{"taxonomy":"category","embeddable":true,"href":"https:\/\/www.europesays.com\/fr\/wp-json\/wp\/v2\/categories?post=266093"},{"taxonomy":"post_tag","embeddable":true,"href":"https:\/\/www.europesays.com\/fr\/wp-json\/wp\/v2\/tags?post=266093"}],"curies":[{"name":"wp","href":"https:\/\/api.w.org\/{rel}","templated":true}]}}